{"id":32950,"date":"2025-02-21T15:28:08","date_gmt":"2025-02-21T14:28:08","guid":{"rendered":"https:\/\/bergers-schlagerparadies.de\/?p=32950"},"modified":"2025-02-21T15:28:08","modified_gmt":"2025-02-21T14:28:08","slug":"juli-a-ich-strahle-in-tausend-farben-%c2%b7-bergers-schlagerparadies","status":"publish","type":"post","link":"https:\/\/bergers-schlagerparadies.de\/?p=32950","title":{"rendered":"Juli.A &#8211; Ich strahle in tausend Farben \u00b7 Berger\u00b4s Schlagerparadies"},"content":{"rendered":"<p><img loading=\"lazy\" decoding=\"async\" class=\"size-medium wp-image-32951 alignleft\" src=\"https:\/\/bergers-schlagerparadies.de\/wp-content\/uploads\/2025\/02\/Juli.A-Ich-strahle-in-tausend-Farben-300x300.jpg\" alt=\"\" width=\"300\" height=\"300\" srcset=\"https:\/\/bergers-schlagerparadies.de\/wp-content\/uploads\/2025\/02\/Juli.A-Ich-strahle-in-tausend-Farben-300x300.jpg 300w, https:\/\/bergers-schlagerparadies.de\/wp-content\/uploads\/2025\/02\/Juli.A-Ich-strahle-in-tausend-Farben-1024x1024.jpg 1024w, https:\/\/bergers-schlagerparadies.de\/wp-content\/uploads\/2025\/02\/Juli.A-Ich-strahle-in-tausend-Farben-150x150.jpg 150w, https:\/\/bergers-schlagerparadies.de\/wp-content\/uploads\/2025\/02\/Juli.A-Ich-strahle-in-tausend-Farben-768x768.jpg 768w, https:\/\/bergers-schlagerparadies.de\/wp-content\/uploads\/2025\/02\/Juli.A-Ich-strahle-in-tausend-Farben-1536x1536.jpg 1536w, https:\/\/bergers-schlagerparadies.de\/wp-content\/uploads\/2025\/02\/Juli.A-Ich-strahle-in-tausend-Farben-2048x2048.jpg 2048w, https:\/\/bergers-schlagerparadies.de\/wp-content\/uploads\/2025\/02\/Juli.A-Ich-strahle-in-tausend-Farben-1200x1200.jpg 1200w, https:\/\/bergers-schlagerparadies.de\/wp-content\/uploads\/2025\/02\/Juli.A-Ich-strahle-in-tausend-Farben-1188x1188.jpg 1188w, https:\/\/bergers-schlagerparadies.de\/wp-content\/uploads\/2025\/02\/Juli.A-Ich-strahle-in-tausend-Farben-100x100.jpg 100w\" sizes=\"auto, (max-width: 300px) 100vw, 300px\" \/>Mit ihrer neuesten deutschsprachigen Single \u201eIch strahle in tausend Farben\u201c bringt Juli.A einen kraftvollen und inspirierenden Song \u00fcber Selbstfindung, Selbstvertrauen und den Mut, ganz man selbst zu sein. Das Lied handelt davon, die Maske fallen zu lassen, die wir oft tragen. eine Botschaft, die bei jedem Anklang findet, der jemals mit Unsicherheiten oder dem Druck, sich anzupassen, zu k\u00e4mpfen hatte. Mit viel Gef\u00fchl und einer starken Botschaft inspiriert Juli.A ihre Zuh\u00f6rer, ihren eigenen Weg zu gehen und an sich selbst zu glauben.<\/p>\n<p><span style=\"color: #800000;\"><strong>Quelle: Royal music productions<\/strong><\/span><\/p>\n<p><span style=\"color: #800000;\"><strong>Dieser Song ist ab dem 21.02.2025 auf allen Download- und Streaming-Portalen erh\u00e4ltlich.\u00a0<\/strong><\/span><\/p>\n<p><span style=\"color: #800000;\"><strong>Airdate (f\u00fcr Radiosender): 21.02.2025<\/strong><\/span><\/p>\n","protected":false},"excerpt":{"rendered":"<p>Mit ihrer neuesten deutschsprachigen Single \u201eIch strahle in tausend Farben\u201c bringt Juli.A einen kraftvollen und inspirierenden Song \u00fcber Selbstfindung, Selbstvertrauen und den Mut, ganz man selbst zu sein. Das Lied handelt davon, die Maske fallen zu lassen, die wir oft tragen. eine Botschaft, die bei jedem Anklang findet, der jemals mit Unsicherheiten oder dem Druck, sich anzupassen, zu k\u00e4mpfen hatte. Mit viel Gef\u00fchl und einer starken Botschaft inspiriert Juli.A ihre Zuh\u00f6rer, ihren eigenen Weg zu gehen und an sich selbst zu glauben. Quelle: Royal music productions Dieser Song ist ab dem 21.02.2025 auf allen Download- und Streaming-Portalen erh\u00e4ltlich.\u00a0 Airdate (f\u00fcr Radiosender): 21.02.2025<\/p>\n","protected":false},"author":1,"featured_media":32951,"comment_status":"open","ping_status":"open","sticky":false,"template":"","format":"standard","meta":{"footnotes":""},"categories":[3231,3255,3264,3634],"tags":[3635],"class_list":["post-32950","post","type-post","status-publish","format-standard","has-post-thumbnail","hentry","category-bergers-schlagerparadies","category-deutsch","category-deutsch-pop","category-royal-music-productions","tag-juli-a","wpcat-3231-id","wpcat-3255-id","wpcat-3264-id","wpcat-3634-id"],"_links":{"self":[{"href":"https:\/\/bergers-schlagerparadies.de\/index.php?rest_route=\/wp\/v2\/posts\/32950","targetHints":{"allow":["GET"]}}],"collection":[{"href":"https:\/\/bergers-schlagerparadies.de\/index.php?rest_route=\/wp\/v2\/posts"}],"about":[{"href":"https:\/\/bergers-schlagerparadies.de\/index.php?rest_route=\/wp\/v2\/types\/post"}],"author":[{"embeddable":true,"href":"https:\/\/bergers-schlagerparadies.de\/index.php?rest_route=\/wp\/v2\/users\/1"}],"replies":[{"embeddable":true,"href":"https:\/\/bergers-schlagerparadies.de\/index.php?rest_route=%2Fwp%2Fv2%2Fcomments&post=32950"}],"version-history":[{"count":1,"href":"https:\/\/bergers-schlagerparadies.de\/index.php?rest_route=\/wp\/v2\/posts\/32950\/revisions"}],"predecessor-version":[{"id":32952,"href":"https:\/\/bergers-schlagerparadies.de\/index.php?rest_route=\/wp\/v2\/posts\/32950\/revisions\/32952"}],"wp:featuredmedia":[{"embeddable":true,"href":"https:\/\/bergers-schlagerparadies.de\/index.php?rest_route=\/wp\/v2\/media\/32951"}],"wp:attachment":[{"href":"https:\/\/bergers-schlagerparadies.de\/index.php?rest_route=%2Fwp%2Fv2%2Fmedia&parent=32950"}],"wp:term":[{"taxonomy":"category","embeddable":true,"href":"https:\/\/bergers-schlagerparadies.de\/index.php?rest_route=%2Fwp%2Fv2%2Fcategories&post=32950"},{"taxonomy":"post_tag","embeddable":true,"href":"https:\/\/bergers-schlagerparadies.de\/index.php?rest_route=%2Fwp%2Fv2%2Ftags&post=32950"}],"curies":[{"name":"wp","href":"https:\/\/api.w.org\/{rel}","templated":true}]}}