{"id":32941,"date":"2025-02-21T09:50:33","date_gmt":"2025-02-21T08:50:33","guid":{"rendered":"https:\/\/bergers-schlagerparadies.de\/?p=32941"},"modified":"2025-02-21T09:50:49","modified_gmt":"2025-02-21T08:50:49","slug":"anna-carina-woitschack-remixe-album-%c2%b7-bergers-schlagerparadies","status":"publish","type":"post","link":"https:\/\/bergers-schlagerparadies.de\/?p=32941","title":{"rendered":"Anna-Carina Woitschack &#8211; Remixe (Album) \u00b7 Berger\u00b4s Schlagerparadies"},"content":{"rendered":"<p><img loading=\"lazy\" decoding=\"async\" class=\"size-medium wp-image-32942 alignleft\" src=\"https:\/\/bergers-schlagerparadies.de\/wp-content\/uploads\/2025\/02\/Anna-Carina-Woitschack-Remixe-Album-300x300.jpg\" alt=\"\" width=\"300\" height=\"300\" srcset=\"https:\/\/bergers-schlagerparadies.de\/wp-content\/uploads\/2025\/02\/Anna-Carina-Woitschack-Remixe-Album-300x300.jpg 300w, https:\/\/bergers-schlagerparadies.de\/wp-content\/uploads\/2025\/02\/Anna-Carina-Woitschack-Remixe-Album-1021x1024.jpg 1021w, https:\/\/bergers-schlagerparadies.de\/wp-content\/uploads\/2025\/02\/Anna-Carina-Woitschack-Remixe-Album-150x150.jpg 150w, https:\/\/bergers-schlagerparadies.de\/wp-content\/uploads\/2025\/02\/Anna-Carina-Woitschack-Remixe-Album-768x770.jpg 768w, https:\/\/bergers-schlagerparadies.de\/wp-content\/uploads\/2025\/02\/Anna-Carina-Woitschack-Remixe-Album-1197x1200.jpg 1197w, https:\/\/bergers-schlagerparadies.de\/wp-content\/uploads\/2025\/02\/Anna-Carina-Woitschack-Remixe-Album-1188x1191.jpg 1188w, https:\/\/bergers-schlagerparadies.de\/wp-content\/uploads\/2025\/02\/Anna-Carina-Woitschack-Remixe-Album-100x100.jpg 100w, https:\/\/bergers-schlagerparadies.de\/wp-content\/uploads\/2025\/02\/Anna-Carina-Woitschack-Remixe-Album.jpg 1200w\" sizes=\"auto, (max-width: 300px) 100vw, 300px\" \/>Das Jahr 2025 k\u00f6nnte f\u00fcr Anna-Carina Woitschack nicht spannender starten. Nach der Ver\u00f6ffentlichung ihrer neuen Single \u201eSpring mit mir\u201c und den vielf\u00e4ltigen Erfahrungen in Australien im legend\u00e4ren RTL-Dschungelcamp, erscheint am 21. Februar 2025 das Album \u201eRemixe\u201c.<\/p>\n<p>Vor 14 Jahren begann Anna-Carina Woitschack ihre musikalische Reise bei \u201eDSDS\u201c \u2013 seitdem befindet sich das Allroundtalent auf der \u00dcberholspur. Ihre Alben \u201eTr\u00e4umer\u201c, \u201eLichtblicke\u201c, das gro\u00dfe \u201eBest of\u201c und \u201eMeine Zeit\u201c landeten allesamt in den Top10 der deutschen Album-Charts. Mit ihrem aktuellen Album konnte Anna-Carina mit Platz 3 sogar den besten Chart-Entry ihrer Karriere feiern. Die Fangemeinde w\u00e4chst stetig und eines steht bereits jetzt fest: 2025 geht die Erfolgsgeschichte von Anna-Carina Woitschack weiter: zu Beginn des neuen Jahres ver\u00f6ffentlichte sie ihre neue Single \u201eSpring mit mir\u201c, ein Vorbote aus dem kommenden Album \u201eAbenteuerlust\u201c, Mitte Januar zog sie als Teilnehmerin der Sendung \u201eIch bin ein Star \u2013 holt mich hier raus\u201c ins beliebte Dschungelcamp &#8211; und Ihre Fans d\u00fcrfen sich bereits jetzt auf den 21. Februar freuen \u2013 da erscheint n\u00e4mlich ein ganz besonderes Album!<\/p>\n<p>Auf \u201eRemixe\u201c erwarten uns bereits tanzfl\u00e4chenerprobte Remixe, darunter nat\u00fcrlich der Nummer-Eins-Airplay-Hit \u201eMach das nochmal mit mir\u201c und die Single \u201eK\u00fcss mich wach\u201c, die sich ebenso wochenlang in den Top10 der Charts hielt. Auch die Radiohits \u201eLegend\u00e4r\u201c, \u201eDavon will ich mehr\u201c und \u201eEinmal unendlich\u201c d\u00fcrfen nat\u00fcrlich nicht fehlen. On top Hinzu gibt es auf dem Album aber auch neue Versionen von einigen Songs aus dem noch aktuellen Album \u201eMeine Zeit\u201c. Darunter die erste Single-Auskopplung \u201eSmalltalk\u201c, der Gute-Laune-Titel \u201eDie Welt umarmen\u201c und die etwas frechere Nummer \u201eMein Herz ist doch kein Hotel\u201c. Ein besonderes Highlight ist auch das Duett mit der Mountain Crew \u201eProsecco zum Fr\u00fchst\u00fcck\u201c \u2013 diesen Song bekommt man mit seinem eing\u00e4ngigen Refrain nicht mehr aus dem Kopf. Anna-Carina Woitschack: \u201eDie Titel auf dem Album sind von mir pers\u00f6nlich ausgesucht worden. Ich wollte von einigen Liedern auch neue Versionen haben, zum Beispiel von \u201aLichterloh\u2018. Der Ultra Fox Remix darf einfach auf keiner Schlagerparty fehlen.\u201c<\/p>\n<p>Das Sahneh\u00e4ubchen des Albums ist die Remix-Version der brandneuen Single \u201eSpring mit mir\u201c, die der exklusive Vorbote auf das neue Album von Anna-Carina Woitschack ist. Produziert wurde die Nummer von den internationalen Erfolgsproduzenten Alexs White &amp; Alexander Strasser in den K\u00f6lner Sunset Studios. Das Erfolgsduo ist seit Jahren ein Garant f\u00fcr Hits \u2013 so vertrauten bereits Helene Fischer, Andrea Berg oder auch DJ Bobo auf das K\u00f6nnen der beiden.<\/p>\n<p>Auf \u201eMeine Zeit\u201c lieferten White &amp; Strasser einige Songs, die nun f\u00fcr das \u201eRemixe\u201c-Album neu gemastert wurden. Die Titel der anderen Alben stammen von Hit-Produzent Oli Nova, der bereits erfolgreich Songs f\u00fcr Maite Kelly oder auch Semino Rossi produziert hat.<br \/>\nAnna-Carina Woitschack: \u201eEs ist eine bunte Mischung f\u00fcr meine treuen Fans, die nun alle Remixe auf einem Album haben. Ich pers\u00f6nlich bin ein gro\u00dfer Fan von Remixen und mir ist es auch immer wichtig, dass wir f\u00fcr die meisten meiner Nummern solche Versionen haben. Das wertet einen Titel immer auf und ist vor allem perfekt f\u00fcr die Tanzfl\u00e4chen und meine Live-Auftritte.\u201c<\/p>\n<p>F\u00fcr das neue Jahre hat die S\u00e4ngerin gro\u00dfe Pl\u00e4ne und wird am 22. August mit \u201eAbenteuerlust\u201c ein neues Album ver\u00f6ffentlichen, auf das die Fans schon gespannt sein k\u00f6nnen. Die Social Media Community von Anna-Carina wird immer gr\u00f6\u00dfer und bei ihren vielen Live-Auftritten l\u00e4sst sie die Herzen des Publikums auch 2025 wieder h\u00f6herschlagen.<\/p>\n<p>Das Album \u201eRemixe\u201c von Anna-Carina Woitschack erscheint am 21. Februar 2025 bei TELAMO.<\/p>\n<p><span style=\"color: #800000;\"><strong>Quelle: Telamo<\/strong><\/span><\/p>\n<p><span style=\"color: #800000;\"><strong>Dieses Album ist ab dem 21.02.2025 auf allen Download- und Streaming-Portalen erh\u00e4ltlich.\u00a0<\/strong><\/span><\/p>\n<p><span style=\"color: #800000;\"><strong>Airdate (f\u00fcr Radiosender): 21.02.2025<\/strong><\/span><\/p>\n","protected":false},"excerpt":{"rendered":"<p>Das Jahr 2025 k\u00f6nnte f\u00fcr Anna-Carina Woitschack nicht spannender starten. Nach der Ver\u00f6ffentlichung ihrer neuen Single \u201eSpring mit mir\u201c und den vielf\u00e4ltigen Erfahrungen in Australien im legend\u00e4ren RTL-Dschungelcamp, erscheint am 21. Februar 2025 das Album \u201eRemixe\u201c. Vor 14 Jahren begann Anna-Carina Woitschack ihre musikalische Reise bei \u201eDSDS\u201c \u2013 seitdem befindet sich das Allroundtalent auf der \u00dcberholspur. Ihre Alben \u201eTr\u00e4umer\u201c, \u201eLichtblicke\u201c, das gro\u00dfe \u201eBest of\u201c und \u201eMeine Zeit\u201c landeten allesamt in den Top10 der deutschen Album-Charts. Mit ihrem aktuellen Album konnte Anna-Carina mit Platz 3 sogar den besten Chart-Entry ihrer Karriere feiern. Die Fangemeinde w\u00e4chst stetig und eines steht bereits jetzt fest: 2025 geht die Erfolgsgeschichte&#8230;<\/p>\n","protected":false},"author":1,"featured_media":32942,"comment_status":"open","ping_status":"open","sticky":false,"template":"","format":"standard","meta":{"footnotes":""},"categories":[3257,3231,2,3239],"tags":[567],"class_list":["post-32941","post","type-post","status-publish","format-standard","has-post-thumbnail","hentry","category-album","category-bergers-schlagerparadies","category-schlager","category-telamo","tag-anna-carina-woitschack","wpcat-3257-id","wpcat-3231-id","wpcat-2-id","wpcat-3239-id"],"_links":{"self":[{"href":"https:\/\/bergers-schlagerparadies.de\/index.php?rest_route=\/wp\/v2\/posts\/32941","targetHints":{"allow":["GET"]}}],"collection":[{"href":"https:\/\/bergers-schlagerparadies.de\/index.php?rest_route=\/wp\/v2\/posts"}],"about":[{"href":"https:\/\/bergers-schlagerparadies.de\/index.php?rest_route=\/wp\/v2\/types\/post"}],"author":[{"embeddable":true,"href":"https:\/\/bergers-schlagerparadies.de\/index.php?rest_route=\/wp\/v2\/users\/1"}],"replies":[{"embeddable":true,"href":"https:\/\/bergers-schlagerparadies.de\/index.php?rest_route=%2Fwp%2Fv2%2Fcomments&post=32941"}],"version-history":[{"count":2,"href":"https:\/\/bergers-schlagerparadies.de\/index.php?rest_route=\/wp\/v2\/posts\/32941\/revisions"}],"predecessor-version":[{"id":32944,"href":"https:\/\/bergers-schlagerparadies.de\/index.php?rest_route=\/wp\/v2\/posts\/32941\/revisions\/32944"}],"wp:featuredmedia":[{"embeddable":true,"href":"https:\/\/bergers-schlagerparadies.de\/index.php?rest_route=\/wp\/v2\/media\/32942"}],"wp:attachment":[{"href":"https:\/\/bergers-schlagerparadies.de\/index.php?rest_route=%2Fwp%2Fv2%2Fmedia&parent=32941"}],"wp:term":[{"taxonomy":"category","embeddable":true,"href":"https:\/\/bergers-schlagerparadies.de\/index.php?rest_route=%2Fwp%2Fv2%2Fcategories&post=32941"},{"taxonomy":"post_tag","embeddable":true,"href":"https:\/\/bergers-schlagerparadies.de\/index.php?rest_route=%2Fwp%2Fv2%2Ftags&post=32941"}],"curies":[{"name":"wp","href":"https:\/\/api.w.org\/{rel}","templated":true}]}}