{"id":32831,"date":"2025-02-17T10:30:26","date_gmt":"2025-02-17T09:30:26","guid":{"rendered":"https:\/\/bergers-schlagerparadies.de\/?p=32831"},"modified":"2025-02-15T15:09:21","modified_gmt":"2025-02-15T14:09:21","slug":"andreas-lawo-ja-nein-vielleicht-%c2%b7-bergers-schlagerparadies","status":"publish","type":"post","link":"https:\/\/bergers-schlagerparadies.de\/?p=32831","title":{"rendered":"Andreas Lawo &#8211; Ja, Nein, Vielleicht \u00b7 Berger\u00b4s Schlagerparadies"},"content":{"rendered":"<p><img loading=\"lazy\" decoding=\"async\" class=\"size-medium wp-image-32832 alignleft\" src=\"https:\/\/bergers-schlagerparadies.de\/wp-content\/uploads\/2025\/02\/Andreas-Lawo-Ja-Nein-Vielleicht-300x300.jpg\" alt=\"\" width=\"300\" height=\"300\" srcset=\"https:\/\/bergers-schlagerparadies.de\/wp-content\/uploads\/2025\/02\/Andreas-Lawo-Ja-Nein-Vielleicht-300x300.jpg 300w, https:\/\/bergers-schlagerparadies.de\/wp-content\/uploads\/2025\/02\/Andreas-Lawo-Ja-Nein-Vielleicht-1024x1024.jpg 1024w, https:\/\/bergers-schlagerparadies.de\/wp-content\/uploads\/2025\/02\/Andreas-Lawo-Ja-Nein-Vielleicht-150x150.jpg 150w, https:\/\/bergers-schlagerparadies.de\/wp-content\/uploads\/2025\/02\/Andreas-Lawo-Ja-Nein-Vielleicht-768x768.jpg 768w, https:\/\/bergers-schlagerparadies.de\/wp-content\/uploads\/2025\/02\/Andreas-Lawo-Ja-Nein-Vielleicht-1536x1536.jpg 1536w, https:\/\/bergers-schlagerparadies.de\/wp-content\/uploads\/2025\/02\/Andreas-Lawo-Ja-Nein-Vielleicht-2048x2048.jpg 2048w, https:\/\/bergers-schlagerparadies.de\/wp-content\/uploads\/2025\/02\/Andreas-Lawo-Ja-Nein-Vielleicht-1200x1200.jpg 1200w, https:\/\/bergers-schlagerparadies.de\/wp-content\/uploads\/2025\/02\/Andreas-Lawo-Ja-Nein-Vielleicht-1188x1188.jpg 1188w, https:\/\/bergers-schlagerparadies.de\/wp-content\/uploads\/2025\/02\/Andreas-Lawo-Ja-Nein-Vielleicht-100x100.jpg 100w\" sizes=\"auto, (max-width: 300px) 100vw, 300px\" \/>Mit seinem neuen Song \u201eJa, Nein, Vielleicht\u201c bringt Andreas Lawo ein St\u00fcck Nostalgie zur\u00fcck in die Herzen seiner Fans. Der Popschlager-Titel erz\u00e4hlt die charmante Geschichte eines kleinen Liebesbriefs aus der Schulzeit &#8211; eine Situation, die wohl jeder schon einmal erlebt hat: Das nerv\u00f6se Kribbeln beim Schreiben, die Frage, ob man den Mut aufbringt, den Brief zu \u00fcbergeben, und die Spannung, ob die Antwort Ja, Nein oder doch Vielleicht lautet. Der Song verbindet zeitlose Erinnerungen mit dem typischen Popschlager-Sound, f\u00fcr den Andreas Lawo bekannt ist. \u201eJa, Nein, Vielleicht\u201c zeigt einmal mehr, warum Andreas Lawo aus der deutschen Schlagerszene nicht wegzudenken ist.<br \/>\nDie Single erscheint am 21. Februar 2025 und wird auf allen bekannten Streamingplattformen verf\u00fcgbar sein. Mit eing\u00e4ngigen Melodien und einer authentischen Geschichte l\u00e4dt Andreas Lawo zum Mitsingen, Tanzen und Tr\u00e4umen ein.<\/p>\n<p><span style=\"color: #800000;\"><strong>Quelle: Hitmix Music<\/strong><\/span><\/p>\n<p><span style=\"color: #800000;\"><strong>Dieser Song ist ab dem 21.02.2025 auf allen Download- und Streaming-Portalen erh\u00e4ltlich.\u00a0<\/strong><\/span><\/p>\n<p><span style=\"color: #800000;\"><strong>Airdate (f\u00fcr Radiosender): 14.02.2025<\/strong><\/span><\/p>\n","protected":false},"excerpt":{"rendered":"<p>Mit seinem neuen Song \u201eJa, Nein, Vielleicht\u201c bringt Andreas Lawo ein St\u00fcck Nostalgie zur\u00fcck in die Herzen seiner Fans. Der Popschlager-Titel erz\u00e4hlt die charmante Geschichte eines kleinen Liebesbriefs aus der Schulzeit &#8211; eine Situation, die wohl jeder schon einmal erlebt hat: Das nerv\u00f6se Kribbeln beim Schreiben, die Frage, ob man den Mut aufbringt, den Brief zu \u00fcbergeben, und die Spannung, ob die Antwort Ja, Nein oder doch Vielleicht lautet. Der Song verbindet zeitlose Erinnerungen mit dem typischen Popschlager-Sound, f\u00fcr den Andreas Lawo bekannt ist. \u201eJa, Nein, Vielleicht\u201c zeigt einmal mehr, warum Andreas Lawo aus der deutschen Schlagerszene nicht wegzudenken ist. Die Single erscheint am 21&#8230;.<\/p>\n","protected":false},"author":1,"featured_media":32832,"comment_status":"open","ping_status":"open","sticky":false,"template":"","format":"standard","meta":{"footnotes":""},"categories":[3231,3255,3264,3310,3265],"tags":[825],"class_list":["post-32831","post","type-post","status-publish","format-standard","has-post-thumbnail","hentry","category-bergers-schlagerparadies","category-deutsch","category-deutsch-pop","category-hitmix-music","category-schlager-party","tag-andreas-lawo","wpcat-3231-id","wpcat-3255-id","wpcat-3264-id","wpcat-3310-id","wpcat-3265-id"],"_links":{"self":[{"href":"https:\/\/bergers-schlagerparadies.de\/index.php?rest_route=\/wp\/v2\/posts\/32831","targetHints":{"allow":["GET"]}}],"collection":[{"href":"https:\/\/bergers-schlagerparadies.de\/index.php?rest_route=\/wp\/v2\/posts"}],"about":[{"href":"https:\/\/bergers-schlagerparadies.de\/index.php?rest_route=\/wp\/v2\/types\/post"}],"author":[{"embeddable":true,"href":"https:\/\/bergers-schlagerparadies.de\/index.php?rest_route=\/wp\/v2\/users\/1"}],"replies":[{"embeddable":true,"href":"https:\/\/bergers-schlagerparadies.de\/index.php?rest_route=%2Fwp%2Fv2%2Fcomments&post=32831"}],"version-history":[{"count":1,"href":"https:\/\/bergers-schlagerparadies.de\/index.php?rest_route=\/wp\/v2\/posts\/32831\/revisions"}],"predecessor-version":[{"id":32834,"href":"https:\/\/bergers-schlagerparadies.de\/index.php?rest_route=\/wp\/v2\/posts\/32831\/revisions\/32834"}],"wp:featuredmedia":[{"embeddable":true,"href":"https:\/\/bergers-schlagerparadies.de\/index.php?rest_route=\/wp\/v2\/media\/32832"}],"wp:attachment":[{"href":"https:\/\/bergers-schlagerparadies.de\/index.php?rest_route=%2Fwp%2Fv2%2Fmedia&parent=32831"}],"wp:term":[{"taxonomy":"category","embeddable":true,"href":"https:\/\/bergers-schlagerparadies.de\/index.php?rest_route=%2Fwp%2Fv2%2Fcategories&post=32831"},{"taxonomy":"post_tag","embeddable":true,"href":"https:\/\/bergers-schlagerparadies.de\/index.php?rest_route=%2Fwp%2Fv2%2Ftags&post=32831"}],"curies":[{"name":"wp","href":"https:\/\/api.w.org\/{rel}","templated":true}]}}