{"id":32821,"date":"2025-02-14T15:18:20","date_gmt":"2025-02-14T14:18:20","guid":{"rendered":"https:\/\/bergers-schlagerparadies.de\/?p=32821"},"modified":"2025-02-14T15:18:35","modified_gmt":"2025-02-14T14:18:35","slug":"anke-fuerst-meine-antwort-ist-ja-%c2%b7-bergers-schlagerparadies","status":"publish","type":"post","link":"https:\/\/bergers-schlagerparadies.de\/?p=32821","title":{"rendered":"Anke F\u00fcrst &#8211; Meine Antwort ist ja \u00b7 Berger\u00b4s Schlagerparadies"},"content":{"rendered":"<p><img loading=\"lazy\" decoding=\"async\" class=\"size-medium wp-image-32822 alignleft\" src=\"https:\/\/bergers-schlagerparadies.de\/wp-content\/uploads\/2025\/02\/Anke-Fuerst-Meine-Antwort-ist-ja-300x300.jpg\" alt=\"\" width=\"300\" height=\"300\" srcset=\"https:\/\/bergers-schlagerparadies.de\/wp-content\/uploads\/2025\/02\/Anke-Fuerst-Meine-Antwort-ist-ja-300x300.jpg 300w, https:\/\/bergers-schlagerparadies.de\/wp-content\/uploads\/2025\/02\/Anke-Fuerst-Meine-Antwort-ist-ja-1024x1024.jpg 1024w, https:\/\/bergers-schlagerparadies.de\/wp-content\/uploads\/2025\/02\/Anke-Fuerst-Meine-Antwort-ist-ja-150x150.jpg 150w, https:\/\/bergers-schlagerparadies.de\/wp-content\/uploads\/2025\/02\/Anke-Fuerst-Meine-Antwort-ist-ja-768x768.jpg 768w, https:\/\/bergers-schlagerparadies.de\/wp-content\/uploads\/2025\/02\/Anke-Fuerst-Meine-Antwort-ist-ja-1536x1536.jpg 1536w, https:\/\/bergers-schlagerparadies.de\/wp-content\/uploads\/2025\/02\/Anke-Fuerst-Meine-Antwort-ist-ja-2048x2048.jpg 2048w, https:\/\/bergers-schlagerparadies.de\/wp-content\/uploads\/2025\/02\/Anke-Fuerst-Meine-Antwort-ist-ja-1200x1200.jpg 1200w, https:\/\/bergers-schlagerparadies.de\/wp-content\/uploads\/2025\/02\/Anke-Fuerst-Meine-Antwort-ist-ja-1188x1188.jpg 1188w, https:\/\/bergers-schlagerparadies.de\/wp-content\/uploads\/2025\/02\/Anke-Fuerst-Meine-Antwort-ist-ja-100x100.jpg 100w\" sizes=\"auto, (max-width: 300px) 100vw, 300px\" \/>Meine Antwort ist ja \u2013 So heisst die brandneue Single von Anke F\u00fcrst die zum Jahresbeginn erscheint und eine weitere Auskopplung aus ihrem aktuellen Album \u201eAlarmstufe Rot\u201c ist.<\/p>\n<p>Wahrscheinlich tr\u00e4umen viele Frauen davon irgendwann den perfekten Prinzen zu treffen und als Prinzessin vor den Traualtar gef\u00fchrt zu werden. Diesen Traum tr\u00e4umte auch Anke F\u00fcrst bis es im Dezember 2024 endlich soweit war. An Heilig Abend bekam sie nach fast 13 Jahren Beziehung ihren Antrag. Eine Geschichte die Songwriter Jim Mertens in einen wunderbaren Text verpackte. Produziert und Komponiert von Denny Schulze entstand ein energiegeladener Discofox der mitrei\u00dfend produziert vor allem durch die fantastische Stimme der K\u00fcnstlerin erz\u00e4hlt wird.<\/p>\n<p>\u00dcBER<br \/>\nAnke F\u00fcrst ( *1982 in W\u00fcrselen \/ NRW ) ver\u00f6ffentlichte im Jahr 2012 ihre erste Single \u201eNur mit dir&#8220; und schaffte auf Anhieb den Einstieg in die offiziellen Airplaycharts (deutsch konservativ). Mit ihrem Deb\u00fct Album Himmel stellte sie im Jahr 2015 ihre erste LP vor. Nach 20 Singlever\u00f6ffentlichungen und diversen TV Auftritten erschien im Jahr 2024 ihr zweites Album \u201eAlarmstufe Rot\u201c. Anke F\u00fcrst lebt in Bornheim bei K\u00f6ln und arbeitet als Verwaltungsfachangestellte an einer Universit\u00e4t.<\/p>\n<p>Die neue Single ist ab dem 14.02.2025 bundesweit als Download &amp; Stream in allen g\u00e4ngigen Portalen erh\u00e4ltlich und erscheint auf dem Label Pulsschlag Music im Vertrieb der DA Music.<\/p>\n<p><span style=\"color: #800000;\"><strong>Quelle: Pulsschlag<\/strong><\/span><\/p>\n<p><span style=\"color: #800000;\"><strong>Dieser Song ist ab dem 14.02.2025 auf allen Download- und Streaming-Portalen erh\u00e4ltlich.\u00a0<\/strong><\/span><\/p>\n<p><span style=\"color: #800000;\"><strong>Airdate (f\u00fcr Radiosender): 14.02.2025<\/strong><\/span><\/p>\n","protected":false},"excerpt":{"rendered":"<p>Meine Antwort ist ja \u2013 So heisst die brandneue Single von Anke F\u00fcrst die zum Jahresbeginn erscheint und eine weitere Auskopplung aus ihrem aktuellen Album \u201eAlarmstufe Rot\u201c ist. Wahrscheinlich tr\u00e4umen viele Frauen davon irgendwann den perfekten Prinzen zu treffen und als Prinzessin vor den Traualtar gef\u00fchrt zu werden. Diesen Traum tr\u00e4umte auch Anke F\u00fcrst bis es im Dezember 2024 endlich soweit war. An Heilig Abend bekam sie nach fast 13 Jahren Beziehung ihren Antrag. Eine Geschichte die Songwriter Jim Mertens in einen wunderbaren Text verpackte. Produziert und Komponiert von Denny Schulze entstand ein energiegeladener Discofox der mitrei\u00dfend produziert vor allem durch die fantastische Stimme der&#8230;<\/p>\n","protected":false},"author":1,"featured_media":32822,"comment_status":"open","ping_status":"open","sticky":false,"template":"","format":"standard","meta":{"footnotes":""},"categories":[3231,3255,3502],"tags":[2819],"class_list":["post-32821","post","type-post","status-publish","format-standard","has-post-thumbnail","hentry","category-bergers-schlagerparadies","category-deutsch","category-pulsschlag","tag-anke-fuerst","wpcat-3231-id","wpcat-3255-id","wpcat-3502-id"],"_links":{"self":[{"href":"https:\/\/bergers-schlagerparadies.de\/index.php?rest_route=\/wp\/v2\/posts\/32821","targetHints":{"allow":["GET"]}}],"collection":[{"href":"https:\/\/bergers-schlagerparadies.de\/index.php?rest_route=\/wp\/v2\/posts"}],"about":[{"href":"https:\/\/bergers-schlagerparadies.de\/index.php?rest_route=\/wp\/v2\/types\/post"}],"author":[{"embeddable":true,"href":"https:\/\/bergers-schlagerparadies.de\/index.php?rest_route=\/wp\/v2\/users\/1"}],"replies":[{"embeddable":true,"href":"https:\/\/bergers-schlagerparadies.de\/index.php?rest_route=%2Fwp%2Fv2%2Fcomments&post=32821"}],"version-history":[{"count":1,"href":"https:\/\/bergers-schlagerparadies.de\/index.php?rest_route=\/wp\/v2\/posts\/32821\/revisions"}],"predecessor-version":[{"id":32823,"href":"https:\/\/bergers-schlagerparadies.de\/index.php?rest_route=\/wp\/v2\/posts\/32821\/revisions\/32823"}],"wp:featuredmedia":[{"embeddable":true,"href":"https:\/\/bergers-schlagerparadies.de\/index.php?rest_route=\/wp\/v2\/media\/32822"}],"wp:attachment":[{"href":"https:\/\/bergers-schlagerparadies.de\/index.php?rest_route=%2Fwp%2Fv2%2Fmedia&parent=32821"}],"wp:term":[{"taxonomy":"category","embeddable":true,"href":"https:\/\/bergers-schlagerparadies.de\/index.php?rest_route=%2Fwp%2Fv2%2Fcategories&post=32821"},{"taxonomy":"post_tag","embeddable":true,"href":"https:\/\/bergers-schlagerparadies.de\/index.php?rest_route=%2Fwp%2Fv2%2Ftags&post=32821"}],"curies":[{"name":"wp","href":"https:\/\/api.w.org\/{rel}","templated":true}]}}