{"id":32684,"date":"2025-02-11T10:33:32","date_gmt":"2025-02-11T09:33:32","guid":{"rendered":"https:\/\/bergers-schlagerparadies.de\/?p=32684"},"modified":"2025-02-11T10:33:32","modified_gmt":"2025-02-11T09:33:32","slug":"daniel-aminati-steh-auf-%c2%b7-bergers-schlagerparadies","status":"publish","type":"post","link":"https:\/\/bergers-schlagerparadies.de\/?p=32684","title":{"rendered":"Daniel Aminati &#8211; Steh auf \u00b7 Berger\u00b4s Schlagerparadies"},"content":{"rendered":"<p><img loading=\"lazy\" decoding=\"async\" class=\"size-medium wp-image-32685 alignleft\" src=\"https:\/\/bergers-schlagerparadies.de\/wp-content\/uploads\/2025\/02\/Daniel-Aminati-Steh-auf-300x300.jpg\" alt=\"\" width=\"300\" height=\"300\" srcset=\"https:\/\/bergers-schlagerparadies.de\/wp-content\/uploads\/2025\/02\/Daniel-Aminati-Steh-auf-300x300.jpg 300w, https:\/\/bergers-schlagerparadies.de\/wp-content\/uploads\/2025\/02\/Daniel-Aminati-Steh-auf-1024x1024.jpg 1024w, https:\/\/bergers-schlagerparadies.de\/wp-content\/uploads\/2025\/02\/Daniel-Aminati-Steh-auf-150x150.jpg 150w, https:\/\/bergers-schlagerparadies.de\/wp-content\/uploads\/2025\/02\/Daniel-Aminati-Steh-auf-768x768.jpg 768w, https:\/\/bergers-schlagerparadies.de\/wp-content\/uploads\/2025\/02\/Daniel-Aminati-Steh-auf-1200x1200.jpg 1200w, https:\/\/bergers-schlagerparadies.de\/wp-content\/uploads\/2025\/02\/Daniel-Aminati-Steh-auf-1188x1188.jpg 1188w, https:\/\/bergers-schlagerparadies.de\/wp-content\/uploads\/2025\/02\/Daniel-Aminati-Steh-auf-100x100.jpg 100w, https:\/\/bergers-schlagerparadies.de\/wp-content\/uploads\/2025\/02\/Daniel-Aminati-Steh-auf.jpg 1400w\" sizes=\"auto, (max-width: 300px) 100vw, 300px\" \/>Inspirierende und pers\u00f6nliche Messages machen dieses Comeback so einzigartig: TV-Allrounder Daniel Aminati kehrt zur\u00fcck ins Studio und l\u00e4utet das n\u00e4chste musikalische Kapitel ein!<\/p>\n<p>Die extrem pers\u00f6nliche neue Single \u201eSteh auf\u201c erscheint am 14. Februar 2025 bei TELAMO \u2013 jetzt reinh\u00f6ren!<\/p>\n<p>Er ist der ultimative Entertainment-Ambassador, Moderator, Schauspieler, Buchautor, Motivations- und Fitness-Influencer, nicht zuletzt auch Ex-Boygroup-Star und Solo-Hitmaker: Seit \u00fcber 30 Jahren begeistert und inspiriert Daniel Aminati die Menschen auf unterschiedlichste Weise, weshalb seine Follower-Zahlen in den Socials schon seit Jahren im siebenstelligen Bereich liegen. Das Jahr 2025 steht nun endlich wieder ganz im Zeichen seiner ersten und gr\u00f6\u00dften Leidenschaft \u2013 denn er meldet sich zur\u00fcck mit neuer Musik! Als erste Single erscheint der extrem pers\u00f6nliche Comeback-Titel \u201eSteh auf\u201c beim neuen Labelpartner TELAMO \u2013 ab dem 14. Februar im Stream.<\/p>\n<p>Gab es zuletzt in seinen Socials immer wieder bewegende Coverversionen zu h\u00f6ren, die er mit (Klavier-)Begleitung seiner Frau Patrice eingesungen hat, schl\u00e4gt Daniel Aminati nun also auch offiziell das n\u00e4chste musikalische Kapitel auf \u2013 und klingt auch hier so inspirierend und authentisch, wie man ihn kennt: \u201eIch wei\u00df, du kannst das, auch wenn du Angst hast\u201c, hei\u00dft eine von vielen lebensbejahenden Zeilen, wenn der Vater einer zweij\u00e4hrigen Tochter endlich wieder leere Seiten mit packenden neuen Zeilen f\u00fcllt \u2013 \u201ekomm, wir schreiben Lebensgeschichte\u201c!<\/p>\n<p>\u201e\u2026 ja, wir fallen 1000 Mal hin, aber die Angst darf nicht gewinnen\u201c<\/p>\n<p>Gemeinsam mit einem hochkar\u00e4tigen Songwriting-Team (u.a. T. Tan, A. Voss) um Producer Oli Nova von ihm selbst als Autor mit verfasst, beginnt das programmatische \u201eSteh auf\u201c zun\u00e4chst ganz ruhig mit Gesang und Klaviersounds \u2013 doch seine Zuversicht l\u00e4sst schon bald das komplette Arrangement abheben: \u201eUnd wir stehen wieder auf, hier kommt ein neuer Tag\u201c, singt Daniel Aminati und bringt damit tats\u00e4chlich Licht ins Dunkel. Bevor sp\u00e4ter auch Streicher &amp; Co. im epischen Finale aufblitzen, wird seine Stimme von grandiosen Gospel-Backgroundges\u00e4ngen eingerahmt, die gemeinsam mit ihm das Leben im Hier und Jetzt zelebrieren \u2013 \u201esteh auf, weil die Hoffnung ewig lebt\u201c.<\/p>\n<p>F\u00fcr Daniel Aminati haben diese inspirierenden Zeilen eine ganz besondere Bedeutung \u2013 denn sie sind, wie viele seiner neuen Songs, das Resultat einer besonders schwierigen Lebensphase, nachdem bei seiner Frau Patrice schon 2023 schwarzer Hautkrebs diagnostiziert worden war. Er habe all seine Gedanken und Gef\u00fchle aus dieser Zeit eingebracht, als es mit seinem Songwriting-Team schlie\u00dflich wieder ins Studio ging, weshalb er sich auf den ersten neuen Singles so pers\u00f6nlich und lebensnah wie nie zuvor pr\u00e4sentiert. Wie im Titel schon angedeutet, gehe es bei \u201eSteh auf\u201c letztlich darum, \u201enie aufzugeben und durchzuhalten\u201c, so der Allrounder \u00fcber die epische Comeback-Hymne, f\u00fcr die er auf zeitlosen Pop und gef\u00fchlvolle Rockballaden- und Gospel-Elemente setzt.<\/p>\n<p>\u201eWir alle kennen Situationen, in denen wir das Gef\u00fchl haben, dass wir nicht weiterkommen , wir einfach nicht zufrieden sind obgleich wir uns so sehr bem\u00fchen \u2026,dass unsere \u00c4ngste das Ruder \u00fcbernehmen. Ich glaube, jeder Tag bietet neue M\u00f6glichkeiten und Chancen. Wichtig ist, dass wir in Bewegung bleiben. Und genau deshalb: Steh auf \u2013 und bleib in der Zuversicht\u201c, so der S\u00e4nger, der in den letzten zwei Jahren Botschaften wie diese immer wieder beherzigen musste.<\/p>\n<p>Geb\u00fcrtig aus Aachen, fungierte die Musik genau genommen als Startschuss f\u00fcr Daniel Aminatis Ausnahmekarriere: Bereits in den fr\u00fchen Neunzigern mit der Boyband Bed &amp; Breakfast in den Top-20 der deutschen Albumcharts angekommen (und: 1m+ verkaufte Tontr\u00e4ger!), mischte er schon vor der Jahrtausendwende auch als Solo-Musiker die Singlecharts auf (u.a. \u201eTurn Me Up!\u201c), wobei er parallel dazu auch das Moderieren und die Schauspielerei f\u00fcr sich entdeckte. Seither quasi nonstop vor der Kamera \u2013 vor \u201etaff\u201c u.a. auch lange Zeit bei \u201eGalileo\u201c, ganz zu schweigen von Kino-Gastspielen (\u201eEr ist wieder da\u201c), eindrucksvollen Hollywood-Synchronrollen (\u201eFerdinand\u201c!) und diversen Gastauftritten in TV-Serien \u2013, z\u00e4hlt er seit gut 10 Jahren auch zu den gr\u00f6\u00dften Fitness-Influencern, u.a. als Gesicht von \u201eMach dich krass\u201c. Auch im Primetime-TV f\u00fcr seine sportlichen Leistungen bekannt (u.a. \u201eProSieben Promiboxen\u201c, \u201eSchlag den Star\u201c und, legend\u00e4r: \u201eTV total Turmspringen\u201c), landete er mit \u201eAm Abgrund wachsen dir Fl\u00fcgel\u201c obendrein auch noch einen Spiegel-Bestseller, weil er auch in seiner Autobiografie auf maximale Ehrlichkeit und Offenheit setzte.<\/p>\n<p>Inzwischen verheiratet und Vater, kehrt der vermutlich fitteste Moderator im deutschen TV nun endlich zur\u00fcck ans Mikrofon, um pers\u00f6nliche Messages, Pep-Talk-Inspiration und ansteckende Hooks zusammenzubringen.<\/p>\n<p>Die neue Single \u201eSteh auf\u201c erscheint am 14. Februar 2025.<\/p>\n<p><span style=\"color: #800000;\"><strong>Quelle: Telamo<\/strong><\/span><\/p>\n<p><span style=\"color: #800000;\"><strong>Dieser Song ist ab dem 14.02.2025 auf allen Download- und Streaming-Portalen erh\u00e4ltlich.\u00a0<\/strong><\/span><\/p>\n<p><span style=\"color: #800000;\"><strong>Airdate (f\u00fcr Radiosender): 14.02.2025<\/strong><\/span><\/p>\n","protected":false},"excerpt":{"rendered":"<p>Inspirierende und pers\u00f6nliche Messages machen dieses Comeback so einzigartig: TV-Allrounder Daniel Aminati kehrt zur\u00fcck ins Studio und l\u00e4utet das n\u00e4chste musikalische Kapitel ein! Die extrem pers\u00f6nliche neue Single \u201eSteh auf\u201c erscheint am 14. Februar 2025 bei TELAMO \u2013 jetzt reinh\u00f6ren! Er ist der ultimative Entertainment-Ambassador, Moderator, Schauspieler, Buchautor, Motivations- und Fitness-Influencer, nicht zuletzt auch Ex-Boygroup-Star und Solo-Hitmaker: Seit \u00fcber 30 Jahren begeistert und inspiriert Daniel Aminati die Menschen auf unterschiedlichste Weise, weshalb seine Follower-Zahlen in den Socials schon seit Jahren im siebenstelligen Bereich liegen. Das Jahr 2025 steht nun endlich wieder ganz im Zeichen seiner ersten und gr\u00f6\u00dften Leidenschaft \u2013 denn er meldet sich zur\u00fcck&#8230;<\/p>\n","protected":false},"author":1,"featured_media":32685,"comment_status":"open","ping_status":"open","sticky":false,"template":"","format":"standard","meta":{"footnotes":""},"categories":[3231,3237,2,3239],"tags":[3582],"class_list":["post-32684","post","type-post","status-publish","format-standard","has-post-thumbnail","hentry","category-bergers-schlagerparadies","category-pop","category-schlager","category-telamo","tag-daniel-aminati","wpcat-3231-id","wpcat-3237-id","wpcat-2-id","wpcat-3239-id"],"_links":{"self":[{"href":"https:\/\/bergers-schlagerparadies.de\/index.php?rest_route=\/wp\/v2\/posts\/32684","targetHints":{"allow":["GET"]}}],"collection":[{"href":"https:\/\/bergers-schlagerparadies.de\/index.php?rest_route=\/wp\/v2\/posts"}],"about":[{"href":"https:\/\/bergers-schlagerparadies.de\/index.php?rest_route=\/wp\/v2\/types\/post"}],"author":[{"embeddable":true,"href":"https:\/\/bergers-schlagerparadies.de\/index.php?rest_route=\/wp\/v2\/users\/1"}],"replies":[{"embeddable":true,"href":"https:\/\/bergers-schlagerparadies.de\/index.php?rest_route=%2Fwp%2Fv2%2Fcomments&post=32684"}],"version-history":[{"count":1,"href":"https:\/\/bergers-schlagerparadies.de\/index.php?rest_route=\/wp\/v2\/posts\/32684\/revisions"}],"predecessor-version":[{"id":32686,"href":"https:\/\/bergers-schlagerparadies.de\/index.php?rest_route=\/wp\/v2\/posts\/32684\/revisions\/32686"}],"wp:featuredmedia":[{"embeddable":true,"href":"https:\/\/bergers-schlagerparadies.de\/index.php?rest_route=\/wp\/v2\/media\/32685"}],"wp:attachment":[{"href":"https:\/\/bergers-schlagerparadies.de\/index.php?rest_route=%2Fwp%2Fv2%2Fmedia&parent=32684"}],"wp:term":[{"taxonomy":"category","embeddable":true,"href":"https:\/\/bergers-schlagerparadies.de\/index.php?rest_route=%2Fwp%2Fv2%2Fcategories&post=32684"},{"taxonomy":"post_tag","embeddable":true,"href":"https:\/\/bergers-schlagerparadies.de\/index.php?rest_route=%2Fwp%2Fv2%2Ftags&post=32684"}],"curies":[{"name":"wp","href":"https:\/\/api.w.org\/{rel}","templated":true}]}}