{"id":32645,"date":"2025-02-07T12:41:27","date_gmt":"2025-02-07T11:41:27","guid":{"rendered":"https:\/\/bergers-schlagerparadies.de\/?p=32645"},"modified":"2025-02-07T12:41:27","modified_gmt":"2025-02-07T11:41:27","slug":"isabel-varell-patricia-larrass-caroline-beil-heute-tragen-wir-rot-%c2%b7-bergers-schlagerparadies","status":"publish","type":"post","link":"https:\/\/bergers-schlagerparadies.de\/?p=32645","title":{"rendered":"Isabel Varell, Patricia Larrass, Caroline Beil &#8211; Heute tragen wir rot \u00b7 Berger\u00b4s Schlagerparadies"},"content":{"rendered":"<p><img loading=\"lazy\" decoding=\"async\" class=\"size-medium wp-image-32646 alignleft\" src=\"https:\/\/bergers-schlagerparadies.de\/wp-content\/uploads\/2025\/02\/Isabel-Varell-Patricia-Larrass-Caroline-Beil-Heute-tragen-wir-rot-300x300.jpg\" alt=\"\" width=\"300\" height=\"300\" srcset=\"https:\/\/bergers-schlagerparadies.de\/wp-content\/uploads\/2025\/02\/Isabel-Varell-Patricia-Larrass-Caroline-Beil-Heute-tragen-wir-rot-300x300.jpg 300w, https:\/\/bergers-schlagerparadies.de\/wp-content\/uploads\/2025\/02\/Isabel-Varell-Patricia-Larrass-Caroline-Beil-Heute-tragen-wir-rot-1024x1024.jpg 1024w, https:\/\/bergers-schlagerparadies.de\/wp-content\/uploads\/2025\/02\/Isabel-Varell-Patricia-Larrass-Caroline-Beil-Heute-tragen-wir-rot-150x150.jpg 150w, https:\/\/bergers-schlagerparadies.de\/wp-content\/uploads\/2025\/02\/Isabel-Varell-Patricia-Larrass-Caroline-Beil-Heute-tragen-wir-rot-768x768.jpg 768w, https:\/\/bergers-schlagerparadies.de\/wp-content\/uploads\/2025\/02\/Isabel-Varell-Patricia-Larrass-Caroline-Beil-Heute-tragen-wir-rot-1188x1188.jpg 1188w, https:\/\/bergers-schlagerparadies.de\/wp-content\/uploads\/2025\/02\/Isabel-Varell-Patricia-Larrass-Caroline-Beil-Heute-tragen-wir-rot-100x100.jpg 100w, https:\/\/bergers-schlagerparadies.de\/wp-content\/uploads\/2025\/02\/Isabel-Varell-Patricia-Larrass-Caroline-Beil-Heute-tragen-wir-rot.jpg 1200w\" sizes=\"auto, (max-width: 300px) 100vw, 300px\" \/>Wie originell neue Ideen im Schlager sein k\u00f6nnen, wurde schon oft bewiesen. Doch mit dieser Konstellation hat wohl niemand gerechnet! Energiegeladen, fulminant und voller Lebenslust &#8211; mit \u201eHeute tragen wir rot\u201c pr\u00e4sentieren Isabel Varell, Caroline Beil und Patricia Larrass ein musikalisches Statement, das Leben nicht nur zu meistern, sondern es auch zu feiern.<\/p>\n<p>Wir alle kennen es: wir jonglieren mit dem hektischen Job, dem Haushalt und tausenden Verpflichtungen und vergessen dabei viel zu oft uns selbst. Doch damit ist Schluss, denn mit der neuen, gemeinsamen Single der 3 Schlagers\u00e4ngerinnen st\u00fcrzen wir uns endlich wieder mitten ins Abenteuer. In &#8222;Heute tragen wir rot&#8220; erz\u00e4hlen Isabel Varell, Caroline Beil und Patricia Larrass von dem Moment, in dem man beschlie\u00dft, sich in Schale zu werfen, den grauen Alltag hinter sich zu lassen und wieder die bunten Seiten des Lebens zu entdecken. Es geht darum, sich die Freiheit zu nehmen, loszulassen und einfach wieder den Moment zu feiern \u2013 symbolisiert durch die Farbe Rot, die f\u00fcr Mut und Leidenschaft steht.<\/p>\n<p>Mit einer absoluten Ohrwurmmelodie, modernen Schlagerbeats und viel Charme kombinieren die drei S\u00e4ngerinnen dabei ihre unverwechselbaren Stimmen zu einem kraftvollen Trio, das die Sehnsucht nach Ausgelassenheit und Spa\u00df in jedem Ton sp\u00fcrbar macht. TV-Star Isabel Varell, bekannt f\u00fcr ihre warme Stimme und ihre Lebensfreude, Schauspielerin Caroline Beil, die Powerfrau mit der unverkennbaren Energie, und Patricia Larrass, die junge Stimme mit viel Gef\u00fchl, vereinen ihre St\u00e4rken und zeigen, dass Schlager modern, mitrei\u00dfend und voller Euphorie sein kann. Dass jede der S\u00e4ngerinnen dabei auch einen authentischen und ganz pers\u00f6nlichen Einblick in ihr Leben gibt, ist kein Zufall, denn der Song stammt selbstverst\u00e4ndlich aus der Feder der drei K\u00fcnstlerinnen und dem Erfolgsproduzenten Mathias Ramson, der \u201eHeute tragen wir rot\u201c den richtigen Sound verliehen hat. Ver\u00f6ffentlicht wird die Single am 07. Februar beim Label VIA Music Germany.<\/p>\n<p>\u201eHeute tragen wir rot\u201c ist damit mehr als nur ein Song \u2013 es ist ein musikalisches Erlebnis und der perfekte Soundtrack f\u00fcr all jene, die es kaum erwarten k\u00f6nnen, wieder auszugehen, zu tanzen und gemeinsam mit Freundinnen und Freunden den Moment zu feiern. Seid bereit, das Leben in Rot zu erleben \u2013 mit Isabel Varell, Caroline Beil und Patricia Larrass!<\/p>\n<p><span style=\"color: #800000;\"><strong>Quelle: VIA Music<\/strong><\/span><\/p>\n<p><span style=\"color: #800000;\"><strong>Dieser Song ist ab dem 07.02.2025 auf allen Download- und Streaming-Portalen erh\u00e4ltlich.\u00a0<\/strong><\/span><\/p>\n<p><span style=\"color: #800000;\"><strong>Airdate (f\u00fcr Radiosender): 07.02.2025<\/strong><\/span><\/p>\n","protected":false},"excerpt":{"rendered":"<p>Wie originell neue Ideen im Schlager sein k\u00f6nnen, wurde schon oft bewiesen. Doch mit dieser Konstellation hat wohl niemand gerechnet! Energiegeladen, fulminant und voller Lebenslust &#8211; mit \u201eHeute tragen wir rot\u201c pr\u00e4sentieren Isabel Varell, Caroline Beil und Patricia Larrass ein musikalisches Statement, das Leben nicht nur zu meistern, sondern es auch zu feiern. Wir alle kennen es: wir jonglieren mit dem hektischen Job, dem Haushalt und tausenden Verpflichtungen und vergessen dabei viel zu oft uns selbst. Doch damit ist Schluss, denn mit der neuen, gemeinsamen Single der 3 Schlagers\u00e4ngerinnen st\u00fcrzen wir uns endlich wieder mitten ins Abenteuer. In &#8222;Heute tragen wir rot&#8220; erz\u00e4hlen Isabel Varell,&#8230;<\/p>\n","protected":false},"author":1,"featured_media":32646,"comment_status":"open","ping_status":"open","sticky":false,"template":"","format":"standard","meta":{"footnotes":""},"categories":[3231,3237,2,3253],"tags":[3577,1607,819],"class_list":["post-32645","post","type-post","status-publish","format-standard","has-post-thumbnail","hentry","category-bergers-schlagerparadies","category-pop","category-schlager","category-via-music","tag-caroline-beil","tag-isabel-varell","tag-patricia-larrass","wpcat-3231-id","wpcat-3237-id","wpcat-2-id","wpcat-3253-id"],"_links":{"self":[{"href":"https:\/\/bergers-schlagerparadies.de\/index.php?rest_route=\/wp\/v2\/posts\/32645","targetHints":{"allow":["GET"]}}],"collection":[{"href":"https:\/\/bergers-schlagerparadies.de\/index.php?rest_route=\/wp\/v2\/posts"}],"about":[{"href":"https:\/\/bergers-schlagerparadies.de\/index.php?rest_route=\/wp\/v2\/types\/post"}],"author":[{"embeddable":true,"href":"https:\/\/bergers-schlagerparadies.de\/index.php?rest_route=\/wp\/v2\/users\/1"}],"replies":[{"embeddable":true,"href":"https:\/\/bergers-schlagerparadies.de\/index.php?rest_route=%2Fwp%2Fv2%2Fcomments&post=32645"}],"version-history":[{"count":1,"href":"https:\/\/bergers-schlagerparadies.de\/index.php?rest_route=\/wp\/v2\/posts\/32645\/revisions"}],"predecessor-version":[{"id":32647,"href":"https:\/\/bergers-schlagerparadies.de\/index.php?rest_route=\/wp\/v2\/posts\/32645\/revisions\/32647"}],"wp:featuredmedia":[{"embeddable":true,"href":"https:\/\/bergers-schlagerparadies.de\/index.php?rest_route=\/wp\/v2\/media\/32646"}],"wp:attachment":[{"href":"https:\/\/bergers-schlagerparadies.de\/index.php?rest_route=%2Fwp%2Fv2%2Fmedia&parent=32645"}],"wp:term":[{"taxonomy":"category","embeddable":true,"href":"https:\/\/bergers-schlagerparadies.de\/index.php?rest_route=%2Fwp%2Fv2%2Fcategories&post=32645"},{"taxonomy":"post_tag","embeddable":true,"href":"https:\/\/bergers-schlagerparadies.de\/index.php?rest_route=%2Fwp%2Fv2%2Ftags&post=32645"}],"curies":[{"name":"wp","href":"https:\/\/api.w.org\/{rel}","templated":true}]}}