{"id":32630,"date":"2025-02-10T10:30:47","date_gmt":"2025-02-10T09:30:47","guid":{"rendered":"https:\/\/bergers-schlagerparadies.de\/?p=32630"},"modified":"2025-02-13T11:35:49","modified_gmt":"2025-02-13T10:35:49","slug":"tobias-lukas-dachstein-%c2%b7-bergers-schlagerparadies","status":"publish","type":"post","link":"https:\/\/bergers-schlagerparadies.de\/?p=32630","title":{"rendered":"Tobias Lukas &#8211; Dachstein \u00b7 Berger\u00b4s Schlagerparadies"},"content":{"rendered":"<p><span style=\"color: #800000;\"><strong><img loading=\"lazy\" decoding=\"async\" class=\"size-medium wp-image-32631 alignleft\" src=\"https:\/\/bergers-schlagerparadies.de\/wp-content\/uploads\/2025\/02\/Tobias-Lukas-Dachstein-300x300.jpg\" alt=\"\" width=\"300\" height=\"300\" srcset=\"https:\/\/bergers-schlagerparadies.de\/wp-content\/uploads\/2025\/02\/Tobias-Lukas-Dachstein-300x300.jpg 300w, https:\/\/bergers-schlagerparadies.de\/wp-content\/uploads\/2025\/02\/Tobias-Lukas-Dachstein-1024x1024.jpg 1024w, https:\/\/bergers-schlagerparadies.de\/wp-content\/uploads\/2025\/02\/Tobias-Lukas-Dachstein-150x150.jpg 150w, https:\/\/bergers-schlagerparadies.de\/wp-content\/uploads\/2025\/02\/Tobias-Lukas-Dachstein-768x768.jpg 768w, https:\/\/bergers-schlagerparadies.de\/wp-content\/uploads\/2025\/02\/Tobias-Lukas-Dachstein-1536x1536.jpg 1536w, https:\/\/bergers-schlagerparadies.de\/wp-content\/uploads\/2025\/02\/Tobias-Lukas-Dachstein-2048x2048.jpg 2048w, https:\/\/bergers-schlagerparadies.de\/wp-content\/uploads\/2025\/02\/Tobias-Lukas-Dachstein-1200x1200.jpg 1200w, https:\/\/bergers-schlagerparadies.de\/wp-content\/uploads\/2025\/02\/Tobias-Lukas-Dachstein-1188x1188.jpg 1188w, https:\/\/bergers-schlagerparadies.de\/wp-content\/uploads\/2025\/02\/Tobias-Lukas-Dachstein-100x100.jpg 100w\" sizes=\"auto, (max-width: 300px) 100vw, 300px\" \/><\/strong><\/span><\/p>\n<p>Mit \u201eIch m\u00f6chte zum Dachstein\u201c pr\u00e4sentiert Tobias Lukas eine mitrei\u00dfende Hymne an die Sch\u00f6nheit der Berge. Inspiriert von der TV-Serie Die Bergretter, erz\u00e4hlt der Song von der Sehnsucht nach Freiheit, unber\u00fchrter Natur und unvergesslichen Momenten in den Alpen.<\/p>\n<p>Der eing\u00e4ngige Refrain und die stimmungsvollen Melodien laden zum Mitsingen ein und verspr\u00fchen echtes Urlaubsfeeling. Ob beim Wandern, Skifahren oder einfach beim Tr\u00e4umen \u2013 dieser Song trifft mitten ins Herz und bringt das besondere Berggef\u00fchl direkt in die Ohren der H\u00f6rer.<\/p>\n<p>&nbsp;<\/p>\n<p>&nbsp;<\/p>\n<p>&nbsp;<\/p>\n<p><span style=\"color: #800000;\"><strong>Quelle: Fiesta Records<\/strong><\/span><\/p>\n<p><span style=\"color: #800000;\"><strong>Dieser Song ist ab dem 14.02.2025 auf allen Download- und Streaming-Portalen erh\u00e4ltlich.\u00a0<\/strong><\/span><\/p>\n<p><span style=\"color: #800000;\"><strong>Airdate (f\u00fcr Radiosender): 12.02.2025<\/strong><\/span><\/p>\n","protected":false},"excerpt":{"rendered":"<p>Mit \u201eIch m\u00f6chte zum Dachstein\u201c pr\u00e4sentiert Tobias Lukas eine mitrei\u00dfende Hymne an die Sch\u00f6nheit der Berge. Inspiriert von der TV-Serie Die Bergretter, erz\u00e4hlt der Song von der Sehnsucht nach Freiheit, unber\u00fchrter Natur und unvergesslichen Momenten in den Alpen. Der eing\u00e4ngige Refrain und die stimmungsvollen Melodien laden zum Mitsingen ein und verspr\u00fchen echtes Urlaubsfeeling. Ob beim Wandern, Skifahren oder einfach beim Tr\u00e4umen \u2013 dieser Song trifft mitten ins Herz und bringt das besondere Berggef\u00fchl direkt in die Ohren der H\u00f6rer. &nbsp; &nbsp; &nbsp; Quelle: Fiesta Records Dieser Song ist ab dem 14.02.2025 auf allen Download- und Streaming-Portalen erh\u00e4ltlich.\u00a0 Airdate (f\u00fcr Radiosender): 12.02.2025<\/p>\n","protected":false},"author":1,"featured_media":32631,"comment_status":"open","ping_status":"open","sticky":false,"template":"","format":"standard","meta":{"footnotes":""},"categories":[3231,3255,3264,3232,2],"tags":[2245],"class_list":["post-32630","post","type-post","status-publish","format-standard","has-post-thumbnail","hentry","category-bergers-schlagerparadies","category-deutsch","category-deutsch-pop","category-fiesta-records","category-schlager","tag-tobias-lukas","wpcat-3231-id","wpcat-3255-id","wpcat-3264-id","wpcat-3232-id","wpcat-2-id"],"_links":{"self":[{"href":"https:\/\/bergers-schlagerparadies.de\/index.php?rest_route=\/wp\/v2\/posts\/32630","targetHints":{"allow":["GET"]}}],"collection":[{"href":"https:\/\/bergers-schlagerparadies.de\/index.php?rest_route=\/wp\/v2\/posts"}],"about":[{"href":"https:\/\/bergers-schlagerparadies.de\/index.php?rest_route=\/wp\/v2\/types\/post"}],"author":[{"embeddable":true,"href":"https:\/\/bergers-schlagerparadies.de\/index.php?rest_route=\/wp\/v2\/users\/1"}],"replies":[{"embeddable":true,"href":"https:\/\/bergers-schlagerparadies.de\/index.php?rest_route=%2Fwp%2Fv2%2Fcomments&post=32630"}],"version-history":[{"count":3,"href":"https:\/\/bergers-schlagerparadies.de\/index.php?rest_route=\/wp\/v2\/posts\/32630\/revisions"}],"predecessor-version":[{"id":32730,"href":"https:\/\/bergers-schlagerparadies.de\/index.php?rest_route=\/wp\/v2\/posts\/32630\/revisions\/32730"}],"wp:featuredmedia":[{"embeddable":true,"href":"https:\/\/bergers-schlagerparadies.de\/index.php?rest_route=\/wp\/v2\/media\/32631"}],"wp:attachment":[{"href":"https:\/\/bergers-schlagerparadies.de\/index.php?rest_route=%2Fwp%2Fv2%2Fmedia&parent=32630"}],"wp:term":[{"taxonomy":"category","embeddable":true,"href":"https:\/\/bergers-schlagerparadies.de\/index.php?rest_route=%2Fwp%2Fv2%2Fcategories&post=32630"},{"taxonomy":"post_tag","embeddable":true,"href":"https:\/\/bergers-schlagerparadies.de\/index.php?rest_route=%2Fwp%2Fv2%2Ftags&post=32630"}],"curies":[{"name":"wp","href":"https:\/\/api.w.org\/{rel}","templated":true}]}}