{"id":32572,"date":"2025-02-05T10:50:08","date_gmt":"2025-02-05T09:50:08","guid":{"rendered":"https:\/\/bergers-schlagerparadies.de\/?p=32572"},"modified":"2025-02-05T10:50:08","modified_gmt":"2025-02-05T09:50:08","slug":"jonny-vom-dahl-ein-bisschen-liebe-%c2%b7-bergers-schlagerparadies","status":"publish","type":"post","link":"https:\/\/bergers-schlagerparadies.de\/?p=32572","title":{"rendered":"Jonny vom Dahl &#8211; Ein bisschen Liebe \u00b7 Berger\u00b4s Schlagerparadies"},"content":{"rendered":"<p><img loading=\"lazy\" decoding=\"async\" class=\"size-medium wp-image-32573 alignleft\" src=\"https:\/\/bergers-schlagerparadies.de\/wp-content\/uploads\/2025\/02\/Jonny-vom-Dahl-Ein-bisschen-Liebe-300x300.jpeg\" alt=\"\" width=\"300\" height=\"300\" srcset=\"https:\/\/bergers-schlagerparadies.de\/wp-content\/uploads\/2025\/02\/Jonny-vom-Dahl-Ein-bisschen-Liebe-300x300.jpeg 300w, https:\/\/bergers-schlagerparadies.de\/wp-content\/uploads\/2025\/02\/Jonny-vom-Dahl-Ein-bisschen-Liebe-1024x1024.jpeg 1024w, https:\/\/bergers-schlagerparadies.de\/wp-content\/uploads\/2025\/02\/Jonny-vom-Dahl-Ein-bisschen-Liebe-150x150.jpeg 150w, https:\/\/bergers-schlagerparadies.de\/wp-content\/uploads\/2025\/02\/Jonny-vom-Dahl-Ein-bisschen-Liebe-768x768.jpeg 768w, https:\/\/bergers-schlagerparadies.de\/wp-content\/uploads\/2025\/02\/Jonny-vom-Dahl-Ein-bisschen-Liebe-1536x1536.jpeg 1536w, https:\/\/bergers-schlagerparadies.de\/wp-content\/uploads\/2025\/02\/Jonny-vom-Dahl-Ein-bisschen-Liebe-2048x2048.jpeg 2048w, https:\/\/bergers-schlagerparadies.de\/wp-content\/uploads\/2025\/02\/Jonny-vom-Dahl-Ein-bisschen-Liebe-1200x1200.jpeg 1200w, https:\/\/bergers-schlagerparadies.de\/wp-content\/uploads\/2025\/02\/Jonny-vom-Dahl-Ein-bisschen-Liebe-1188x1188.jpeg 1188w, https:\/\/bergers-schlagerparadies.de\/wp-content\/uploads\/2025\/02\/Jonny-vom-Dahl-Ein-bisschen-Liebe-100x100.jpeg 100w\" sizes=\"auto, (max-width: 300px) 100vw, 300px\" \/>Der Pfarrerssohn, der Pop und Botschaft vereint, ver\u00f6ffentlicht seinen neuen Song \u201eEin bisschen Liebe\u201c. Mit packendem Pop und einer Botschaft voller Herz regt er dazu an, die Welt ein bisschen w\u00e4rmer und menschlicher zu gestalten. Der Song bildet den Auftakt zu seinem neuen Album, das einige \u00dcberraschungen bereith\u00e4lt.<\/p>\n<p>Doch das ist nur der Anfang: Am 30. April wird Jonny beim Evangelischen Kirchentag in Hannover nicht nur als Hauptredner auftreten \u2013 er und seine Band sorgen dort auch f\u00fcr einen musikalischen Auftakt, der garantiert niemanden stillstehen l\u00e4sst. \u201eIch bring die Kirche zum Grooven\u201c, scherzt Jonny \u2013 und wer ihn live erlebt hat, wei\u00df, dass er es ernst meint.<\/p>\n<p>Jonny vom Dahl ist ein aufstrebender Popmusiker mit einem klaren Statement und eing\u00e4ngigen Melodien. \u201eIch will Welten vereinen\u201c erz\u00e4hlt \u201eDeutschlands l\u00e4ssigster Pfarrerssohn\u201c (Zitat BILD) auf Instagram.\u00a0Ob TikTok Viralit\u00e4t durch das Ansprechen\u00a0gesellschaftsrelevanter Themen, oder Berichterstattung\u00a0durch u.a. die BILD &#8211; Jonny schafft es mit aktuellen Themen gro\u00dfe Reichweite zu generieren und Anklang zu finden.<\/p>\n<p><span style=\"color: #800000;\"><strong>Quelle: MDS<\/strong><\/span><\/p>\n<p><span style=\"color: #800000;\"><strong>Dieser Song ist ab dem 06.02.2025 auf allen Download- und Streaming-Portalen erh\u00e4ltlich.\u00a0<\/strong><\/span><\/p>\n<p><span style=\"color: #800000;\"><strong>Airdate (f\u00fcr Radiosender): 04.02.2025<\/strong><\/span><\/p>\n","protected":false},"excerpt":{"rendered":"<p>Der Pfarrerssohn, der Pop und Botschaft vereint, ver\u00f6ffentlicht seinen neuen Song \u201eEin bisschen Liebe\u201c. Mit packendem Pop und einer Botschaft voller Herz regt er dazu an, die Welt ein bisschen w\u00e4rmer und menschlicher zu gestalten. Der Song bildet den Auftakt zu seinem neuen Album, das einige \u00dcberraschungen bereith\u00e4lt. Doch das ist nur der Anfang: Am 30. April wird Jonny beim Evangelischen Kirchentag in Hannover nicht nur als Hauptredner auftreten \u2013 er und seine Band sorgen dort auch f\u00fcr einen musikalischen Auftakt, der garantiert niemanden stillstehen l\u00e4sst. \u201eIch bring die Kirche zum Grooven\u201c, scherzt Jonny \u2013 und wer ihn live erlebt hat, wei\u00df, dass er es&#8230;<\/p>\n","protected":false},"author":1,"featured_media":32573,"comment_status":"open","ping_status":"open","sticky":false,"template":"","format":"standard","meta":{"footnotes":""},"categories":[3231,3264,3569],"tags":[3570],"class_list":["post-32572","post","type-post","status-publish","format-standard","has-post-thumbnail","hentry","category-bergers-schlagerparadies","category-deutsch-pop","category-mds","tag-jonny-vom-dahl","wpcat-3231-id","wpcat-3264-id","wpcat-3569-id"],"_links":{"self":[{"href":"https:\/\/bergers-schlagerparadies.de\/index.php?rest_route=\/wp\/v2\/posts\/32572","targetHints":{"allow":["GET"]}}],"collection":[{"href":"https:\/\/bergers-schlagerparadies.de\/index.php?rest_route=\/wp\/v2\/posts"}],"about":[{"href":"https:\/\/bergers-schlagerparadies.de\/index.php?rest_route=\/wp\/v2\/types\/post"}],"author":[{"embeddable":true,"href":"https:\/\/bergers-schlagerparadies.de\/index.php?rest_route=\/wp\/v2\/users\/1"}],"replies":[{"embeddable":true,"href":"https:\/\/bergers-schlagerparadies.de\/index.php?rest_route=%2Fwp%2Fv2%2Fcomments&post=32572"}],"version-history":[{"count":1,"href":"https:\/\/bergers-schlagerparadies.de\/index.php?rest_route=\/wp\/v2\/posts\/32572\/revisions"}],"predecessor-version":[{"id":32574,"href":"https:\/\/bergers-schlagerparadies.de\/index.php?rest_route=\/wp\/v2\/posts\/32572\/revisions\/32574"}],"wp:featuredmedia":[{"embeddable":true,"href":"https:\/\/bergers-schlagerparadies.de\/index.php?rest_route=\/wp\/v2\/media\/32573"}],"wp:attachment":[{"href":"https:\/\/bergers-schlagerparadies.de\/index.php?rest_route=%2Fwp%2Fv2%2Fmedia&parent=32572"}],"wp:term":[{"taxonomy":"category","embeddable":true,"href":"https:\/\/bergers-schlagerparadies.de\/index.php?rest_route=%2Fwp%2Fv2%2Fcategories&post=32572"},{"taxonomy":"post_tag","embeddable":true,"href":"https:\/\/bergers-schlagerparadies.de\/index.php?rest_route=%2Fwp%2Fv2%2Ftags&post=32572"}],"curies":[{"name":"wp","href":"https:\/\/api.w.org\/{rel}","templated":true}]}}