{"id":3251,"date":"2021-03-16T16:25:47","date_gmt":"2021-03-16T15:25:47","guid":{"rendered":"http:\/\/bergers-schlagerparadies.de\/?p=3251"},"modified":"2021-03-16T16:25:47","modified_gmt":"2021-03-16T15:25:47","slug":"jan-rendels-du-fuehlst-dich-so-gut-an-bergers-schlagerparadies","status":"publish","type":"post","link":"https:\/\/bergers-schlagerparadies.de\/?p=3251","title":{"rendered":"Jan Rendels &#8211; Du f\u00fchlst Dich so gut an | Berger\u00b4s Schlagerparadies"},"content":{"rendered":"<p><img loading=\"lazy\" decoding=\"async\" class=\"size-medium wp-image-3253 alignleft\" src=\"https:\/\/bergers-schlagerparadies.de\/wp-content\/uploads\/2021\/03\/Jan-Rendels-Du-fuehlst-Dich-so-gut-an-300x300.jpg\" alt=\"\" width=\"300\" height=\"300\" srcset=\"https:\/\/bergers-schlagerparadies.de\/wp-content\/uploads\/2021\/03\/Jan-Rendels-Du-fuehlst-Dich-so-gut-an-300x300.jpg 300w, https:\/\/bergers-schlagerparadies.de\/wp-content\/uploads\/2021\/03\/Jan-Rendels-Du-fuehlst-Dich-so-gut-an-150x150.jpg 150w, https:\/\/bergers-schlagerparadies.de\/wp-content\/uploads\/2021\/03\/Jan-Rendels-Du-fuehlst-Dich-so-gut-an-100x100.jpg 100w, https:\/\/bergers-schlagerparadies.de\/wp-content\/uploads\/2021\/03\/Jan-Rendels-Du-fuehlst-Dich-so-gut-an.jpg 580w\" sizes=\"auto, (max-width: 300px) 100vw, 300px\" \/>Mit seiner dritten Single \u201eDu f\u00fchlst dich so gut an\u201c gibt Jan Rendels nun mit seinem neuen Label Fiesta Records so richtig Gas.<\/p>\n<p>Schon seit Kindheitstagen ist der Offenburger ein absoluter Schlagerfan. So konnte er bereits eine Menge Live-Erfahrung sammeln. Seit 2018 arbeitet Jan mit seinem Produzententeam, bestehend aus Marvin Trecha und Dieter Kindl, zusammen. Das Duo war sowohl f\u00fcr die bisherigen Singles \u201eWie ein Diamant\u201c und \u201eImmer wieder\u201c, als auch f\u00fcr den neuen Song \u201eDu f\u00fchlst dich so gut an\u201c verantwortlich.<\/p>\n<p>Auf Erfolge in Funk und Fernsehen folgten diverse Auszeichnungen, wie beispielsweise \u201eBester Schlagers\u00e4nger 2018 und 2020&#8243; beim deutschen Rock &amp; Pop Preis. Jan war bereits in unterschiedlichen TV-Sendungen u.a. bei \u201egute Laune TV&#8220;, \u201eDeutsches Musik Fernsehen&#8220; und in der ARD-Sendung \u201eimmer wieder sonntags&#8220; zu sehen. An diese Erfolge m\u00f6chte der 23-J\u00e4hrige, der dieses Jahr auch bei DSDS zu sehen war, mit seiner neuen Single ankn\u00fcpfen und diese \u00fcbertreffen.<\/p>\n<p>Der moderne Schlagersong geht direkt ins Ohr, l\u00e4dt zum Tanzen ein und macht neugierig auf das dazugeh\u00f6rige Musikvideo.<br \/>\n<iframe style=\"width: 120px; height: 240px;\" src=\"\/\/ws-eu.amazon-adsystem.com\/widgets\/q?ServiceVersion=20070822&amp;OneJS=1&amp;Operation=GetAdHtml&amp;MarketPlace=DE&amp;source=ss&amp;ref=as_ss_li_til&amp;ad_type=product_link&amp;tracking_id=bergers-21&amp;language=de_DE&amp;marketplace=amazon&amp;region=DE&amp;placement=B08YPBMDPD&amp;asins=B08YPBMDPD&amp;linkId=12a93198a080203d1c3273403d2a7aab&amp;show_border=true&amp;link_opens_in_new_window=true\" frameborder=\"0\" marginwidth=\"0\" marginheight=\"0\" scrolling=\"no\"><\/iframe><\/p>\n","protected":false},"excerpt":{"rendered":"<p>Mit seiner dritten Single \u201eDu f\u00fchlst dich so gut an\u201c gibt Jan Rendels nun mit seinem neuen Label Fiesta Records so richtig Gas. Schon seit Kindheitstagen ist der Offenburger ein absoluter Schlagerfan. So konnte er bereits eine Menge Live-Erfahrung sammeln. Seit 2018 arbeitet Jan mit seinem Produzententeam, bestehend aus Marvin Trecha und Dieter Kindl, zusammen. Das Duo war sowohl f\u00fcr die bisherigen Singles \u201eWie ein Diamant\u201c und \u201eImmer wieder\u201c, als auch f\u00fcr den neuen Song \u201eDu f\u00fchlst dich so gut an\u201c verantwortlich. Auf Erfolge in Funk und Fernsehen folgten diverse Auszeichnungen, wie beispielsweise \u201eBester Schlagers\u00e4nger 2018 und 2020&#8243; beim deutschen Rock &amp; Pop Preis. Jan&#8230;<\/p>\n","protected":false},"author":1,"featured_media":3253,"comment_status":"open","ping_status":"open","sticky":false,"template":"","format":"standard","meta":{"footnotes":""},"categories":[2],"tags":[438],"class_list":["post-3251","post","type-post","status-publish","format-standard","has-post-thumbnail","hentry","category-schlager","tag-jan-rendels","wpcat-2-id"],"_links":{"self":[{"href":"https:\/\/bergers-schlagerparadies.de\/index.php?rest_route=\/wp\/v2\/posts\/3251","targetHints":{"allow":["GET"]}}],"collection":[{"href":"https:\/\/bergers-schlagerparadies.de\/index.php?rest_route=\/wp\/v2\/posts"}],"about":[{"href":"https:\/\/bergers-schlagerparadies.de\/index.php?rest_route=\/wp\/v2\/types\/post"}],"author":[{"embeddable":true,"href":"https:\/\/bergers-schlagerparadies.de\/index.php?rest_route=\/wp\/v2\/users\/1"}],"replies":[{"embeddable":true,"href":"https:\/\/bergers-schlagerparadies.de\/index.php?rest_route=%2Fwp%2Fv2%2Fcomments&post=3251"}],"version-history":[{"count":1,"href":"https:\/\/bergers-schlagerparadies.de\/index.php?rest_route=\/wp\/v2\/posts\/3251\/revisions"}],"predecessor-version":[{"id":3254,"href":"https:\/\/bergers-schlagerparadies.de\/index.php?rest_route=\/wp\/v2\/posts\/3251\/revisions\/3254"}],"wp:featuredmedia":[{"embeddable":true,"href":"https:\/\/bergers-schlagerparadies.de\/index.php?rest_route=\/wp\/v2\/media\/3253"}],"wp:attachment":[{"href":"https:\/\/bergers-schlagerparadies.de\/index.php?rest_route=%2Fwp%2Fv2%2Fmedia&parent=3251"}],"wp:term":[{"taxonomy":"category","embeddable":true,"href":"https:\/\/bergers-schlagerparadies.de\/index.php?rest_route=%2Fwp%2Fv2%2Fcategories&post=3251"},{"taxonomy":"post_tag","embeddable":true,"href":"https:\/\/bergers-schlagerparadies.de\/index.php?rest_route=%2Fwp%2Fv2%2Ftags&post=3251"}],"curies":[{"name":"wp","href":"https:\/\/api.w.org\/{rel}","templated":true}]}}