{"id":32432,"date":"2025-01-31T15:48:19","date_gmt":"2025-01-31T14:48:19","guid":{"rendered":"https:\/\/bergers-schlagerparadies.de\/?p=32432"},"modified":"2025-01-31T15:48:19","modified_gmt":"2025-01-31T14:48:19","slug":"laura-wilde-verliebt-in-london-%c2%b7-bergers-schlagerparadies","status":"publish","type":"post","link":"https:\/\/bergers-schlagerparadies.de\/?p=32432","title":{"rendered":"Laura Wilde &#8211; Verliebt in London \u00b7 Berger\u00b4s Schlagerparadies"},"content":{"rendered":"<p><img loading=\"lazy\" decoding=\"async\" class=\"size-medium wp-image-32433 alignleft\" src=\"https:\/\/bergers-schlagerparadies.de\/wp-content\/uploads\/2025\/01\/Laura-Wilde-Verliebt-in-London-300x300.jpeg\" alt=\"\" width=\"300\" height=\"300\" srcset=\"https:\/\/bergers-schlagerparadies.de\/wp-content\/uploads\/2025\/01\/Laura-Wilde-Verliebt-in-London-300x300.jpeg 300w, https:\/\/bergers-schlagerparadies.de\/wp-content\/uploads\/2025\/01\/Laura-Wilde-Verliebt-in-London-1024x1024.jpeg 1024w, https:\/\/bergers-schlagerparadies.de\/wp-content\/uploads\/2025\/01\/Laura-Wilde-Verliebt-in-London-150x150.jpeg 150w, https:\/\/bergers-schlagerparadies.de\/wp-content\/uploads\/2025\/01\/Laura-Wilde-Verliebt-in-London-768x768.jpeg 768w, https:\/\/bergers-schlagerparadies.de\/wp-content\/uploads\/2025\/01\/Laura-Wilde-Verliebt-in-London-1188x1188.jpeg 1188w, https:\/\/bergers-schlagerparadies.de\/wp-content\/uploads\/2025\/01\/Laura-Wilde-Verliebt-in-London-100x100.jpeg 100w, https:\/\/bergers-schlagerparadies.de\/wp-content\/uploads\/2025\/01\/Laura-Wilde-Verliebt-in-London.jpeg 1200w\" sizes=\"auto, (max-width: 300px) 100vw, 300px\" \/>&#8230;nach \u00fcber 14 Jahren Vollgas in der Musikbranche, mittlerweile 9 Chart Alben, unz\u00e4hligen Live-Auftritten und Radiohits hat sich Laura Wilde im letzten Jahr endlich mal eine Auszeit geg\u00f6nnt. Und es kam so, wie es kommen musste &#8211; Sie hat sich nicht nur schwer verliebt, sondern auch einen fantastischen Song dar\u00fcber und ein unvergleichliches Album mitgebracht. Der Pfeil des Amors traf in diesem Fall eine der gr\u00f6\u00dften Metropolen der Welt \u2013 \u201eVerliebt in London\u201c. Genauso hei\u00dft ihr mitrei\u00dfender Uptempo-Song &#8211; eine Hommage an diese Mega-City mit ihren \u201eBig City Lights\u201c- zu dem nicht nur Lauras Herz im Beat der Stadt schl\u00e4gt, sondern der jeden Zuh\u00f6rer sofort in seinen Bann zieht und dessen Puls auf mindestens 128 Beats pro Minute steigen l\u00e4sst. Die faszinierenden Bilder des dazugeh\u00f6rigen Musikvideos, nat\u00fcrlich entstanden in London, und der eing\u00e4ngige Refrain mit seinen Falsett-Ch\u00f6ren lassen uns Teil dieser Liebesgeschichte werden und verk\u00fcrzen uns das Warten auf den \u201eBoulevard Sehnsucht\u201c, auf dem wir noch in diesem Fr\u00fchjahr mit Laura gehen werden.<\/p>\n<p>Folge Laura Wilde:<\/p>\n<p><a href=\"https:\/\/www.laura-wilde.de\/\">https:\/\/www.laura-wilde.de\/<\/a><br \/>\n<a href=\"https:\/\/www.facebook.com\/laurawildemusik\">https:\/\/www.facebook.com\/laurawildemusik<\/a><br \/>\n<a href=\"https:\/\/www.instagram.com\/laura_wilde_official\/\">https:\/\/www.instagram.com\/laura_wilde_official\/<\/a><\/p>\n<p><span style=\"color: #800000;\"><strong>Quelle: MORE Music &amp; Media \/ Vertrieb: Edel\/Kontor New Media<\/strong><\/span><\/p>\n<p><span style=\"color: #800000;\"><strong>Dieser Song ist ab dem 28.02.2025 auf allen Download- und Streaming-Portalen erh\u00e4ltlich.\u00a0<\/strong><\/span><\/p>\n<p><span style=\"color: #800000;\"><strong>Airdate (f\u00fcr Radiosender): 31.01.2025<\/strong><\/span><\/p>\n","protected":false},"excerpt":{"rendered":"<p>&#8230;nach \u00fcber 14 Jahren Vollgas in der Musikbranche, mittlerweile 9 Chart Alben, unz\u00e4hligen Live-Auftritten und Radiohits hat sich Laura Wilde im letzten Jahr endlich mal eine Auszeit geg\u00f6nnt. Und es kam so, wie es kommen musste &#8211; Sie hat sich nicht nur schwer verliebt, sondern auch einen fantastischen Song dar\u00fcber und ein unvergleichliches Album mitgebracht. Der Pfeil des Amors traf in diesem Fall eine der gr\u00f6\u00dften Metropolen der Welt \u2013 \u201eVerliebt in London\u201c. Genauso hei\u00dft ihr mitrei\u00dfender Uptempo-Song &#8211; eine Hommage an diese Mega-City mit ihren \u201eBig City Lights\u201c- zu dem nicht nur Lauras Herz im Beat der Stadt schl\u00e4gt, sondern der jeden Zuh\u00f6rer sofort&#8230;<\/p>\n","protected":false},"author":1,"featured_media":32433,"comment_status":"open","ping_status":"open","sticky":false,"template":"","format":"standard","meta":{"footnotes":""},"categories":[3231,3255,3405,2],"tags":[810],"class_list":["post-32432","post","type-post","status-publish","format-standard","has-post-thumbnail","hentry","category-bergers-schlagerparadies","category-deutsch","category-more-music-edel","category-schlager","tag-laura-wilde","wpcat-3231-id","wpcat-3255-id","wpcat-3405-id","wpcat-2-id"],"_links":{"self":[{"href":"https:\/\/bergers-schlagerparadies.de\/index.php?rest_route=\/wp\/v2\/posts\/32432","targetHints":{"allow":["GET"]}}],"collection":[{"href":"https:\/\/bergers-schlagerparadies.de\/index.php?rest_route=\/wp\/v2\/posts"}],"about":[{"href":"https:\/\/bergers-schlagerparadies.de\/index.php?rest_route=\/wp\/v2\/types\/post"}],"author":[{"embeddable":true,"href":"https:\/\/bergers-schlagerparadies.de\/index.php?rest_route=\/wp\/v2\/users\/1"}],"replies":[{"embeddable":true,"href":"https:\/\/bergers-schlagerparadies.de\/index.php?rest_route=%2Fwp%2Fv2%2Fcomments&post=32432"}],"version-history":[{"count":1,"href":"https:\/\/bergers-schlagerparadies.de\/index.php?rest_route=\/wp\/v2\/posts\/32432\/revisions"}],"predecessor-version":[{"id":32436,"href":"https:\/\/bergers-schlagerparadies.de\/index.php?rest_route=\/wp\/v2\/posts\/32432\/revisions\/32436"}],"wp:featuredmedia":[{"embeddable":true,"href":"https:\/\/bergers-schlagerparadies.de\/index.php?rest_route=\/wp\/v2\/media\/32433"}],"wp:attachment":[{"href":"https:\/\/bergers-schlagerparadies.de\/index.php?rest_route=%2Fwp%2Fv2%2Fmedia&parent=32432"}],"wp:term":[{"taxonomy":"category","embeddable":true,"href":"https:\/\/bergers-schlagerparadies.de\/index.php?rest_route=%2Fwp%2Fv2%2Fcategories&post=32432"},{"taxonomy":"post_tag","embeddable":true,"href":"https:\/\/bergers-schlagerparadies.de\/index.php?rest_route=%2Fwp%2Fv2%2Ftags&post=32432"}],"curies":[{"name":"wp","href":"https:\/\/api.w.org\/{rel}","templated":true}]}}