{"id":32338,"date":"2025-01-28T11:07:29","date_gmt":"2025-01-28T10:07:29","guid":{"rendered":"https:\/\/bergers-schlagerparadies.de\/?p=32338"},"modified":"2025-01-28T11:16:29","modified_gmt":"2025-01-28T10:16:29","slug":"mart-hoogkamer-kleine-meid-%c2%b7-bergers-schlagerparadies","status":"publish","type":"post","link":"https:\/\/bergers-schlagerparadies.de\/?p=32338","title":{"rendered":"Mart Hoogkamer \u2013 Kleine Meid \/ kleines M\u00e4dchen \u00b7 Berger\u00b4s Schlagerparadies"},"content":{"rendered":"<p><img loading=\"lazy\" decoding=\"async\" class=\"size-medium wp-image-32339 alignleft\" src=\"https:\/\/bergers-schlagerparadies.de\/wp-content\/uploads\/2025\/01\/Mart-Hoogkamer-\u2013-Kleine-Meid-300x300.jpg\" alt=\"\" width=\"300\" height=\"300\" srcset=\"https:\/\/bergers-schlagerparadies.de\/wp-content\/uploads\/2025\/01\/Mart-Hoogkamer-\u2013-Kleine-Meid-300x300.jpg 300w, https:\/\/bergers-schlagerparadies.de\/wp-content\/uploads\/2025\/01\/Mart-Hoogkamer-\u2013-Kleine-Meid-1024x1024.jpg 1024w, https:\/\/bergers-schlagerparadies.de\/wp-content\/uploads\/2025\/01\/Mart-Hoogkamer-\u2013-Kleine-Meid-150x150.jpg 150w, https:\/\/bergers-schlagerparadies.de\/wp-content\/uploads\/2025\/01\/Mart-Hoogkamer-\u2013-Kleine-Meid-768x768.jpg 768w, https:\/\/bergers-schlagerparadies.de\/wp-content\/uploads\/2025\/01\/Mart-Hoogkamer-\u2013-Kleine-Meid-1536x1536.jpg 1536w, https:\/\/bergers-schlagerparadies.de\/wp-content\/uploads\/2025\/01\/Mart-Hoogkamer-\u2013-Kleine-Meid-1200x1200.jpg 1200w, https:\/\/bergers-schlagerparadies.de\/wp-content\/uploads\/2025\/01\/Mart-Hoogkamer-\u2013-Kleine-Meid-1188x1188.jpg 1188w, https:\/\/bergers-schlagerparadies.de\/wp-content\/uploads\/2025\/01\/Mart-Hoogkamer-\u2013-Kleine-Meid-100x100.jpg 100w, https:\/\/bergers-schlagerparadies.de\/wp-content\/uploads\/2025\/01\/Mart-Hoogkamer-\u2013-Kleine-Meid.jpg 2048w\" sizes=\"auto, (max-width: 300px) 100vw, 300px\" \/>Mart und Freundin Jennifer, \u00fcbrigens ein Paar seit f\u00fcnf Jahren, k\u00fcndigten letzten Juni an, dass sie Anfang &#8217;25 hofften, Eltern ihres ersten Kindes zu werden. Logan Nov\u00e1, das ist der Name der Tochter, die am 22. Januar geboren wurde. habe das Licht des Lebens gesehen. \u201eMit der Entbindung ist alles gut gelaufen und sowohl Mart als auch Jennifer genie\u00dfen ihr kleines Wunder intensiv\u201c, teilte die lokale Gemeinde mit. Besondere Momente des Ereignisses sind in dem doch ganz besonderen und intimen Videoclip zu sehen, der Marts neuester Platte Kleine Meid h\u00f6rt, die Passanten ver\u00f6ffentlicht wurde. Am 25.10. ist die Leidse Volkss\u00e4ngerin in Rotterdam w\u00e4hrend Mart in Ahoy &#8211; Party im Zelt!<\/p>\n<p>Quelle: <span class=\"html-span xdj266r x11i5rnm xat24cr x1mh8g0r xexx8yu x4uap5 x18d9i69 xkhd6sd x1hl2dhg x16tdsg8 x1vvkbs\">nieuweplaat.nl<\/span><\/p>\n<p>&nbsp;<\/p>\n<p>Mart en vriendin Jennifer, vijf jaar een stel overigens, maakten afgelopen juni bekend dat zij begin \u201925 ouders hoopten te gaan worden van hun eerste kindje. Logan Nov\u00e1, zo heet de dochter die op 22 januari jl. het levenslicht zag. \u2018Alles is goed gegaan met de bevalling en zowel Mart als Jennifer zijn intens aan het genieten van hun kleine wondertje\u2019, zo laat de omgeving weten. Bijzondere momenten van de gebeurtenis zijn te zien in de toch wel hele bijzondere en intieme videoclip horende bij Mart \u2019s nieuwste plaat Kleine Meid die en passant is gereleased. 25 oktober staat de Leidse volkszanger in Rotterdam tijdens Mart in Ahoy \u2013 Feest in de tent<\/p>\n<p>&nbsp;<\/p>\n<p><span style=\"color: #800000;\"><strong>Quelle: <span class=\"html-span xdj266r x11i5rnm xat24cr x1mh8g0r xexx8yu x4uap5 x18d9i69 xkhd6sd x1hl2dhg x16tdsg8 x1vvkbs\">nieuweplaat.nl<\/span><\/strong><\/span><\/p>\n<p><span style=\"color: #800000;\"><strong>Dieser Song ist ab dem 24.01.2025 auf allen Download- und Streaming-Portalen erh\u00e4ltlich.\u00a0<\/strong><\/span><\/p>\n<p><span style=\"color: #800000;\"><strong>Airdate (f\u00fcr Radiosender): 24.01.2025<\/strong><\/span><\/p>\n<p>&nbsp;<\/p>\n","protected":false},"excerpt":{"rendered":"<p>Mart und Freundin Jennifer, \u00fcbrigens ein Paar seit f\u00fcnf Jahren, k\u00fcndigten letzten Juni an, dass sie Anfang &#8217;25 hofften, Eltern ihres ersten Kindes zu werden. Logan Nov\u00e1, das ist der Name der Tochter, die am 22. Januar geboren wurde. habe das Licht des Lebens gesehen. \u201eMit der Entbindung ist alles gut gelaufen und sowohl Mart als auch Jennifer genie\u00dfen ihr kleines Wunder intensiv\u201c, teilte die lokale Gemeinde mit. Besondere Momente des Ereignisses sind in dem doch ganz besonderen und intimen Videoclip zu sehen, der Marts neuester Platte Kleine Meid h\u00f6rt, die Passanten ver\u00f6ffentlicht wurde. Am 25.10. ist die Leidse Volkss\u00e4ngerin in Rotterdam w\u00e4hrend Mart in&#8230;<\/p>\n","protected":false},"author":1,"featured_media":32339,"comment_status":"open","ping_status":"open","sticky":false,"template":"","format":"standard","meta":{"footnotes":""},"categories":[3231,3243],"tags":[436],"class_list":["post-32338","post","type-post","status-publish","format-standard","has-post-thumbnail","hentry","category-bergers-schlagerparadies","category-niederlande","tag-mart-hoogkamer","wpcat-3231-id","wpcat-3243-id"],"_links":{"self":[{"href":"https:\/\/bergers-schlagerparadies.de\/index.php?rest_route=\/wp\/v2\/posts\/32338","targetHints":{"allow":["GET"]}}],"collection":[{"href":"https:\/\/bergers-schlagerparadies.de\/index.php?rest_route=\/wp\/v2\/posts"}],"about":[{"href":"https:\/\/bergers-schlagerparadies.de\/index.php?rest_route=\/wp\/v2\/types\/post"}],"author":[{"embeddable":true,"href":"https:\/\/bergers-schlagerparadies.de\/index.php?rest_route=\/wp\/v2\/users\/1"}],"replies":[{"embeddable":true,"href":"https:\/\/bergers-schlagerparadies.de\/index.php?rest_route=%2Fwp%2Fv2%2Fcomments&post=32338"}],"version-history":[{"count":2,"href":"https:\/\/bergers-schlagerparadies.de\/index.php?rest_route=\/wp\/v2\/posts\/32338\/revisions"}],"predecessor-version":[{"id":32346,"href":"https:\/\/bergers-schlagerparadies.de\/index.php?rest_route=\/wp\/v2\/posts\/32338\/revisions\/32346"}],"wp:featuredmedia":[{"embeddable":true,"href":"https:\/\/bergers-schlagerparadies.de\/index.php?rest_route=\/wp\/v2\/media\/32339"}],"wp:attachment":[{"href":"https:\/\/bergers-schlagerparadies.de\/index.php?rest_route=%2Fwp%2Fv2%2Fmedia&parent=32338"}],"wp:term":[{"taxonomy":"category","embeddable":true,"href":"https:\/\/bergers-schlagerparadies.de\/index.php?rest_route=%2Fwp%2Fv2%2Fcategories&post=32338"},{"taxonomy":"post_tag","embeddable":true,"href":"https:\/\/bergers-schlagerparadies.de\/index.php?rest_route=%2Fwp%2Fv2%2Ftags&post=32338"}],"curies":[{"name":"wp","href":"https:\/\/api.w.org\/{rel}","templated":true}]}}