{"id":32279,"date":"2025-01-27T10:30:25","date_gmt":"2025-01-27T09:30:25","guid":{"rendered":"https:\/\/bergers-schlagerparadies.de\/?p=32279"},"modified":"2025-01-24T15:04:09","modified_gmt":"2025-01-24T14:04:09","slug":"catharina-schwarz-was-meinst-du-%c2%b7-bergers-schlagerparadies","status":"publish","type":"post","link":"https:\/\/bergers-schlagerparadies.de\/?p=32279","title":{"rendered":"Catharina Schwarz &#8211; Was meinst du &#8230; ? \u00b7 Berger\u00b4s Schlagerparadies"},"content":{"rendered":"<p><img loading=\"lazy\" decoding=\"async\" class=\"size-medium wp-image-32280 alignleft\" src=\"https:\/\/bergers-schlagerparadies.de\/wp-content\/uploads\/2025\/01\/Catharina-Schwarz-Was-meinst-du-300x300.jpg\" alt=\"\" width=\"300\" height=\"300\" srcset=\"https:\/\/bergers-schlagerparadies.de\/wp-content\/uploads\/2025\/01\/Catharina-Schwarz-Was-meinst-du-300x300.jpg 300w, https:\/\/bergers-schlagerparadies.de\/wp-content\/uploads\/2025\/01\/Catharina-Schwarz-Was-meinst-du-150x150.jpg 150w, https:\/\/bergers-schlagerparadies.de\/wp-content\/uploads\/2025\/01\/Catharina-Schwarz-Was-meinst-du-768x768.jpg 768w, https:\/\/bergers-schlagerparadies.de\/wp-content\/uploads\/2025\/01\/Catharina-Schwarz-Was-meinst-du-100x100.jpg 100w, https:\/\/bergers-schlagerparadies.de\/wp-content\/uploads\/2025\/01\/Catharina-Schwarz-Was-meinst-du.jpg 883w\" sizes=\"auto, (max-width: 300px) 100vw, 300px\" \/>Catharina Schwarz ist zur\u00fcck und bringt frischen Wind in die Musikwelt mit ihrem neuen Song \u201eWas meinst du&#8230;?\u201c. Die Ver\u00f6ffentlichung ist f\u00fcr den 31. Januar 2025 geplant. Der Song behandelt die aufregenden Momente des Verliebtseins, die Unsicherheiten und das Warten auf Zeichen der Gegenseitigkeit. \u201eWas meinst du?\u201c ist ein emotionaler Schlager-Popsong, der die spannenden Momente des Verliebtseins auf ber\u00fchrende Weise einf\u00e4ngt. Die Fans k\u00f6nnen sich auf einen musikalischen Genuss freuen, der direkt ins Herz geht. Ab dem 31. Januar 2025 wird der Song auf allen g\u00e4ngigen Streaming-Plattformen verf\u00fcgbar sein.<\/p>\n<p>&nbsp;<\/p>\n<p>&nbsp;<\/p>\n<p>&nbsp;<\/p>\n<p><span style=\"color: #800000;\"><strong>Quelle: 99999<\/strong><\/span><\/p>\n<p><span style=\"color: #800000;\"><strong>Dieser Song ist ab dem 31.01.2025 auf allen Download- und Streaming-Portalen erh\u00e4ltlich.\u00a0<\/strong><\/span><\/p>\n<p><span style=\"color: #800000;\"><strong>Airdate (f\u00fcr Radiosender): 31.01.2025<\/strong><\/span><\/p>\n","protected":false},"excerpt":{"rendered":"<p>Catharina Schwarz ist zur\u00fcck und bringt frischen Wind in die Musikwelt mit ihrem neuen Song \u201eWas meinst du&#8230;?\u201c. Die Ver\u00f6ffentlichung ist f\u00fcr den 31. Januar 2025 geplant. Der Song behandelt die aufregenden Momente des Verliebtseins, die Unsicherheiten und das Warten auf Zeichen der Gegenseitigkeit. \u201eWas meinst du?\u201c ist ein emotionaler Schlager-Popsong, der die spannenden Momente des Verliebtseins auf ber\u00fchrende Weise einf\u00e4ngt. Die Fans k\u00f6nnen sich auf einen musikalischen Genuss freuen, der direkt ins Herz geht. Ab dem 31. Januar 2025 wird der Song auf allen g\u00e4ngigen Streaming-Plattformen verf\u00fcgbar sein. &nbsp; &nbsp; &nbsp; Quelle: 99999 Dieser Song ist ab dem 31.01.2025 auf allen Download- und Streaming-Portalen&#8230;<\/p>\n","protected":false},"author":1,"featured_media":32280,"comment_status":"open","ping_status":"open","sticky":false,"template":"","format":"standard","meta":{"footnotes":""},"categories":[3231,3255,3472,3237],"tags":[3524],"class_list":["post-32279","post","type-post","status-publish","format-standard","has-post-thumbnail","hentry","category-bergers-schlagerparadies","category-deutsch","category-euro-pop","category-pop","tag-catharina-schwarz","wpcat-3231-id","wpcat-3255-id","wpcat-3472-id","wpcat-3237-id"],"_links":{"self":[{"href":"https:\/\/bergers-schlagerparadies.de\/index.php?rest_route=\/wp\/v2\/posts\/32279","targetHints":{"allow":["GET"]}}],"collection":[{"href":"https:\/\/bergers-schlagerparadies.de\/index.php?rest_route=\/wp\/v2\/posts"}],"about":[{"href":"https:\/\/bergers-schlagerparadies.de\/index.php?rest_route=\/wp\/v2\/types\/post"}],"author":[{"embeddable":true,"href":"https:\/\/bergers-schlagerparadies.de\/index.php?rest_route=\/wp\/v2\/users\/1"}],"replies":[{"embeddable":true,"href":"https:\/\/bergers-schlagerparadies.de\/index.php?rest_route=%2Fwp%2Fv2%2Fcomments&post=32279"}],"version-history":[{"count":1,"href":"https:\/\/bergers-schlagerparadies.de\/index.php?rest_route=\/wp\/v2\/posts\/32279\/revisions"}],"predecessor-version":[{"id":32281,"href":"https:\/\/bergers-schlagerparadies.de\/index.php?rest_route=\/wp\/v2\/posts\/32279\/revisions\/32281"}],"wp:featuredmedia":[{"embeddable":true,"href":"https:\/\/bergers-schlagerparadies.de\/index.php?rest_route=\/wp\/v2\/media\/32280"}],"wp:attachment":[{"href":"https:\/\/bergers-schlagerparadies.de\/index.php?rest_route=%2Fwp%2Fv2%2Fmedia&parent=32279"}],"wp:term":[{"taxonomy":"category","embeddable":true,"href":"https:\/\/bergers-schlagerparadies.de\/index.php?rest_route=%2Fwp%2Fv2%2Fcategories&post=32279"},{"taxonomy":"post_tag","embeddable":true,"href":"https:\/\/bergers-schlagerparadies.de\/index.php?rest_route=%2Fwp%2Fv2%2Ftags&post=32279"}],"curies":[{"name":"wp","href":"https:\/\/api.w.org\/{rel}","templated":true}]}}