{"id":32206,"date":"2025-01-27T10:30:19","date_gmt":"2025-01-27T09:30:19","guid":{"rendered":"https:\/\/bergers-schlagerparadies.de\/?p=32206"},"modified":"2025-01-24T10:29:05","modified_gmt":"2025-01-24T09:29:05","slug":"karina-klueber-ich-will-mehr-%c2%b7-bergers-schlagerparadies","status":"publish","type":"post","link":"https:\/\/bergers-schlagerparadies.de\/?p=32206","title":{"rendered":"Karina Kl\u00fcber &#8211; Ich will mehr \u00b7 Berger\u00b4s Schlagerparadies"},"content":{"rendered":"<p><img loading=\"lazy\" decoding=\"async\" class=\"size-medium wp-image-32207 alignleft\" src=\"https:\/\/bergers-schlagerparadies.de\/wp-content\/uploads\/2025\/01\/Karina-Klueber-Ich-will-mehr-300x300.jpeg\" alt=\"\" width=\"300\" height=\"300\" srcset=\"https:\/\/bergers-schlagerparadies.de\/wp-content\/uploads\/2025\/01\/Karina-Klueber-Ich-will-mehr-300x300.jpeg 300w, https:\/\/bergers-schlagerparadies.de\/wp-content\/uploads\/2025\/01\/Karina-Klueber-Ich-will-mehr-1024x1024.jpeg 1024w, https:\/\/bergers-schlagerparadies.de\/wp-content\/uploads\/2025\/01\/Karina-Klueber-Ich-will-mehr-150x150.jpeg 150w, https:\/\/bergers-schlagerparadies.de\/wp-content\/uploads\/2025\/01\/Karina-Klueber-Ich-will-mehr-768x768.jpeg 768w, https:\/\/bergers-schlagerparadies.de\/wp-content\/uploads\/2025\/01\/Karina-Klueber-Ich-will-mehr-1536x1536.jpeg 1536w, https:\/\/bergers-schlagerparadies.de\/wp-content\/uploads\/2025\/01\/Karina-Klueber-Ich-will-mehr-2048x2048.jpeg 2048w, https:\/\/bergers-schlagerparadies.de\/wp-content\/uploads\/2025\/01\/Karina-Klueber-Ich-will-mehr-1200x1200.jpeg 1200w, https:\/\/bergers-schlagerparadies.de\/wp-content\/uploads\/2025\/01\/Karina-Klueber-Ich-will-mehr-1188x1188.jpeg 1188w, https:\/\/bergers-schlagerparadies.de\/wp-content\/uploads\/2025\/01\/Karina-Klueber-Ich-will-mehr-100x100.jpeg 100w\" sizes=\"auto, (max-width: 300px) 100vw, 300px\" \/>Karina Kl\u00fcber ist eine vielseitige K\u00fcnstlerin, die seit 2009 national und international auf professionellen B\u00fchnen auftritt. Einem gr\u00f6\u00dferen Publikum wurde sie bekannt durch ihre erfolgreiche Teilnahme bei \u201eThe Voice of Germany\u201c.<br \/>\nMit ihrer EP \u201eLichtblick\u201c und ihrer Single \u201eIch bin frei\u201c, welche in der HR4-Hitparade auf Platz 2 landete, hat sie schnell bewiesen, dass sie zu den aufgehenden Sternen des deutschen Schlager-Himmels geh\u00f6rt. Mit ihrer Single \u201eTotal bereit\u201c gelang ihr der erfolgreiche Sprung in die AirPlay-Charts, wo sie sich mehrere Wochen behaupten konnte.<\/p>\n<p>In Karinas neuester Single \u201eIch will mehr\u201c geht es inhaltlich um eine pl\u00f6tzliche Schw\u00e4rmerei f\u00fcr einen guten Freund und das damit einhergehende Gef\u00fchlschaos. Die neue Single stammt wie fast alle ihre bisher ver\u00f6ffentlichten Songs aus ihrer eigenen Feder. Die erfolgreiche Zusammenarbeit mit dem Produzenten Fabrice Richter-Reichhelm wird nun durch Schlager-Erfolgs-Produzenten Markus Norwin Rummel (u. a. Produzent von Semino Rossi, Kerstin Ott, Maite Kelly, Ben Zucker u. v. m.) ultimativ erg\u00e4nzt und hebt Karinas Musik in neue Dimensionen.<\/p>\n<p><span style=\"color: #800000;\"><strong>Quelle: Fiesta Records<\/strong><\/span><\/p>\n<p><span style=\"color: #800000;\"><strong>Dieser Song ist ab dem 31.01.2025 auf allen Download- und Streaming-Portalen erh\u00e4ltlich.\u00a0<\/strong><\/span><\/p>\n<p><span style=\"color: #800000;\"><strong>Airdate (f\u00fcr Radiosender): 24.01.2025<\/strong><\/span><\/p>\n","protected":false},"excerpt":{"rendered":"<p>Karina Kl\u00fcber ist eine vielseitige K\u00fcnstlerin, die seit 2009 national und international auf professionellen B\u00fchnen auftritt. Einem gr\u00f6\u00dferen Publikum wurde sie bekannt durch ihre erfolgreiche Teilnahme bei \u201eThe Voice of Germany\u201c. Mit ihrer EP \u201eLichtblick\u201c und ihrer Single \u201eIch bin frei\u201c, welche in der HR4-Hitparade auf Platz 2 landete, hat sie schnell bewiesen, dass sie zu den aufgehenden Sternen des deutschen Schlager-Himmels geh\u00f6rt. Mit ihrer Single \u201eTotal bereit\u201c gelang ihr der erfolgreiche Sprung in die AirPlay-Charts, wo sie sich mehrere Wochen behaupten konnte. In Karinas neuester Single \u201eIch will mehr\u201c geht es inhaltlich um eine pl\u00f6tzliche Schw\u00e4rmerei f\u00fcr einen guten Freund und das damit einhergehende&#8230;<\/p>\n","protected":false},"author":1,"featured_media":32207,"comment_status":"open","ping_status":"open","sticky":false,"template":"","format":"standard","meta":{"footnotes":""},"categories":[3231,3232,2],"tags":[907],"class_list":["post-32206","post","type-post","status-publish","format-standard","has-post-thumbnail","hentry","category-bergers-schlagerparadies","category-fiesta-records","category-schlager","tag-karina-klueber","wpcat-3231-id","wpcat-3232-id","wpcat-2-id"],"_links":{"self":[{"href":"https:\/\/bergers-schlagerparadies.de\/index.php?rest_route=\/wp\/v2\/posts\/32206","targetHints":{"allow":["GET"]}}],"collection":[{"href":"https:\/\/bergers-schlagerparadies.de\/index.php?rest_route=\/wp\/v2\/posts"}],"about":[{"href":"https:\/\/bergers-schlagerparadies.de\/index.php?rest_route=\/wp\/v2\/types\/post"}],"author":[{"embeddable":true,"href":"https:\/\/bergers-schlagerparadies.de\/index.php?rest_route=\/wp\/v2\/users\/1"}],"replies":[{"embeddable":true,"href":"https:\/\/bergers-schlagerparadies.de\/index.php?rest_route=%2Fwp%2Fv2%2Fcomments&post=32206"}],"version-history":[{"count":1,"href":"https:\/\/bergers-schlagerparadies.de\/index.php?rest_route=\/wp\/v2\/posts\/32206\/revisions"}],"predecessor-version":[{"id":32208,"href":"https:\/\/bergers-schlagerparadies.de\/index.php?rest_route=\/wp\/v2\/posts\/32206\/revisions\/32208"}],"wp:featuredmedia":[{"embeddable":true,"href":"https:\/\/bergers-schlagerparadies.de\/index.php?rest_route=\/wp\/v2\/media\/32207"}],"wp:attachment":[{"href":"https:\/\/bergers-schlagerparadies.de\/index.php?rest_route=%2Fwp%2Fv2%2Fmedia&parent=32206"}],"wp:term":[{"taxonomy":"category","embeddable":true,"href":"https:\/\/bergers-schlagerparadies.de\/index.php?rest_route=%2Fwp%2Fv2%2Fcategories&post=32206"},{"taxonomy":"post_tag","embeddable":true,"href":"https:\/\/bergers-schlagerparadies.de\/index.php?rest_route=%2Fwp%2Fv2%2Ftags&post=32206"}],"curies":[{"name":"wp","href":"https:\/\/api.w.org\/{rel}","templated":true}]}}