{"id":3220,"date":"2021-03-15T16:00:56","date_gmt":"2021-03-15T15:00:56","guid":{"rendered":"http:\/\/bergers-schlagerparadies.de\/?p=3220"},"modified":"2021-03-15T16:00:56","modified_gmt":"2021-03-15T15:00:56","slug":"nadine-sieben-und-die-zwerge-wenn-wir-zusammen-sind-bergers-schlagerparadies","status":"publish","type":"post","link":"https:\/\/bergers-schlagerparadies.de\/?p=3220","title":{"rendered":"Nadine Sieben und die Zwerge &#8211; Wenn wir zusammen sind | Berger\u00b4s Schlagerparadies"},"content":{"rendered":"<p><img loading=\"lazy\" decoding=\"async\" class=\"size-medium wp-image-3222 alignleft\" src=\"https:\/\/bergers-schlagerparadies.de\/wp-content\/uploads\/2021\/03\/Nadine-Sieben-und-die-Zwerge-Wenn-wir-zusammen-sind-300x300.jpg\" alt=\"\" width=\"300\" height=\"300\" srcset=\"https:\/\/bergers-schlagerparadies.de\/wp-content\/uploads\/2021\/03\/Nadine-Sieben-und-die-Zwerge-Wenn-wir-zusammen-sind-300x300.jpg 300w, https:\/\/bergers-schlagerparadies.de\/wp-content\/uploads\/2021\/03\/Nadine-Sieben-und-die-Zwerge-Wenn-wir-zusammen-sind-150x150.jpg 150w, https:\/\/bergers-schlagerparadies.de\/wp-content\/uploads\/2021\/03\/Nadine-Sieben-und-die-Zwerge-Wenn-wir-zusammen-sind-100x100.jpg 100w, https:\/\/bergers-schlagerparadies.de\/wp-content\/uploads\/2021\/03\/Nadine-Sieben-und-die-Zwerge-Wenn-wir-zusammen-sind.jpg 580w\" sizes=\"auto, (max-width: 300px) 100vw, 300px\" \/>\u201eWenn wir zusammen sind\u201c \u2026 Ein Gedanke, der in diesen Tagen vor allem Hoffnung ausdr\u00fcckt. Das unbeschwerte Zusammensein w\u00fcnschen wir uns sehnlich herbei. Nadine Sieben und die Zwerge pr\u00e4sentieren ab 26. Februar 2021 mit \u201eWenn wir zusammen sind\u201c die passende Hymne daf\u00fcr \u2013 Vorfreude zum H\u00f6ren f\u00fcr Klein und Gro\u00df. Die Kinderlieders\u00e4ngerin und dreifache Mutter \u00fcberzeugt in ihrem neuesten alters\u00fcbergreifenden Pop-Schlager mit eing\u00e4ngigen Texten und Melodien.<\/p>\n<p>Der aktuelle Song entstand aus der Zusammenarbeit der S\u00e4ngerin, Texterin und Komponistin mit ihrem Produzenten-Team um Peter Hoffmann (Tokio Hotel, Falco, Oli P., Die Lollipops, \u2026) und Julian Neumann (Melloton Studio, Hamburg), die schon Ende 2020 die erfolgreich ihre erste gemeinsame Weihnachtssingle \u201eWeihnachtself\u201c ver\u00f6ffentlicht haben. Beim Song \u201eWenn wir zusammen sind\u201c, der das hoffentlich baldige Ende der Einsamkeit feiert, sind als Mitautoren Marcel Stoffels und Dennis Sarp dabei. Die Musikerin Nadine Sieben freut sich schon auf weitere musikalische Zusammenarbeiten mit K\u00fcnstlerinnen und K\u00fcnstlern aus Pop, Schlager und Kindermusik im Team mit ihrem Label Karussell (Universal Music).<\/p>\n<p>\u2014<br \/>\n\u201eWenn wir zusammen sind\u201c<br \/>\nNadine Sieben und die Zwerge<\/p>\n<p>V\u00d6 26. Februar 2021<br \/>\n<iframe style=\"width: 120px; height: 240px;\" src=\"\/\/ws-eu.amazon-adsystem.com\/widgets\/q?ServiceVersion=20070822&amp;OneJS=1&amp;Operation=GetAdHtml&amp;MarketPlace=DE&amp;source=ss&amp;ref=as_ss_li_til&amp;ad_type=product_link&amp;tracking_id=bergers-21&amp;language=de_DE&amp;marketplace=amazon&amp;region=DE&amp;placement=B08WYF1GKW&amp;asins=B08WYF1GKW&amp;linkId=5e5e2651e0e1a42e8775e40246178de5&amp;show_border=true&amp;link_opens_in_new_window=true\" frameborder=\"0\" marginwidth=\"0\" marginheight=\"0\" scrolling=\"no\"><\/iframe><\/p>\n","protected":false},"excerpt":{"rendered":"<p>\u201eWenn wir zusammen sind\u201c \u2026 Ein Gedanke, der in diesen Tagen vor allem Hoffnung ausdr\u00fcckt. Das unbeschwerte Zusammensein w\u00fcnschen wir uns sehnlich herbei. Nadine Sieben und die Zwerge pr\u00e4sentieren ab 26. Februar 2021 mit \u201eWenn wir zusammen sind\u201c die passende Hymne daf\u00fcr \u2013 Vorfreude zum H\u00f6ren f\u00fcr Klein und Gro\u00df. Die Kinderlieders\u00e4ngerin und dreifache Mutter \u00fcberzeugt in ihrem neuesten alters\u00fcbergreifenden Pop-Schlager mit eing\u00e4ngigen Texten und Melodien. Der aktuelle Song entstand aus der Zusammenarbeit der S\u00e4ngerin, Texterin und Komponistin mit ihrem Produzenten-Team um Peter Hoffmann (Tokio Hotel, Falco, Oli P., Die Lollipops, \u2026) und Julian Neumann (Melloton Studio, Hamburg), die schon Ende 2020 die erfolgreich ihre&#8230;<\/p>\n","protected":false},"author":1,"featured_media":3222,"comment_status":"open","ping_status":"open","sticky":false,"template":"","format":"standard","meta":{"footnotes":""},"categories":[2],"tags":[432],"class_list":["post-3220","post","type-post","status-publish","format-standard","has-post-thumbnail","hentry","category-schlager","tag-nadine-sieben-und-die-zwerge","wpcat-2-id"],"_links":{"self":[{"href":"https:\/\/bergers-schlagerparadies.de\/index.php?rest_route=\/wp\/v2\/posts\/3220","targetHints":{"allow":["GET"]}}],"collection":[{"href":"https:\/\/bergers-schlagerparadies.de\/index.php?rest_route=\/wp\/v2\/posts"}],"about":[{"href":"https:\/\/bergers-schlagerparadies.de\/index.php?rest_route=\/wp\/v2\/types\/post"}],"author":[{"embeddable":true,"href":"https:\/\/bergers-schlagerparadies.de\/index.php?rest_route=\/wp\/v2\/users\/1"}],"replies":[{"embeddable":true,"href":"https:\/\/bergers-schlagerparadies.de\/index.php?rest_route=%2Fwp%2Fv2%2Fcomments&post=3220"}],"version-history":[{"count":1,"href":"https:\/\/bergers-schlagerparadies.de\/index.php?rest_route=\/wp\/v2\/posts\/3220\/revisions"}],"predecessor-version":[{"id":3223,"href":"https:\/\/bergers-schlagerparadies.de\/index.php?rest_route=\/wp\/v2\/posts\/3220\/revisions\/3223"}],"wp:featuredmedia":[{"embeddable":true,"href":"https:\/\/bergers-schlagerparadies.de\/index.php?rest_route=\/wp\/v2\/media\/3222"}],"wp:attachment":[{"href":"https:\/\/bergers-schlagerparadies.de\/index.php?rest_route=%2Fwp%2Fv2%2Fmedia&parent=3220"}],"wp:term":[{"taxonomy":"category","embeddable":true,"href":"https:\/\/bergers-schlagerparadies.de\/index.php?rest_route=%2Fwp%2Fv2%2Fcategories&post=3220"},{"taxonomy":"post_tag","embeddable":true,"href":"https:\/\/bergers-schlagerparadies.de\/index.php?rest_route=%2Fwp%2Fv2%2Ftags&post=3220"}],"curies":[{"name":"wp","href":"https:\/\/api.w.org\/{rel}","templated":true}]}}