{"id":32173,"date":"2025-01-22T11:01:46","date_gmt":"2025-01-22T10:01:46","guid":{"rendered":"https:\/\/bergers-schlagerparadies.de\/?p=32173"},"modified":"2025-01-22T11:01:46","modified_gmt":"2025-01-22T10:01:46","slug":"arno-verano-an-meinem-fenster-%c2%b7-bergers-schlagerparadies-2","status":"publish","type":"post","link":"https:\/\/bergers-schlagerparadies.de\/?p=32173","title":{"rendered":"Arno Verano &#8211; An meinem Fenster \u00b7 Berger\u00b4s Schlagerparadies"},"content":{"rendered":"<p><img loading=\"lazy\" decoding=\"async\" class=\"size-medium wp-image-32174 alignleft\" src=\"https:\/\/bergers-schlagerparadies.de\/wp-content\/uploads\/2025\/01\/Arno-Verano-An-meinem-Fenster-300x300.jpg\" alt=\"\" width=\"300\" height=\"300\" srcset=\"https:\/\/bergers-schlagerparadies.de\/wp-content\/uploads\/2025\/01\/Arno-Verano-An-meinem-Fenster-300x300.jpg 300w, https:\/\/bergers-schlagerparadies.de\/wp-content\/uploads\/2025\/01\/Arno-Verano-An-meinem-Fenster-1024x1024.jpg 1024w, https:\/\/bergers-schlagerparadies.de\/wp-content\/uploads\/2025\/01\/Arno-Verano-An-meinem-Fenster-150x150.jpg 150w, https:\/\/bergers-schlagerparadies.de\/wp-content\/uploads\/2025\/01\/Arno-Verano-An-meinem-Fenster-768x768.jpg 768w, https:\/\/bergers-schlagerparadies.de\/wp-content\/uploads\/2025\/01\/Arno-Verano-An-meinem-Fenster-1536x1536.jpg 1536w, https:\/\/bergers-schlagerparadies.de\/wp-content\/uploads\/2025\/01\/Arno-Verano-An-meinem-Fenster-2048x2048.jpg 2048w, https:\/\/bergers-schlagerparadies.de\/wp-content\/uploads\/2025\/01\/Arno-Verano-An-meinem-Fenster-1200x1200.jpg 1200w, https:\/\/bergers-schlagerparadies.de\/wp-content\/uploads\/2025\/01\/Arno-Verano-An-meinem-Fenster-1188x1188.jpg 1188w, https:\/\/bergers-schlagerparadies.de\/wp-content\/uploads\/2025\/01\/Arno-Verano-An-meinem-Fenster-100x100.jpg 100w\" sizes=\"auto, (max-width: 300px) 100vw, 300px\" \/>UK Produzent\/Remixer James Blair verwandelt Arno Veranos Ballade &#8222;An meinem Fenster&#8220; in einen tanzbaren Pop Mix.<\/p>\n<p>&#8222;Es werden gleich zwei Versionen erh\u00e4ltlich sein \u2013 der Club Mix und der Remix. Beide bieten ein mitrei\u00dfendes Epos, das die emotionale Tiefe des Originals mit pulsierenden 80er-Jahre-Synthesizer[1]Disco-Soundelementen verbindet.&#8220;<\/p>\n<p>Project K hat &#8222;An meinem Fenster&#8220; in einen modernen Pop-Hit verwandelt, der sowohl die Herzen der Fans des Originals als auch der elektronischen Musik begeistern wird. Die hitverd\u00e4chtige Produktion hebt die St\u00e4rken des Originals hervor und verleiht ihm gleichzeitig eine neue, dynamische Energie. Der Club Mix ist perfekt f\u00fcr die Tanzfl\u00e4che, w\u00e4hrend der Remix ein breiteres Publikum anspricht.<\/p>\n<p>Arno Verano, bekannt f\u00fcr seinen unkonventionellen Ansatz, beweist erneut seinen Mut, gegen den Strom zu schwimmen.<\/p>\n<p>\u201eDie Zusammenarbeit mit James Blair war fantastisch\u201c, sagt Arno Verano. \u201eEr hat den Song auf eine Weise neu interpretiert, die ich mir selbst nie h\u00e4tte vorstellen k\u00f6nnen. Das Ergebnis ist ein echter Hit, auf den ich sehr stolz bin.\u201c<\/p>\n<p>Somit ist der Remix von &#8222;An meinem Fenster&#8220; ein Muss f\u00fcr alle Fans von tanzbarer Popmusik.<\/p>\n<p><span style=\"color: #800000;\"><strong>Quelle: Fiesta Records<\/strong><\/span><\/p>\n<p><span style=\"color: #800000;\"><strong>Dieser Song ist ab dem 24.01.2025 auf allen Download- und Streaming-Portalen erh\u00e4ltlich.\u00a0<\/strong><\/span><\/p>\n<p><span style=\"color: #800000;\"><strong>Airdate (f\u00fcr Radiosender): 22.01.2025<\/strong><\/span><\/p>\n","protected":false},"excerpt":{"rendered":"<p>UK Produzent\/Remixer James Blair verwandelt Arno Veranos Ballade &#8222;An meinem Fenster&#8220; in einen tanzbaren Pop Mix. &#8222;Es werden gleich zwei Versionen erh\u00e4ltlich sein \u2013 der Club Mix und der Remix. Beide bieten ein mitrei\u00dfendes Epos, das die emotionale Tiefe des Originals mit pulsierenden 80er-Jahre-Synthesizer[1]Disco-Soundelementen verbindet.&#8220; Project K hat &#8222;An meinem Fenster&#8220; in einen modernen Pop-Hit verwandelt, der sowohl die Herzen der Fans des Originals als auch der elektronischen Musik begeistern wird. Die hitverd\u00e4chtige Produktion hebt die St\u00e4rken des Originals hervor und verleiht ihm gleichzeitig eine neue, dynamische Energie. Der Club Mix ist perfekt f\u00fcr die Tanzfl\u00e4che, w\u00e4hrend der Remix ein breiteres Publikum anspricht. Arno Verano,&#8230;<\/p>\n","protected":false},"author":1,"featured_media":32174,"comment_status":"open","ping_status":"open","sticky":false,"template":"","format":"standard","meta":{"footnotes":""},"categories":[3231,3232,2],"tags":[475],"class_list":["post-32173","post","type-post","status-publish","format-standard","has-post-thumbnail","hentry","category-bergers-schlagerparadies","category-fiesta-records","category-schlager","tag-arno-verano","wpcat-3231-id","wpcat-3232-id","wpcat-2-id"],"_links":{"self":[{"href":"https:\/\/bergers-schlagerparadies.de\/index.php?rest_route=\/wp\/v2\/posts\/32173","targetHints":{"allow":["GET"]}}],"collection":[{"href":"https:\/\/bergers-schlagerparadies.de\/index.php?rest_route=\/wp\/v2\/posts"}],"about":[{"href":"https:\/\/bergers-schlagerparadies.de\/index.php?rest_route=\/wp\/v2\/types\/post"}],"author":[{"embeddable":true,"href":"https:\/\/bergers-schlagerparadies.de\/index.php?rest_route=\/wp\/v2\/users\/1"}],"replies":[{"embeddable":true,"href":"https:\/\/bergers-schlagerparadies.de\/index.php?rest_route=%2Fwp%2Fv2%2Fcomments&post=32173"}],"version-history":[{"count":1,"href":"https:\/\/bergers-schlagerparadies.de\/index.php?rest_route=\/wp\/v2\/posts\/32173\/revisions"}],"predecessor-version":[{"id":32175,"href":"https:\/\/bergers-schlagerparadies.de\/index.php?rest_route=\/wp\/v2\/posts\/32173\/revisions\/32175"}],"wp:featuredmedia":[{"embeddable":true,"href":"https:\/\/bergers-schlagerparadies.de\/index.php?rest_route=\/wp\/v2\/media\/32174"}],"wp:attachment":[{"href":"https:\/\/bergers-schlagerparadies.de\/index.php?rest_route=%2Fwp%2Fv2%2Fmedia&parent=32173"}],"wp:term":[{"taxonomy":"category","embeddable":true,"href":"https:\/\/bergers-schlagerparadies.de\/index.php?rest_route=%2Fwp%2Fv2%2Fcategories&post=32173"},{"taxonomy":"post_tag","embeddable":true,"href":"https:\/\/bergers-schlagerparadies.de\/index.php?rest_route=%2Fwp%2Fv2%2Ftags&post=32173"}],"curies":[{"name":"wp","href":"https:\/\/api.w.org\/{rel}","templated":true}]}}