{"id":32170,"date":"2025-01-22T10:48:23","date_gmt":"2025-01-22T09:48:23","guid":{"rendered":"https:\/\/bergers-schlagerparadies.de\/?p=32170"},"modified":"2025-01-22T10:48:44","modified_gmt":"2025-01-22T09:48:44","slug":"susan-ebrahimi-das-leben-ist-ein-fest-%c2%b7-bergers-schlagerparadies","status":"publish","type":"post","link":"https:\/\/bergers-schlagerparadies.de\/?p=32170","title":{"rendered":"Susan Ebrahimi &#8211; Das Leben ist ein Fest \u00b7 Berger\u00b4s Schlagerparadies"},"content":{"rendered":"<p><img loading=\"lazy\" decoding=\"async\" class=\"size-medium wp-image-32171 alignleft\" src=\"https:\/\/bergers-schlagerparadies.de\/wp-content\/uploads\/2025\/01\/Susan-Ebrahimi-Das-Leben-ist-ein-Fest-300x300.jpg\" alt=\"\" width=\"300\" height=\"300\" srcset=\"https:\/\/bergers-schlagerparadies.de\/wp-content\/uploads\/2025\/01\/Susan-Ebrahimi-Das-Leben-ist-ein-Fest-300x300.jpg 300w, https:\/\/bergers-schlagerparadies.de\/wp-content\/uploads\/2025\/01\/Susan-Ebrahimi-Das-Leben-ist-ein-Fest-1024x1024.jpg 1024w, https:\/\/bergers-schlagerparadies.de\/wp-content\/uploads\/2025\/01\/Susan-Ebrahimi-Das-Leben-ist-ein-Fest-150x150.jpg 150w, https:\/\/bergers-schlagerparadies.de\/wp-content\/uploads\/2025\/01\/Susan-Ebrahimi-Das-Leben-ist-ein-Fest-768x768.jpg 768w, https:\/\/bergers-schlagerparadies.de\/wp-content\/uploads\/2025\/01\/Susan-Ebrahimi-Das-Leben-ist-ein-Fest-1536x1536.jpg 1536w, https:\/\/bergers-schlagerparadies.de\/wp-content\/uploads\/2025\/01\/Susan-Ebrahimi-Das-Leben-ist-ein-Fest-2048x2048.jpg 2048w, https:\/\/bergers-schlagerparadies.de\/wp-content\/uploads\/2025\/01\/Susan-Ebrahimi-Das-Leben-ist-ein-Fest-1200x1200.jpg 1200w, https:\/\/bergers-schlagerparadies.de\/wp-content\/uploads\/2025\/01\/Susan-Ebrahimi-Das-Leben-ist-ein-Fest-1188x1188.jpg 1188w, https:\/\/bergers-schlagerparadies.de\/wp-content\/uploads\/2025\/01\/Susan-Ebrahimi-Das-Leben-ist-ein-Fest-100x100.jpg 100w\" sizes=\"auto, (max-width: 300px) 100vw, 300px\" \/>Nach den Festivit\u00e4ten der letzten Wochen, konstatiert Susan Ebrahimi mit ihrer neuen Single: \u201eDas Leben ist ein Fest\u201c, und sie h\u00e4lt auch ganz genau, was sie mit diesem Titel verspricht:<\/p>\n<p>Eine dynamische Nummer, die gleich mit den ersten Takten im Intro mit einer hypnotischen Geigenmelodie, knalligen Drums und einer fetzigen E-Gitarre aufwartet. Mit einer unerwarteten und \u00fcberraschenden Mixtur aus Popschlager und Irish-Folk, gepaart mit einer positiven Message und einer genauso mitrei\u00dfenden Melodie \u00fcberzeugt Susan Ebrahimi, nicht nur wieder stimmlich auf ganzer L\u00e4nge, sondern auch als Co-Autorin, zusammen mit ihrem bew\u00e4hrten M\u00fcnchner Team, Willy Kl\u00fcter und Manfred Hochholzer.<\/p>\n<p>Dem erfolgreichen Trio gelang schon so manche musikalische \u00dcberraschung, in dem man sich nicht auf bew\u00e4hrte Pfade und immerw\u00e4hrende Wiederholungen verlie\u00df, sondern gern auch mal etwas Neues wagte, wie zum Beispiel mit dieser Produktion, die so viel Lebenslust und Freude und Emotionen ausstrahlt, und mit jedem Ton und jedem Beat das Leben feiert.<\/p>\n<p>Susan Ebrahimi ver\u00f6ffentlichte im letzten Jahr mit ihrem Album \u201eGesichter\u201c eine besondere Sammlung Songs, die ihre ganze Bandbreite zeigen, und schon eine gro\u00dfe Anzahl veritabler\u00a0\u00a0Radiohits hervorgebracht haben. \u201eDas Leben ist ein Fest\u201c ist ein besonderes Highlight aus diesem Album, und ein weiterer Mosaikstein, der ihre Vielseitigkeit dokumentiert, die von ihren Fans gefeiert, von den Musik-Kennern gewertsch\u00e4tzt wird, und die Herzen ihrer H\u00f6rer erreicht.<\/p>\n<p><span style=\"color: #800000;\"><strong>Quelle: KLONDIKE Records &amp; Songs\u00a0<\/strong><\/span><\/p>\n<p><span style=\"color: #800000;\"><strong>Dieser Song ist ab dem 24.01.2025 auf allen Download- und Streaming-Portalen erh\u00e4ltlich.\u00a0<\/strong><\/span><\/p>\n<p><span style=\"color: #800000;\"><strong>Airdate (f\u00fcr Radiosender): 24.01.2025<\/strong><\/span><\/p>\n","protected":false},"excerpt":{"rendered":"<p>Nach den Festivit\u00e4ten der letzten Wochen, konstatiert Susan Ebrahimi mit ihrer neuen Single: \u201eDas Leben ist ein Fest\u201c, und sie h\u00e4lt auch ganz genau, was sie mit diesem Titel verspricht: Eine dynamische Nummer, die gleich mit den ersten Takten im Intro mit einer hypnotischen Geigenmelodie, knalligen Drums und einer fetzigen E-Gitarre aufwartet. Mit einer unerwarteten und \u00fcberraschenden Mixtur aus Popschlager und Irish-Folk, gepaart mit einer positiven Message und einer genauso mitrei\u00dfenden Melodie \u00fcberzeugt Susan Ebrahimi, nicht nur wieder stimmlich auf ganzer L\u00e4nge, sondern auch als Co-Autorin, zusammen mit ihrem bew\u00e4hrten M\u00fcnchner Team, Willy Kl\u00fcter und Manfred Hochholzer. Dem erfolgreichen Trio gelang schon so manche musikalische&#8230;<\/p>\n","protected":false},"author":1,"featured_media":32171,"comment_status":"open","ping_status":"open","sticky":false,"template":"","format":"standard","meta":{"footnotes":""},"categories":[3231,3437,2],"tags":[807],"class_list":["post-32170","post","type-post","status-publish","format-standard","has-post-thumbnail","hentry","category-bergers-schlagerparadies","category-klondike-records-songs","category-schlager","tag-susan-ebrahimi","wpcat-3231-id","wpcat-3437-id","wpcat-2-id"],"_links":{"self":[{"href":"https:\/\/bergers-schlagerparadies.de\/index.php?rest_route=\/wp\/v2\/posts\/32170","targetHints":{"allow":["GET"]}}],"collection":[{"href":"https:\/\/bergers-schlagerparadies.de\/index.php?rest_route=\/wp\/v2\/posts"}],"about":[{"href":"https:\/\/bergers-schlagerparadies.de\/index.php?rest_route=\/wp\/v2\/types\/post"}],"author":[{"embeddable":true,"href":"https:\/\/bergers-schlagerparadies.de\/index.php?rest_route=\/wp\/v2\/users\/1"}],"replies":[{"embeddable":true,"href":"https:\/\/bergers-schlagerparadies.de\/index.php?rest_route=%2Fwp%2Fv2%2Fcomments&post=32170"}],"version-history":[{"count":1,"href":"https:\/\/bergers-schlagerparadies.de\/index.php?rest_route=\/wp\/v2\/posts\/32170\/revisions"}],"predecessor-version":[{"id":32172,"href":"https:\/\/bergers-schlagerparadies.de\/index.php?rest_route=\/wp\/v2\/posts\/32170\/revisions\/32172"}],"wp:featuredmedia":[{"embeddable":true,"href":"https:\/\/bergers-schlagerparadies.de\/index.php?rest_route=\/wp\/v2\/media\/32171"}],"wp:attachment":[{"href":"https:\/\/bergers-schlagerparadies.de\/index.php?rest_route=%2Fwp%2Fv2%2Fmedia&parent=32170"}],"wp:term":[{"taxonomy":"category","embeddable":true,"href":"https:\/\/bergers-schlagerparadies.de\/index.php?rest_route=%2Fwp%2Fv2%2Fcategories&post=32170"},{"taxonomy":"post_tag","embeddable":true,"href":"https:\/\/bergers-schlagerparadies.de\/index.php?rest_route=%2Fwp%2Fv2%2Ftags&post=32170"}],"curies":[{"name":"wp","href":"https:\/\/api.w.org\/{rel}","templated":true}]}}