{"id":3215,"date":"2021-03-14T11:21:27","date_gmt":"2021-03-14T10:21:27","guid":{"rendered":"http:\/\/bergers-schlagerparadies.de\/?p=3215"},"modified":"2021-03-14T11:22:01","modified_gmt":"2021-03-14T10:22:01","slug":"willkommen-bei-carmen-nebel-zum-letzten-mal-bergers-schlagerparadies","status":"publish","type":"post","link":"https:\/\/bergers-schlagerparadies.de\/?p=3215","title":{"rendered":"Willkommen Bei Carmen Nebel ( Zum letzten mal nach 18 Jahren ) | Berger\u00b4s Schlagerparadies"},"content":{"rendered":"<p><img loading=\"lazy\" decoding=\"async\" class=\"size-medium wp-image-3217 alignleft\" src=\"https:\/\/bergers-schlagerparadies.de\/wp-content\/uploads\/2021\/03\/Willkommen-Bei-Carmen-Nebel-300x300.png\" alt=\"\" width=\"300\" height=\"300\" srcset=\"https:\/\/bergers-schlagerparadies.de\/wp-content\/uploads\/2021\/03\/Willkommen-Bei-Carmen-Nebel-300x300.png 300w, https:\/\/bergers-schlagerparadies.de\/wp-content\/uploads\/2021\/03\/Willkommen-Bei-Carmen-Nebel-150x150.png 150w, https:\/\/bergers-schlagerparadies.de\/wp-content\/uploads\/2021\/03\/Willkommen-Bei-Carmen-Nebel-100x100.png 100w, https:\/\/bergers-schlagerparadies.de\/wp-content\/uploads\/2021\/03\/Willkommen-Bei-Carmen-Nebel.png 580w\" sizes=\"auto, (max-width: 300px) 100vw, 300px\" \/>Als Carmen Nebel sich nach 18 Jahren verabschiedet, flie\u00dfen bei Andrea Berg die Tr\u00e4nen<\/p>\n<div class=\"leadIn\">\n<p>Die Abschiedsshow der Moderatorin brachte ber\u00fchmte G\u00e4ste wie Rollando Villaz\u00f3n und Marianna G\u00e4ste auf die B\u00fchne, dabei gro\u00dfe Gef\u00fchle und kleine Wahrheiten. Etwa jene, dass Carmen Nebel immer gegen ihren eigenen Namen im Titel der Show war.<\/p>\n<\/div>\n<div class=\"textBlock\">\n<p>\u201eSie machen mich verlegen\u201c, ruft Carmen Nebel von der B\u00fchne. Die Zuschauer toben, katapultieren sich zu stehenden Ovationen von den Sitzen. Der Beifall will einfach nicht enden. Tosender Applaus. Carmen Nebels Augen leuchten, rollt da gar eine Tr\u00e4ne vor R\u00fchrung. Die 1956 in Grimma geborene Moderatorin wurde vor vielen Jahren bei einem Talentwettbewerb auf dem Berliner Alexanderplatz entdeckt. Diese TV-Szenen sind das Ziel aller Sehns\u00fcchte. Bl\u00f6d nur, dass die Bilder lediglich dem Trailer zur letzten Ausgabe von \u201eWillkommen bei Carmen Nebel\u201c entstammen. Denn bei Nebels Live-Goodbye aus\u00a0Berlin\u00a0gibt es nat\u00fcrlich wegen\u00a0Corona\u00a0gar kein Publikum im Saal.<\/p>\n<h2>Nach 82 Shows ist Nebel wehm\u00fctig<\/h2>\n<p>\u201eIch habe noch mal richtig gro\u00df eingeladen\u201c, verspricht Nebel im schwarzen Traueranzug. Mit dabei sind ihre Dauerg\u00e4ste aus den 82 Shows der vergangenen 18 Jahre. Im Sicherheitsabstand klatschen sie der Gastgeberin Beifall: Howard Carpendale, Marianne Rosenberg, Nik P., Andreas Gabalier und Beatrice Egli. Nat\u00fcrlich auch der ewige Andy Borg, Angelika Milster, Maite Kelly, Rolando Villaz\u00f3n und der unvermeidliche Sascha Grammel mit Schildkr\u00f6te Josie. Nebel meint: \u201eIch habe das erste Mal tats\u00e4chlich echte Taschen im Anzug. Vielleicht brauche ich ein Taschentuch.\u201c Bei der letzten \u201eWillkommens\u201c-Show schwingt Wehmut mit. Vor allem bei der Gastgeberin.<\/p>\n<h2>Nebel \u00fcber Show-Titel: \u201eMich hat mein Name immer gest\u00f6rt\u201c<\/h2>\n<p>Andy Borg war in 18 Jahren 17-mal bei Carmen Nebel. Er singt von roter Sonne, Meer und Strand. Ein Lied wie aus einer anderen Epoche. \u201eEs war wie fr\u00fcher\u201c, jubelt Nebel und gesteht kurz danach Beatrice Egli, die erstmals 2013 in der Sendung war: \u201eIch habe deine Mutter mal gefragt, ob ich dich ab und zu haben kann. Ich mag dich wirklich.\u201c Die Schweizerin ist angesichts des Gest\u00e4ndnisses ger\u00fchrt und hat eine Schokolade in Herzform dabei, auf der ein Foto mit einer Umarmung von S\u00e4ngerin und Moderatorin klebt. Dann kommt noch ein viel gr\u00f6\u00dferes Gest\u00e4ndnis. Nebel erkl\u00e4rt: \u201eMich hat mein Name im Titel \u00b4Willkommen bei Carmen Nebel\u2018 immer gest\u00f6rt. Ich wollte das gar nicht!\u201c<\/p>\n<p>Carmen Nebel hat S\u00e4ngerin Angelika Milster auch mal die Sch\u00f6nheit ruiniert. Die beiden Damen sa\u00dfen auf der B\u00fchne. Die Moderatorin interviewte die S\u00e4ngerin. Da entdeckte Nebel einen Fussel an der Wimper des Gegen\u00fcbers. Sie steht auf, zieht an der Fluse und rei\u00dft Angelika Milster die komplette Wimper ab. \u201eWir haben beide sehr gelacht\u201c, erkl\u00e4rt Nebel. Die beiden Damen gestehen auch, \u00fcber M\u00e4nner in wei\u00dfen Socken zu l\u00e4stern und gemeinsam an der Bar zu versumpfen. Das gr\u00f6\u00dfte Kompliment des Abends kommt von Eisprinzessin und Olympiasiegerin Katarina Witt: \u201eDu hast als charmante, witzige und bodenst\u00e4ndige Frau deinen Mann in einer rauen Branche gestanden. Du kannst so so stolz sein!\u201c<\/p>\n<h2>Roland Kaiser feierte sein Comeback bei Carmen Nebel<\/h2>\n<p>Roland Kaiser kommt. Vor \u00fcber zehn Jahren und nach schwerer Krankheit hatte er sein Comeback bei Carmen Nebel gegeben. \u201eDu hast dem Samstag 18 Jahre lang W\u00fcrde und Respekt gegeben. Daf\u00fcr mein gro\u00dfer Dank.\u201c Sch\u00f6ner als der Kaiser kann man es nicht sagen. 2005 wurde die Show sogar mal kurz vor 22 Uhr vom Sender genommen. Aber nur f\u00fcr den Abend.\u00a0Papst\u00a0Johannes Paul II. war gestorben. \u201eWir hatten dem Publikum nicht gesagt, dass es nicht mehr live ist\u201c, gesteht Nebel. Der Rest der Sendung wurde nie gesendet. Das Duo mit Paul Anka blieb deshalb unter Verschluss. Nebel erkl\u00e4rt: \u201eIch war damals unter Schock und hatte vergessen, dass ich gar nicht singen kann.\u201c<\/p>\n<h2>Nebel bleibt ZDF f\u00fcr zwei Shows erhalten<\/h2>\n<p>Andrea Berg\u00a0kann singen und dabei laufen ihr ganze B\u00e4che von Tr\u00e4nen die Wangen herunter. Carmen Nebel weint gleich mit. \u201eIch habe mir gedacht, wenn du heulst, kann ich das schon lange\u201c, sagt Berg. Anschlie\u00dfend teilen sich die Damen die Taschent\u00fccher. \u201eWir m\u00fcssen nicht traurig sein, weil ein bisschen bleibe ich ja auch\u201c, meint Nebel. So ganz geht sie tats\u00e4chlich nicht. Das ZDF hat Nebels Vertrag vorzeitig bis Ende 2023 verl\u00e4ngert, damit diese weiterhin ihre Spendengala in der Vorweihnachtszeit und ihre Heiligabend-Show moderieren kann. \u201eDas war die sch\u00f6nste Show meines Lebens\u201c, sagt Carmen Nebel noch. Bis bald, Carmen!<\/p>\n<\/div>\n<p>Quelle: focus.de<br \/>\n<iframe style=\"width: 120px; height: 240px;\" src=\"\/\/ws-eu.amazon-adsystem.com\/widgets\/q?ServiceVersion=20070822&amp;OneJS=1&amp;Operation=GetAdHtml&amp;MarketPlace=DE&amp;source=ss&amp;ref=as_ss_li_til&amp;ad_type=product_link&amp;tracking_id=bergers-21&amp;language=de_DE&amp;marketplace=amazon&amp;region=DE&amp;placement=B08W6QDBFY&amp;asins=B08W6QDBFY&amp;linkId=f093ad6e5aa22ac7d30d62602c77e201&amp;show_border=true&amp;link_opens_in_new_window=true\" frameborder=\"0\" marginwidth=\"0\" marginheight=\"0\" scrolling=\"no\"><\/iframe><\/p>\n","protected":false},"excerpt":{"rendered":"<p>Als Carmen Nebel sich nach 18 Jahren verabschiedet, flie\u00dfen bei Andrea Berg die Tr\u00e4nen Die Abschiedsshow der Moderatorin brachte ber\u00fchmte G\u00e4ste wie Rollando Villaz\u00f3n und Marianna G\u00e4ste auf die B\u00fchne, dabei gro\u00dfe Gef\u00fchle und kleine Wahrheiten. Etwa jene, dass Carmen Nebel immer gegen ihren eigenen Namen im Titel der Show war. \u201eSie machen mich verlegen\u201c, ruft Carmen Nebel von der B\u00fchne. Die Zuschauer toben, katapultieren sich zu stehenden Ovationen von den Sitzen. Der Beifall will einfach nicht enden. Tosender Applaus. Carmen Nebels Augen leuchten, rollt da gar eine Tr\u00e4ne vor R\u00fchrung. Die 1956 in Grimma geborene Moderatorin wurde vor vielen Jahren bei einem Talentwettbewerb auf&#8230;<\/p>\n","protected":false},"author":1,"featured_media":3217,"comment_status":"open","ping_status":"open","sticky":false,"template":"","format":"standard","meta":{"footnotes":""},"categories":[2],"tags":[431],"class_list":["post-3215","post","type-post","status-publish","format-standard","has-post-thumbnail","hentry","category-schlager","tag-willkommen-bei-carmen-nebel","wpcat-2-id"],"_links":{"self":[{"href":"https:\/\/bergers-schlagerparadies.de\/index.php?rest_route=\/wp\/v2\/posts\/3215","targetHints":{"allow":["GET"]}}],"collection":[{"href":"https:\/\/bergers-schlagerparadies.de\/index.php?rest_route=\/wp\/v2\/posts"}],"about":[{"href":"https:\/\/bergers-schlagerparadies.de\/index.php?rest_route=\/wp\/v2\/types\/post"}],"author":[{"embeddable":true,"href":"https:\/\/bergers-schlagerparadies.de\/index.php?rest_route=\/wp\/v2\/users\/1"}],"replies":[{"embeddable":true,"href":"https:\/\/bergers-schlagerparadies.de\/index.php?rest_route=%2Fwp%2Fv2%2Fcomments&post=3215"}],"version-history":[{"count":2,"href":"https:\/\/bergers-schlagerparadies.de\/index.php?rest_route=\/wp\/v2\/posts\/3215\/revisions"}],"predecessor-version":[{"id":3219,"href":"https:\/\/bergers-schlagerparadies.de\/index.php?rest_route=\/wp\/v2\/posts\/3215\/revisions\/3219"}],"wp:featuredmedia":[{"embeddable":true,"href":"https:\/\/bergers-schlagerparadies.de\/index.php?rest_route=\/wp\/v2\/media\/3217"}],"wp:attachment":[{"href":"https:\/\/bergers-schlagerparadies.de\/index.php?rest_route=%2Fwp%2Fv2%2Fmedia&parent=3215"}],"wp:term":[{"taxonomy":"category","embeddable":true,"href":"https:\/\/bergers-schlagerparadies.de\/index.php?rest_route=%2Fwp%2Fv2%2Fcategories&post=3215"},{"taxonomy":"post_tag","embeddable":true,"href":"https:\/\/bergers-schlagerparadies.de\/index.php?rest_route=%2Fwp%2Fv2%2Ftags&post=3215"}],"curies":[{"name":"wp","href":"https:\/\/api.w.org\/{rel}","templated":true}]}}