{"id":32056,"date":"2025-01-16T20:35:19","date_gmt":"2025-01-16T19:35:19","guid":{"rendered":"https:\/\/bergers-schlagerparadies.de\/?p=32056"},"modified":"2025-01-16T20:35:19","modified_gmt":"2025-01-16T19:35:19","slug":"larissa-ich-liebe-die-tage-%c2%b7-bergers-schlagerparadies","status":"publish","type":"post","link":"https:\/\/bergers-schlagerparadies.de\/?p=32056","title":{"rendered":"Larissa &#8211; Ich liebe die Tage \u00b7 Berger\u00b4s Schlagerparadies"},"content":{"rendered":"<p><img loading=\"lazy\" decoding=\"async\" class=\"size-medium wp-image-32057 alignleft\" src=\"https:\/\/bergers-schlagerparadies.de\/wp-content\/uploads\/2025\/01\/Larissa-Ich-liebe-die-Tage-300x300.jpg\" alt=\"\" width=\"300\" height=\"300\" srcset=\"https:\/\/bergers-schlagerparadies.de\/wp-content\/uploads\/2025\/01\/Larissa-Ich-liebe-die-Tage-300x300.jpg 300w, https:\/\/bergers-schlagerparadies.de\/wp-content\/uploads\/2025\/01\/Larissa-Ich-liebe-die-Tage-1024x1024.jpg 1024w, https:\/\/bergers-schlagerparadies.de\/wp-content\/uploads\/2025\/01\/Larissa-Ich-liebe-die-Tage-150x150.jpg 150w, https:\/\/bergers-schlagerparadies.de\/wp-content\/uploads\/2025\/01\/Larissa-Ich-liebe-die-Tage-768x768.jpg 768w, https:\/\/bergers-schlagerparadies.de\/wp-content\/uploads\/2025\/01\/Larissa-Ich-liebe-die-Tage-1536x1536.jpg 1536w, https:\/\/bergers-schlagerparadies.de\/wp-content\/uploads\/2025\/01\/Larissa-Ich-liebe-die-Tage-2048x2048.jpg 2048w, https:\/\/bergers-schlagerparadies.de\/wp-content\/uploads\/2025\/01\/Larissa-Ich-liebe-die-Tage-1200x1200.jpg 1200w, https:\/\/bergers-schlagerparadies.de\/wp-content\/uploads\/2025\/01\/Larissa-Ich-liebe-die-Tage-1188x1188.jpg 1188w, https:\/\/bergers-schlagerparadies.de\/wp-content\/uploads\/2025\/01\/Larissa-Ich-liebe-die-Tage-100x100.jpg 100w\" sizes=\"auto, (max-width: 300px) 100vw, 300px\" \/>Mit ihrer neuen Single \u201eIch liebe die Tage\u201c bringt Larissa ein Lied voller positiver Energie und Lebensfreude auf die B\u00fchne. Der Song, entstanden aus der kreativen Zusammenarbeit von Wolfgang M\u00fcller, Larissa M\u00fcller und Sascha Ebert, zelebriert die kleinen, besonderen Momente des Lebens, die es wertvoll machen.<\/p>\n<p>Produziert von Sascha Ebert, entstand ein Song, der mit seiner eing\u00e4ngigen Melodie, zeitgem\u00e4\u00dfen Arrangements und einem pulsierenden Rhythmus \u00fcberzeugt. Larissas warme und ausdrucksstarke Stimme verleiht dem Titel eine sp\u00fcrbare Authentizit\u00e4t.<\/p>\n<p>\u201eIch liebe die Tage\u201c ist eine musikalische Ode an die Liebe \u2013 sei es die Liebe zum Leben selbst oder die zu einem besonderen Menschen. Ein St\u00fcck, das nicht nur begeistert, sondern auch daran erinnert, die kleinen Freuden des Alltags zu sch\u00e4tzen. Das Leben bietet uns so viele kleine Wunder, die es zu entdecken gilt \u2013 genau das sollte mit diesem Lied eingefangen werden.<\/p>\n<p>Der Titel ist ein musikalischer Begleiter f\u00fcr all jene, die die Sch\u00f6nheit des Augenblicks feiern und das Leben mit offenen Armen empfangen m\u00f6chten.<\/p>\n<p><span style=\"color: #800000;\"><strong>Quelle: Fiesta Records<\/strong><\/span><\/p>\n<p><span style=\"color: #800000;\"><strong>Dieser Song ist ab dem 17.01.2025 auf allen Download- und Streaming-Portalen erh\u00e4ltlich.\u00a0<\/strong><\/span><\/p>\n<p><span style=\"color: #800000;\"><strong>Airdate (f\u00fcr Radiosender): 16.01.2025<\/strong><\/span><\/p>\n","protected":false},"excerpt":{"rendered":"<p>Mit ihrer neuen Single \u201eIch liebe die Tage\u201c bringt Larissa ein Lied voller positiver Energie und Lebensfreude auf die B\u00fchne. Der Song, entstanden aus der kreativen Zusammenarbeit von Wolfgang M\u00fcller, Larissa M\u00fcller und Sascha Ebert, zelebriert die kleinen, besonderen Momente des Lebens, die es wertvoll machen. Produziert von Sascha Ebert, entstand ein Song, der mit seiner eing\u00e4ngigen Melodie, zeitgem\u00e4\u00dfen Arrangements und einem pulsierenden Rhythmus \u00fcberzeugt. Larissas warme und ausdrucksstarke Stimme verleiht dem Titel eine sp\u00fcrbare Authentizit\u00e4t. \u201eIch liebe die Tage\u201c ist eine musikalische Ode an die Liebe \u2013 sei es die Liebe zum Leben selbst oder die zu einem besonderen Menschen. Ein St\u00fcck, das nicht&#8230;<\/p>\n","protected":false},"author":1,"featured_media":32057,"comment_status":"open","ping_status":"open","sticky":false,"template":"","format":"standard","meta":{"footnotes":""},"categories":[3231,3232,2],"tags":[2170],"class_list":["post-32056","post","type-post","status-publish","format-standard","has-post-thumbnail","hentry","category-bergers-schlagerparadies","category-fiesta-records","category-schlager","tag-larissa","wpcat-3231-id","wpcat-3232-id","wpcat-2-id"],"_links":{"self":[{"href":"https:\/\/bergers-schlagerparadies.de\/index.php?rest_route=\/wp\/v2\/posts\/32056","targetHints":{"allow":["GET"]}}],"collection":[{"href":"https:\/\/bergers-schlagerparadies.de\/index.php?rest_route=\/wp\/v2\/posts"}],"about":[{"href":"https:\/\/bergers-schlagerparadies.de\/index.php?rest_route=\/wp\/v2\/types\/post"}],"author":[{"embeddable":true,"href":"https:\/\/bergers-schlagerparadies.de\/index.php?rest_route=\/wp\/v2\/users\/1"}],"replies":[{"embeddable":true,"href":"https:\/\/bergers-schlagerparadies.de\/index.php?rest_route=%2Fwp%2Fv2%2Fcomments&post=32056"}],"version-history":[{"count":1,"href":"https:\/\/bergers-schlagerparadies.de\/index.php?rest_route=\/wp\/v2\/posts\/32056\/revisions"}],"predecessor-version":[{"id":32059,"href":"https:\/\/bergers-schlagerparadies.de\/index.php?rest_route=\/wp\/v2\/posts\/32056\/revisions\/32059"}],"wp:featuredmedia":[{"embeddable":true,"href":"https:\/\/bergers-schlagerparadies.de\/index.php?rest_route=\/wp\/v2\/media\/32057"}],"wp:attachment":[{"href":"https:\/\/bergers-schlagerparadies.de\/index.php?rest_route=%2Fwp%2Fv2%2Fmedia&parent=32056"}],"wp:term":[{"taxonomy":"category","embeddable":true,"href":"https:\/\/bergers-schlagerparadies.de\/index.php?rest_route=%2Fwp%2Fv2%2Fcategories&post=32056"},{"taxonomy":"post_tag","embeddable":true,"href":"https:\/\/bergers-schlagerparadies.de\/index.php?rest_route=%2Fwp%2Fv2%2Ftags&post=32056"}],"curies":[{"name":"wp","href":"https:\/\/api.w.org\/{rel}","templated":true}]}}