{"id":31936,"date":"2025-01-10T16:33:08","date_gmt":"2025-01-10T15:33:08","guid":{"rendered":"https:\/\/bergers-schlagerparadies.de\/?p=31936"},"modified":"2025-01-10T16:33:08","modified_gmt":"2025-01-10T15:33:08","slug":"nena-in-meinem-leben-live-in-berlin-%c2%b7-bergers-schlagerparadies","status":"publish","type":"post","link":"https:\/\/bergers-schlagerparadies.de\/?p=31936","title":{"rendered":"NENA &#8211; In meinem Leben (Live in Berlin) \u00b7 Berger\u00b4s Schlagerparadies"},"content":{"rendered":"<p><img loading=\"lazy\" decoding=\"async\" class=\"size-medium wp-image-31937 alignleft\" src=\"https:\/\/bergers-schlagerparadies.de\/wp-content\/uploads\/2025\/01\/NENA-In-meinem-Leben-Live-in-Berlin-300x300.jpg\" alt=\"\" width=\"300\" height=\"300\" srcset=\"https:\/\/bergers-schlagerparadies.de\/wp-content\/uploads\/2025\/01\/NENA-In-meinem-Leben-Live-in-Berlin-300x300.jpg 300w, https:\/\/bergers-schlagerparadies.de\/wp-content\/uploads\/2025\/01\/NENA-In-meinem-Leben-Live-in-Berlin-1024x1024.jpg 1024w, https:\/\/bergers-schlagerparadies.de\/wp-content\/uploads\/2025\/01\/NENA-In-meinem-Leben-Live-in-Berlin-150x150.jpg 150w, https:\/\/bergers-schlagerparadies.de\/wp-content\/uploads\/2025\/01\/NENA-In-meinem-Leben-Live-in-Berlin-768x768.jpg 768w, https:\/\/bergers-schlagerparadies.de\/wp-content\/uploads\/2025\/01\/NENA-In-meinem-Leben-Live-in-Berlin-1188x1188.jpg 1188w, https:\/\/bergers-schlagerparadies.de\/wp-content\/uploads\/2025\/01\/NENA-In-meinem-Leben-Live-in-Berlin-100x100.jpg 100w, https:\/\/bergers-schlagerparadies.de\/wp-content\/uploads\/2025\/01\/NENA-In-meinem-Leben-Live-in-Berlin.jpg 1200w\" sizes=\"auto, (max-width: 300px) 100vw, 300px\" \/>WIR GEH\u00d6REN ZUSAMMEN &#8211; ON TOUR WITH NENA<\/p>\n<p>Gro\u00dfer Foto-Bildband plus Konzertfilm inklusive Blu-ray, DVD und Doppel-CD<\/p>\n<p>Ver\u00f6ffentlichung: 21. M\u00e4rz 2025<\/p>\n<p>\u201eIn Meinem Leben\u201c &#8211; die exklusive, neue Live-Version<\/p>\n<p>jetzt als Radio-Single<\/p>\n<p>Das Lied \u201eIn Meinem Leben\u201c ist auf jedem NENA-Konzert ein ganz besonderes Highlight. Denn, neben dem Welt-Hit \u201e99-Luftballons\u201c und den vielen anderen NENA-Klassikern, die alle mitsingen k\u00f6nnen, ist es dieses Lied, das vielen NENA-Fans die Welt bedeutet. Mit Authentizit\u00e4t und Ehrlichkeit geht es unter die Haut und sofort mitten ins Herz.<\/p>\n<p>Tiefgreifend einfach sagt es, was sonst schwer in Worte zu fassen ist. Es erz\u00e4hlt vom Vertrauen ins Leben an sich. Ins Leben, das gerade durch seine st\u00e4ndigen Ver\u00e4nderungen beweglich bleibt und uns jeden Tag aufs Neue die unterschiedlichsten Herausforderungen schenkt.<\/p>\n<p>All das klingt mit Nena-typischer W\u00e4rme und im tiefsten Seelenkern ber\u00fchrend aus der neuen Live-Version dieses Liedes, und man w\u00fcnscht sich, es nachts im Autoradio zu h\u00f6ren, auf einer Fahrt nach Hause nach einem langen Tag.<\/p>\n<p>\u201eIn Meinem Leben\u201c- Live erscheint jetzt als Vorab-Single eines energiegeladenen Konzert-Films zu NENAs laufender<\/p>\n<p>Wir Geh\u00f6ren Zusammen-Tour.<\/p>\n<p>Dieser wird am 21. M\u00e4rz 2025 als Blu-ray, DVD und Doppel-Audio-CD ver\u00f6ffentlicht und ist exklusiv Teil des Releases eines 240-Seiten-starken Bildbands: \u201eWir Geh\u00f6ren Zusammen \u2013 On Tour With Nena\u201c.<br \/>\nhttps:\/\/shop.nena.de\/wgz<\/p>\n<p>Ein Foto-Buch im Gro\u00dfformat, das auf hochwertigem Papier nahe und bisher ungesehene Einblicke in NENAs Tour leben zeigt.<\/p>\n<p>Festgehalten von der Wiener Fotografin Sarah Rechbauer erlebt man darin Momente, vor, hinter und auf der B\u00fchne und sp\u00fcrt Seite f\u00fcr Seite, Bild f\u00fcr Bild wahrhaftig, wie im Rock n Roll on the road alles miteinander verbunden ist.<\/p>\n<p>Vom Freiluft-Fr\u00fchst\u00fcck auf dem Parkplatz neben dem Tourbus \u00fcber den Soundcheck in der noch leeren Halle, einer spontanen Partie Tischtennis im Backstage-Bereich bis zum lichtdurchfluteten Bad in der Menge und dem Umarmen der Fans sowie dann, irgendwann nachts, der Moment der Ruhe, NENA ganz bei sich, versunken im Garderobensessel zwischen ausgetrunkenen Gl\u00e4sern.<\/p>\n<p>\u201eWir Geh\u00f6ren Zusammen \u2013 On Tour With Nena\u201c ist eine kunstvoll zusammengestellte Foto-Dokumentation, die mit liebevoller Intensit\u00e4t begeistert.<\/p>\n<p>Nach dem Erfolg der WIR GEH\u00d6REN ZUSAMMEN-Tournee 2024 mit \u00fcber 150.000 Besuchern bei 45 Shows in Deutschland, \u00d6sterreich, der Schweiz, Frankreich und den Niederlanden geht`s 2025 nun weiter. Bereits best\u00e4tigt sind 22 NENA-Konzerte in Deutschland, \u00d6sterreich, D\u00e4nemark, Kroatien, Italien, Polen, Slowenien, Tschechien, Frankreich und England.<\/p>\n<p>Alle Live-Termine der NENA &#8211; Wir Geh\u00f6ren Zusammen-Tour 2025 hier: https:\/\/www.nena.de\/live<\/p>\n<p>Das Publikum darf sich auf eine mehr als zweist\u00fcndige Live-Show mit Hits und Perlen aus dem riesigen NENA-Repertoire freuen. Musik aus \u00fcber vier Jahrzehnten, die sie mit ihrer 10-k\u00f6pfigen Band auf die B\u00fchne bringt.<\/p>\n<p>Jedes Live-Konzert: ein einzigartiges Rock n` Roll-Erlebnis mit viel Gef\u00fchl und Herz. Und ein Tour Titel, der mehr ist als nur Motto:<br \/>\nWIR GEH\u00d6REN ZUSAMMEN<\/p>\n<p>Nena: \u201eEs ist eine Liebeswelle, die sich aufbaut und immer gr\u00f6\u00dfer wird.<br \/>\nDas sp\u00fcre ich mit einer neuen kraftvollen Intensit\u00e4t. Und das geht von uns aus, den Menschen, die da sind, vor, hinter und auf der B\u00fchne. Menschen, die es lieben, eine sch\u00f6ne Zeit miteinander zu verbringen. Die wissen, dass Musik Br\u00fccken baut. Wir singen, tanzen, lachen und feiern das Leben. Wir geh\u00f6ren zusammen ist eine einfache Botschaft, die wir gemeinsam<br \/>\nweiter in die Welt tragen.&#8220;<\/p>\n<p>Mit 25 Millionen verkauften Tontr\u00e4gern weltweit ist NENA eine der erfolgreichsten deutschen K\u00fcnstlerinnen aller Zeiten. Mit ihrer Musik hat NENA mehrere Generationen von Musikfans gepr\u00e4gt und steht bis heute f\u00fcr ein Lebensgef\u00fchl, das irgendwie und irgendwo in jedem Menschen zu Hause ist.<\/p>\n<p><span style=\"color: #800000;\"><strong>Quelle: The Laugh &amp; Peas Company<\/strong><\/span><\/p>\n<p><span style=\"color: #800000;\"><strong>Dieser Song ist ab dem 10.01.2025 auf allen Download- und Streaming-Portalen erh\u00e4ltlich.\u00a0<\/strong><\/span><\/p>\n<p><span style=\"color: #800000;\"><strong>Airdate (f\u00fcr Radiosender): 10.01.2025<\/strong><\/span><\/p>\n","protected":false},"excerpt":{"rendered":"<p>WIR GEH\u00d6REN ZUSAMMEN &#8211; ON TOUR WITH NENA Gro\u00dfer Foto-Bildband plus Konzertfilm inklusive Blu-ray, DVD und Doppel-CD Ver\u00f6ffentlichung: 21. M\u00e4rz 2025 \u201eIn Meinem Leben\u201c &#8211; die exklusive, neue Live-Version jetzt als Radio-Single Das Lied \u201eIn Meinem Leben\u201c ist auf jedem NENA-Konzert ein ganz besonderes Highlight. Denn, neben dem Welt-Hit \u201e99-Luftballons\u201c und den vielen anderen NENA-Klassikern, die alle mitsingen k\u00f6nnen, ist es dieses Lied, das vielen NENA-Fans die Welt bedeutet. Mit Authentizit\u00e4t und Ehrlichkeit geht es unter die Haut und sofort mitten ins Herz. Tiefgreifend einfach sagt es, was sonst schwer in Worte zu fassen ist. Es erz\u00e4hlt vom Vertrauen ins Leben an sich. Ins Leben,&#8230;<\/p>\n","protected":false},"author":1,"featured_media":31937,"comment_status":"open","ping_status":"open","sticky":false,"template":"","format":"standard","meta":{"footnotes":""},"categories":[3231,3264,3237,3461],"tags":[249],"class_list":["post-31936","post","type-post","status-publish","format-standard","has-post-thumbnail","hentry","category-bergers-schlagerparadies","category-deutsch-pop","category-pop","category-the-laugh-peas-company","tag-nena","wpcat-3231-id","wpcat-3264-id","wpcat-3237-id","wpcat-3461-id"],"_links":{"self":[{"href":"https:\/\/bergers-schlagerparadies.de\/index.php?rest_route=\/wp\/v2\/posts\/31936","targetHints":{"allow":["GET"]}}],"collection":[{"href":"https:\/\/bergers-schlagerparadies.de\/index.php?rest_route=\/wp\/v2\/posts"}],"about":[{"href":"https:\/\/bergers-schlagerparadies.de\/index.php?rest_route=\/wp\/v2\/types\/post"}],"author":[{"embeddable":true,"href":"https:\/\/bergers-schlagerparadies.de\/index.php?rest_route=\/wp\/v2\/users\/1"}],"replies":[{"embeddable":true,"href":"https:\/\/bergers-schlagerparadies.de\/index.php?rest_route=%2Fwp%2Fv2%2Fcomments&post=31936"}],"version-history":[{"count":1,"href":"https:\/\/bergers-schlagerparadies.de\/index.php?rest_route=\/wp\/v2\/posts\/31936\/revisions"}],"predecessor-version":[{"id":31938,"href":"https:\/\/bergers-schlagerparadies.de\/index.php?rest_route=\/wp\/v2\/posts\/31936\/revisions\/31938"}],"wp:featuredmedia":[{"embeddable":true,"href":"https:\/\/bergers-schlagerparadies.de\/index.php?rest_route=\/wp\/v2\/media\/31937"}],"wp:attachment":[{"href":"https:\/\/bergers-schlagerparadies.de\/index.php?rest_route=%2Fwp%2Fv2%2Fmedia&parent=31936"}],"wp:term":[{"taxonomy":"category","embeddable":true,"href":"https:\/\/bergers-schlagerparadies.de\/index.php?rest_route=%2Fwp%2Fv2%2Fcategories&post=31936"},{"taxonomy":"post_tag","embeddable":true,"href":"https:\/\/bergers-schlagerparadies.de\/index.php?rest_route=%2Fwp%2Fv2%2Ftags&post=31936"}],"curies":[{"name":"wp","href":"https:\/\/api.w.org\/{rel}","templated":true}]}}