{"id":31891,"date":"2025-01-10T11:43:25","date_gmt":"2025-01-10T10:43:25","guid":{"rendered":"https:\/\/bergers-schlagerparadies.de\/?p=31891"},"modified":"2025-01-10T11:43:25","modified_gmt":"2025-01-10T10:43:25","slug":"anna-carina-woitschack-spring-mit-mir-%c2%b7-bergers-schlagerparadies","status":"publish","type":"post","link":"https:\/\/bergers-schlagerparadies.de\/?p=31891","title":{"rendered":"Anna-Carina Woitschack &#8211; Spring mit mir \u00b7 Berger\u00b4s Schlagerparadies"},"content":{"rendered":"<p><img loading=\"lazy\" decoding=\"async\" class=\"size-medium wp-image-31892 alignleft\" src=\"https:\/\/bergers-schlagerparadies.de\/wp-content\/uploads\/2025\/01\/Anna-Carina-Woitschack-Spring-mit-mir-300x300.jpg\" alt=\"\" width=\"300\" height=\"300\" srcset=\"https:\/\/bergers-schlagerparadies.de\/wp-content\/uploads\/2025\/01\/Anna-Carina-Woitschack-Spring-mit-mir-300x300.jpg 300w, https:\/\/bergers-schlagerparadies.de\/wp-content\/uploads\/2025\/01\/Anna-Carina-Woitschack-Spring-mit-mir-1024x1024.jpg 1024w, https:\/\/bergers-schlagerparadies.de\/wp-content\/uploads\/2025\/01\/Anna-Carina-Woitschack-Spring-mit-mir-150x150.jpg 150w, https:\/\/bergers-schlagerparadies.de\/wp-content\/uploads\/2025\/01\/Anna-Carina-Woitschack-Spring-mit-mir-768x768.jpg 768w, https:\/\/bergers-schlagerparadies.de\/wp-content\/uploads\/2025\/01\/Anna-Carina-Woitschack-Spring-mit-mir-1536x1536.jpg 1536w, https:\/\/bergers-schlagerparadies.de\/wp-content\/uploads\/2025\/01\/Anna-Carina-Woitschack-Spring-mit-mir-2048x2048.jpg 2048w, https:\/\/bergers-schlagerparadies.de\/wp-content\/uploads\/2025\/01\/Anna-Carina-Woitschack-Spring-mit-mir-1200x1200.jpg 1200w, https:\/\/bergers-schlagerparadies.de\/wp-content\/uploads\/2025\/01\/Anna-Carina-Woitschack-Spring-mit-mir-1188x1188.jpg 1188w, https:\/\/bergers-schlagerparadies.de\/wp-content\/uploads\/2025\/01\/Anna-Carina-Woitschack-Spring-mit-mir-100x100.jpg 100w\" sizes=\"auto, (max-width: 300px) 100vw, 300px\" \/>Anna-Carina Woitschack l\u00e4utet ihr musikalisches Jahr 2025 ein. Am 10. Januar erscheint die Gute-Laune-Nummer \u201eSpring mit mir\u201c \u2013 der erste Single-Vorbote aus ihrem neuen Album \u201cAbenteuerlust\u201c, auf das wir uns in diesem Jahr freuen d\u00fcrfen.<\/p>\n<p>Seit Jahren befindet sich Anna-Carina Woitschack auf der \u00dcberholspur. Ihre letzten vier Alben landeten allesamt in der Top10 der deutschen Albumcharts. Mit ihrem aktuellen Album \u201eMeine Zeit\u201c gelang ihr der h\u00f6chste Chart-Entry ihrer Karriere (#3). In diesem Jahr geht die Erfolgsgeschichte nun weiter: Die ehemalige \u201eDSDS\u201c-Teilnehmerin wird auch in 2025 ein neues Album ver\u00f6ffentlichen. Auf \u201eAbenteuerlust\u201c erwarten uns wieder authentische, motivierende Titel, die einmal mehr die musikalische Weiterentwicklung von Anna-Carina Woitschack verdeutlichen. Der erste Vorbote \u201eSpring mit mir\u201c ist ein echter Mutmach-Song, der uns animieren soll, niemals aufzugeben, sondern stattdessen immer wieder neu aufzustehen.<br \/>\nGeschrieben wurde die Nummer von Dominik Gassner, Alexs White und Alexander Strasser. F\u00fcr die Produktion zeichnen ebenso die Erfolgsproduzenten White &amp; Strasser verantwortlich, mit denen Anna-Carina bereits auf dem Album \u201eMeine Zeit\u201c zusammenarbeitete. In den K\u00f6lner Sunset Studios sind bereits viele Hits entstanden und so setzt Anna-Carina auch in diesem Jahr auf eine erneute Zusammenarbeit mit dem erfolgreichen Duo.<br \/>\n2024 stellte sich die S\u00e4ngerin allen Herausforderungen und wagte einige neue Dinge. Nun m\u00f6chte sie mit ihrem neuen Titel auch andere Menschen motivieren ihre Komfortzone zu verlassen: \u201eIch habe f\u00fcr mich festgestellt, dass man belohnt wird, wenn man mutig ist und wenn man sich neue Sachen traut. Man darf niemals aufgeben und sollte keine Angst davor haben ins Leben reinzuspringen.\u201c<\/p>\n<p>Anna-Carina Woitschack nimmt die H\u00f6rer in ihrem neuen Song an die Hand: \u201eSpring mit mir ins Leben! Der Moment geh\u00f6rt dir, es gibt nichts zu verlieren f\u00fcr dich \u2013 und f\u00fcr mich. Wenn du an dich glaubst, bist du stark!\u201c Mit dem kraftvollen Beat und der eing\u00e4ngigen Hookline sorgt das sympathische Allroundtalent f\u00fcr den n\u00e4chsten Ohrwurm, der beste Chancen hat, wieder die Airplaycharts zu erobern. Auch im neuen Jahr hat Anna-Carina Woitschack viel vor und es warten spannende Projekte auf sie: \u201eIch freue mich auf alle Dinge im neuen Jahr und eines kann ich euch bereits jetzt versprechen: Es wird abenteuerlich!\u201c<\/p>\n<p>Das erste Abenteuer l\u00e4sst auch nicht lange auf sich warten. Bereits ab dem 24. Januar nimmt Anna-Carina an der RTL-Sendung \u201eIch bin ein Star \u2013 Holt mich hier raus\u201c teil. \u201eIch liebe Herausforderungen und Abenteuer &#8211; ich mache das, worauf ich Lust habe, und genau deshalb bin ich dabei. Ein weiterer Schritt, mich selbst herauszufordern und zu wachsen.\u201c so die Powerfrau.<\/p>\n<p><span style=\"color: #800000;\"><strong>Quelle: Telamo<\/strong><\/span><\/p>\n<p><span style=\"color: #800000;\"><strong>Dieser Song ist ab dem 10.01.2025 auf allen Download- und Streaming-Portalen erh\u00e4ltlich.\u00a0<\/strong><\/span><\/p>\n<p><span style=\"color: #800000;\"><strong>Airdate (f\u00fcr Radiosender): 10.01.2025<\/strong><\/span><\/p>\n","protected":false},"excerpt":{"rendered":"<p>Anna-Carina Woitschack l\u00e4utet ihr musikalisches Jahr 2025 ein. Am 10. Januar erscheint die Gute-Laune-Nummer \u201eSpring mit mir\u201c \u2013 der erste Single-Vorbote aus ihrem neuen Album \u201cAbenteuerlust\u201c, auf das wir uns in diesem Jahr freuen d\u00fcrfen. Seit Jahren befindet sich Anna-Carina Woitschack auf der \u00dcberholspur. Ihre letzten vier Alben landeten allesamt in der Top10 der deutschen Albumcharts. Mit ihrem aktuellen Album \u201eMeine Zeit\u201c gelang ihr der h\u00f6chste Chart-Entry ihrer Karriere (#3). In diesem Jahr geht die Erfolgsgeschichte nun weiter: Die ehemalige \u201eDSDS\u201c-Teilnehmerin wird auch in 2025 ein neues Album ver\u00f6ffentlichen. Auf \u201eAbenteuerlust\u201c erwarten uns wieder authentische, motivierende Titel, die einmal mehr die musikalische Weiterentwicklung von Anna-Carina&#8230;<\/p>\n","protected":false},"author":1,"featured_media":31892,"comment_status":"open","ping_status":"open","sticky":false,"template":"","format":"standard","meta":{"footnotes":""},"categories":[3231,2,3239],"tags":[567],"class_list":["post-31891","post","type-post","status-publish","format-standard","has-post-thumbnail","hentry","category-bergers-schlagerparadies","category-schlager","category-telamo","tag-anna-carina-woitschack","wpcat-3231-id","wpcat-2-id","wpcat-3239-id"],"_links":{"self":[{"href":"https:\/\/bergers-schlagerparadies.de\/index.php?rest_route=\/wp\/v2\/posts\/31891","targetHints":{"allow":["GET"]}}],"collection":[{"href":"https:\/\/bergers-schlagerparadies.de\/index.php?rest_route=\/wp\/v2\/posts"}],"about":[{"href":"https:\/\/bergers-schlagerparadies.de\/index.php?rest_route=\/wp\/v2\/types\/post"}],"author":[{"embeddable":true,"href":"https:\/\/bergers-schlagerparadies.de\/index.php?rest_route=\/wp\/v2\/users\/1"}],"replies":[{"embeddable":true,"href":"https:\/\/bergers-schlagerparadies.de\/index.php?rest_route=%2Fwp%2Fv2%2Fcomments&post=31891"}],"version-history":[{"count":1,"href":"https:\/\/bergers-schlagerparadies.de\/index.php?rest_route=\/wp\/v2\/posts\/31891\/revisions"}],"predecessor-version":[{"id":31893,"href":"https:\/\/bergers-schlagerparadies.de\/index.php?rest_route=\/wp\/v2\/posts\/31891\/revisions\/31893"}],"wp:featuredmedia":[{"embeddable":true,"href":"https:\/\/bergers-schlagerparadies.de\/index.php?rest_route=\/wp\/v2\/media\/31892"}],"wp:attachment":[{"href":"https:\/\/bergers-schlagerparadies.de\/index.php?rest_route=%2Fwp%2Fv2%2Fmedia&parent=31891"}],"wp:term":[{"taxonomy":"category","embeddable":true,"href":"https:\/\/bergers-schlagerparadies.de\/index.php?rest_route=%2Fwp%2Fv2%2Fcategories&post=31891"},{"taxonomy":"post_tag","embeddable":true,"href":"https:\/\/bergers-schlagerparadies.de\/index.php?rest_route=%2Fwp%2Fv2%2Ftags&post=31891"}],"curies":[{"name":"wp","href":"https:\/\/api.w.org\/{rel}","templated":true}]}}