{"id":31801,"date":"2025-01-07T15:41:34","date_gmt":"2025-01-07T14:41:34","guid":{"rendered":"https:\/\/bergers-schlagerparadies.de\/?p=31801"},"modified":"2025-01-07T15:41:34","modified_gmt":"2025-01-07T14:41:34","slug":"de-bubbel-brigade-giet-me-op-of-giet-me-vol-%c2%b7-bergers-schlagerparadies","status":"publish","type":"post","link":"https:\/\/bergers-schlagerparadies.de\/?p=31801","title":{"rendered":"De Bubbel Brigade &#8211; Giet Me Op Of Giet Me Vol \u00b7 Berger\u00b4s Schlagerparadies"},"content":{"rendered":"<p><img loading=\"lazy\" decoding=\"async\" class=\"size-medium wp-image-31802 alignleft\" src=\"https:\/\/bergers-schlagerparadies.de\/wp-content\/uploads\/2025\/01\/De-Bubbel-Brigade-Giet-Me-Op-Of-Giet-Me-Vol-284x300.jpg\" alt=\"\" width=\"284\" height=\"300\" srcset=\"https:\/\/bergers-schlagerparadies.de\/wp-content\/uploads\/2025\/01\/De-Bubbel-Brigade-Giet-Me-Op-Of-Giet-Me-Vol-284x300.jpg 284w, https:\/\/bergers-schlagerparadies.de\/wp-content\/uploads\/2025\/01\/De-Bubbel-Brigade-Giet-Me-Op-Of-Giet-Me-Vol.jpg 566w\" sizes=\"auto, (max-width: 284px) 100vw, 284px\" \/>Thermen Binnenmaas gestalten zusammen mit dem Karnevalsduo The Bubbel Brigade eine spielerische Aufkl\u00e4rungskampagne, um unpassendes Verhalten in der Therme zu verhindern Die Idee entstand, als zwei Stammg\u00e4ste in verschiedenen Wellnesszentren mit \u201egutfiesem\u201c Verhalten konfrontiert wurden. Nach gr\u00fcndlicher Felduntersuchung stie\u00df das Duo auf viele vulg\u00e4re Geschichten sowohl von Besuchern als auch Mitarbeitern. Diese Erlebnisse inspirierten ihre Karnevalsnummer &#8222;Sch\u00fcttel mich auf oder sch\u00fcttel mich auf &#8222;Als das Spa-Team von s&#8216;-Gravendeel das Lied h\u00f6rte, beschlossen sie, die Botschaft dahinter vollst\u00e4ndig zu akzeptieren. Zusammen haben sie einen satirischen Videoclip gemacht, der ein Weckruf f\u00fcr alle sein wird, die Spa-Etiquette oder Hausschuhe tragen&#8230; Kurz gesagt: &#8222;Sei weise und halte es gut! &#8220;<\/p>\n<p>&nbsp;<\/p>\n<p><span style=\"color: #800000;\"><strong>Quelle: De Bubbel Brigade<\/strong><\/span><\/p>\n<p><span style=\"color: #800000;\"><strong>Dieser Song ist ab dem 01.01.2025 auf allen Download- und Streaming-Portalen erh\u00e4ltlich.\u00a0<\/strong><\/span><\/p>\n<p><span style=\"color: #800000;\"><strong>Airdate (f\u00fcr Radiosender): 01.01.2025<\/strong><\/span><\/p>\n","protected":false},"excerpt":{"rendered":"<p>Thermen Binnenmaas gestalten zusammen mit dem Karnevalsduo The Bubbel Brigade eine spielerische Aufkl\u00e4rungskampagne, um unpassendes Verhalten in der Therme zu verhindern Die Idee entstand, als zwei Stammg\u00e4ste in verschiedenen Wellnesszentren mit \u201egutfiesem\u201c Verhalten konfrontiert wurden. Nach gr\u00fcndlicher Felduntersuchung stie\u00df das Duo auf viele vulg\u00e4re Geschichten sowohl von Besuchern als auch Mitarbeitern. Diese Erlebnisse inspirierten ihre Karnevalsnummer &#8222;Sch\u00fcttel mich auf oder sch\u00fcttel mich auf &#8222;Als das Spa-Team von s&#8216;-Gravendeel das Lied h\u00f6rte, beschlossen sie, die Botschaft dahinter vollst\u00e4ndig zu akzeptieren. Zusammen haben sie einen satirischen Videoclip gemacht, der ein Weckruf f\u00fcr alle sein wird, die Spa-Etiquette oder Hausschuhe tragen&#8230; Kurz gesagt: &#8222;Sei weise und halte es&#8230;<\/p>\n","protected":false},"author":1,"featured_media":31802,"comment_status":"open","ping_status":"open","sticky":false,"template":"","format":"standard","meta":{"footnotes":""},"categories":[3231,3243,3438],"tags":[3439],"class_list":["post-31801","post","type-post","status-publish","format-standard","has-post-thumbnail","hentry","category-bergers-schlagerparadies","category-niederlande","category-party","tag-de-bubbel-brigade","wpcat-3231-id","wpcat-3243-id","wpcat-3438-id"],"_links":{"self":[{"href":"https:\/\/bergers-schlagerparadies.de\/index.php?rest_route=\/wp\/v2\/posts\/31801","targetHints":{"allow":["GET"]}}],"collection":[{"href":"https:\/\/bergers-schlagerparadies.de\/index.php?rest_route=\/wp\/v2\/posts"}],"about":[{"href":"https:\/\/bergers-schlagerparadies.de\/index.php?rest_route=\/wp\/v2\/types\/post"}],"author":[{"embeddable":true,"href":"https:\/\/bergers-schlagerparadies.de\/index.php?rest_route=\/wp\/v2\/users\/1"}],"replies":[{"embeddable":true,"href":"https:\/\/bergers-schlagerparadies.de\/index.php?rest_route=%2Fwp%2Fv2%2Fcomments&post=31801"}],"version-history":[{"count":1,"href":"https:\/\/bergers-schlagerparadies.de\/index.php?rest_route=\/wp\/v2\/posts\/31801\/revisions"}],"predecessor-version":[{"id":31803,"href":"https:\/\/bergers-schlagerparadies.de\/index.php?rest_route=\/wp\/v2\/posts\/31801\/revisions\/31803"}],"wp:featuredmedia":[{"embeddable":true,"href":"https:\/\/bergers-schlagerparadies.de\/index.php?rest_route=\/wp\/v2\/media\/31802"}],"wp:attachment":[{"href":"https:\/\/bergers-schlagerparadies.de\/index.php?rest_route=%2Fwp%2Fv2%2Fmedia&parent=31801"}],"wp:term":[{"taxonomy":"category","embeddable":true,"href":"https:\/\/bergers-schlagerparadies.de\/index.php?rest_route=%2Fwp%2Fv2%2Fcategories&post=31801"},{"taxonomy":"post_tag","embeddable":true,"href":"https:\/\/bergers-schlagerparadies.de\/index.php?rest_route=%2Fwp%2Fv2%2Ftags&post=31801"}],"curies":[{"name":"wp","href":"https:\/\/api.w.org\/{rel}","templated":true}]}}