{"id":31785,"date":"2025-01-07T12:52:18","date_gmt":"2025-01-07T11:52:18","guid":{"rendered":"https:\/\/bergers-schlagerparadies.de\/?p=31785"},"modified":"2025-01-07T12:52:18","modified_gmt":"2025-01-07T11:52:18","slug":"racon-ft-ralf-matten-con-tacto-diamond-in-the-dark-%c2%b7-bergers-schlagerparadies","status":"publish","type":"post","link":"https:\/\/bergers-schlagerparadies.de\/?p=31785","title":{"rendered":"RaCon ft. Ralf Matten &#038; Con Tacto &#8211; Diamond In The Dark \u00b7 Berger\u00b4s Schlagerparadies"},"content":{"rendered":"<p><img loading=\"lazy\" decoding=\"async\" class=\"size-medium wp-image-31786 alignleft\" src=\"https:\/\/bergers-schlagerparadies.de\/wp-content\/uploads\/2025\/01\/RaCon-ft.-Ralf-Matten-Con-Tacto-Diamond-In-The-Dark-300x300.jpeg\" alt=\"\" width=\"300\" height=\"300\" srcset=\"https:\/\/bergers-schlagerparadies.de\/wp-content\/uploads\/2025\/01\/RaCon-ft.-Ralf-Matten-Con-Tacto-Diamond-In-The-Dark-300x300.jpeg 300w, https:\/\/bergers-schlagerparadies.de\/wp-content\/uploads\/2025\/01\/RaCon-ft.-Ralf-Matten-Con-Tacto-Diamond-In-The-Dark-1024x1024.jpeg 1024w, https:\/\/bergers-schlagerparadies.de\/wp-content\/uploads\/2025\/01\/RaCon-ft.-Ralf-Matten-Con-Tacto-Diamond-In-The-Dark-150x150.jpeg 150w, https:\/\/bergers-schlagerparadies.de\/wp-content\/uploads\/2025\/01\/RaCon-ft.-Ralf-Matten-Con-Tacto-Diamond-In-The-Dark-768x768.jpeg 768w, https:\/\/bergers-schlagerparadies.de\/wp-content\/uploads\/2025\/01\/RaCon-ft.-Ralf-Matten-Con-Tacto-Diamond-In-The-Dark-1536x1536.jpeg 1536w, https:\/\/bergers-schlagerparadies.de\/wp-content\/uploads\/2025\/01\/RaCon-ft.-Ralf-Matten-Con-Tacto-Diamond-In-The-Dark-2048x2048.jpeg 2048w, https:\/\/bergers-schlagerparadies.de\/wp-content\/uploads\/2025\/01\/RaCon-ft.-Ralf-Matten-Con-Tacto-Diamond-In-The-Dark-1200x1200.jpeg 1200w, https:\/\/bergers-schlagerparadies.de\/wp-content\/uploads\/2025\/01\/RaCon-ft.-Ralf-Matten-Con-Tacto-Diamond-In-The-Dark-1188x1188.jpeg 1188w, https:\/\/bergers-schlagerparadies.de\/wp-content\/uploads\/2025\/01\/RaCon-ft.-Ralf-Matten-Con-Tacto-Diamond-In-The-Dark-100x100.jpeg 100w\" sizes=\"auto, (max-width: 300px) 100vw, 300px\" \/>RaCon ist ein spannendes Projekt, das zwei au\u00dfergew\u00f6hnliche Vision\u00e4re zusammenbringt: den erfahrenen Musikproduzenten Ralf Matten und den international bekannten DJ Con Tacto. Gemeinsam erschaffen sie elektronische Musik, die durch Kreativit\u00e4t und Leidenschaft \u00fcberzeugt.<\/p>\n<p>Ralf Matten hat \u00fcber die Jahre mit seinen Produktionen immer wieder bewiesen, dass er ein Gesp\u00fcr f\u00fcr innovative Sounds und zeitlose Beats hat. Seine Arbeit hat die elektronische Musikszene nachhaltig gepr\u00e4gt.<\/p>\n<p>Con Tacto begeistert mit seinen Sets, die von einzigartigen Klangwelten und einer besonderen Energie leben. Als DJ hat er auf der ganzen Welt das Publikum in den Bann gezogen und sich einen Namen gemacht.<\/p>\n<p>Das Projekt RaCon entstand durch eine unerwartete Begegnung auf TikTok \u2013 ein Beispiel daf\u00fcr, wie kreative K\u00f6pfe \u00fcber digitale Plattformen zueinanderfinden k\u00f6nnen.<\/p>\n<p>Ihr Deb\u00fct \u201eSummer Love\u201c war ein voller Erfolg: Mit treibenden Beats und eing\u00e4ngigen Melodien fand der Track schnell Anklang in der Techno-Community und konnte sogar Chart-Erfolge feiern.<\/p>\n<p>Mit ihrem neuen Song \u201eDiamond in the Dark\u201c kn\u00fcpfen RaCon an diesen Erfolg an. Der Track zeigt erneut ihr K\u00f6nnen, stimmungsvolle Melodien und pulsierende Rhythmen miteinander zu verbinden, und weckt hohe Erwartungen in der Szene.<\/p>\n<p>RaCon steht f\u00fcr moderne Techno-Musik, die inspiriert und bewegt. Ihr Ziel ist es, mit ihrer Musik authentische Geschichten zu erz\u00e4hlen und Menschen auf der ganzen Welt zu erreichen.<\/p>\n<p><span style=\"color: #800000;\"><strong>Quelle: Kiss The Lake Productions<\/strong><\/span><\/p>\n<p><span style=\"color: #800000;\"><strong>Dieser Song ist ab dem 10.01.2025 auf allen Download- und Streaming-Portalen erh\u00e4ltlich.\u00a0<\/strong><\/span><\/p>\n<p><span style=\"color: #800000;\"><strong>Airdate (f\u00fcr Radiosender): 10.01.2025<\/strong><\/span><\/p>\n","protected":false},"excerpt":{"rendered":"<p>RaCon ist ein spannendes Projekt, das zwei au\u00dfergew\u00f6hnliche Vision\u00e4re zusammenbringt: den erfahrenen Musikproduzenten Ralf Matten und den international bekannten DJ Con Tacto. Gemeinsam erschaffen sie elektronische Musik, die durch Kreativit\u00e4t und Leidenschaft \u00fcberzeugt. Ralf Matten hat \u00fcber die Jahre mit seinen Produktionen immer wieder bewiesen, dass er ein Gesp\u00fcr f\u00fcr innovative Sounds und zeitlose Beats hat. Seine Arbeit hat die elektronische Musikszene nachhaltig gepr\u00e4gt. Con Tacto begeistert mit seinen Sets, die von einzigartigen Klangwelten und einer besonderen Energie leben. Als DJ hat er auf der ganzen Welt das Publikum in den Bann gezogen und sich einen Namen gemacht. Das Projekt RaCon entstand durch eine unerwartete&#8230;<\/p>\n","protected":false},"author":1,"featured_media":31786,"comment_status":"open","ping_status":"open","sticky":false,"template":"","format":"standard","meta":{"footnotes":""},"categories":[3231,3343,3432,3237,3431],"tags":[3433],"class_list":["post-31785","post","type-post","status-publish","format-standard","has-post-thumbnail","hentry","category-bergers-schlagerparadies","category-dance-electronic","category-kiss-the-lake-productions","category-pop","category-techno","tag-racon-ft-ralf-matten-con-tacto","wpcat-3231-id","wpcat-3343-id","wpcat-3432-id","wpcat-3237-id","wpcat-3431-id"],"_links":{"self":[{"href":"https:\/\/bergers-schlagerparadies.de\/index.php?rest_route=\/wp\/v2\/posts\/31785","targetHints":{"allow":["GET"]}}],"collection":[{"href":"https:\/\/bergers-schlagerparadies.de\/index.php?rest_route=\/wp\/v2\/posts"}],"about":[{"href":"https:\/\/bergers-schlagerparadies.de\/index.php?rest_route=\/wp\/v2\/types\/post"}],"author":[{"embeddable":true,"href":"https:\/\/bergers-schlagerparadies.de\/index.php?rest_route=\/wp\/v2\/users\/1"}],"replies":[{"embeddable":true,"href":"https:\/\/bergers-schlagerparadies.de\/index.php?rest_route=%2Fwp%2Fv2%2Fcomments&post=31785"}],"version-history":[{"count":1,"href":"https:\/\/bergers-schlagerparadies.de\/index.php?rest_route=\/wp\/v2\/posts\/31785\/revisions"}],"predecessor-version":[{"id":31788,"href":"https:\/\/bergers-schlagerparadies.de\/index.php?rest_route=\/wp\/v2\/posts\/31785\/revisions\/31788"}],"wp:featuredmedia":[{"embeddable":true,"href":"https:\/\/bergers-schlagerparadies.de\/index.php?rest_route=\/wp\/v2\/media\/31786"}],"wp:attachment":[{"href":"https:\/\/bergers-schlagerparadies.de\/index.php?rest_route=%2Fwp%2Fv2%2Fmedia&parent=31785"}],"wp:term":[{"taxonomy":"category","embeddable":true,"href":"https:\/\/bergers-schlagerparadies.de\/index.php?rest_route=%2Fwp%2Fv2%2Fcategories&post=31785"},{"taxonomy":"post_tag","embeddable":true,"href":"https:\/\/bergers-schlagerparadies.de\/index.php?rest_route=%2Fwp%2Fv2%2Ftags&post=31785"}],"curies":[{"name":"wp","href":"https:\/\/api.w.org\/{rel}","templated":true}]}}