{"id":31770,"date":"2025-01-06T17:22:26","date_gmt":"2025-01-06T16:22:26","guid":{"rendered":"https:\/\/bergers-schlagerparadies.de\/?p=31770"},"modified":"2025-01-06T17:22:42","modified_gmt":"2025-01-06T16:22:42","slug":"pia-doj-bring-me-back-%c2%b7-bergers-schlagerparadies","status":"publish","type":"post","link":"https:\/\/bergers-schlagerparadies.de\/?p=31770","title":{"rendered":"Pia Doj &#8211; Bring Me Back \u00b7 Berger\u00b4s Schlagerparadies"},"content":{"rendered":"<p class=\"p1\" style=\"margin: 0cm;\"><span class=\"s1\"><span style=\"color: black;\"><img loading=\"lazy\" decoding=\"async\" class=\"size-medium wp-image-31771 alignleft\" src=\"https:\/\/bergers-schlagerparadies.de\/wp-content\/uploads\/2025\/01\/Pia-Doj-Bring-Me-Back-300x272.jpeg\" alt=\"\" width=\"300\" height=\"272\" srcset=\"https:\/\/bergers-schlagerparadies.de\/wp-content\/uploads\/2025\/01\/Pia-Doj-Bring-Me-Back-300x272.jpeg 300w, https:\/\/bergers-schlagerparadies.de\/wp-content\/uploads\/2025\/01\/Pia-Doj-Bring-Me-Back-1024x927.jpeg 1024w, https:\/\/bergers-schlagerparadies.de\/wp-content\/uploads\/2025\/01\/Pia-Doj-Bring-Me-Back-768x695.jpeg 768w, https:\/\/bergers-schlagerparadies.de\/wp-content\/uploads\/2025\/01\/Pia-Doj-Bring-Me-Back-1536x1390.jpeg 1536w, https:\/\/bergers-schlagerparadies.de\/wp-content\/uploads\/2025\/01\/Pia-Doj-Bring-Me-Back-2048x1854.jpeg 2048w, https:\/\/bergers-schlagerparadies.de\/wp-content\/uploads\/2025\/01\/Pia-Doj-Bring-Me-Back-1200x1086.jpeg 1200w, https:\/\/bergers-schlagerparadies.de\/wp-content\/uploads\/2025\/01\/Pia-Doj-Bring-Me-Back-1188x1075.jpeg 1188w\" sizes=\"auto, (max-width: 300px) 100vw, 300px\" \/>Wir freuen uns, die Ver\u00f6ffentlichung der bewegenden Popballade &#8222;Bring Me Back&#8220; anzuk\u00fcndigen, die von der talentierten S\u00e4ngerin Pia Doj interpretiert wird. Geschrieben und komponiert wurde dieser gef\u00fchlvolle Song von dem K\u00fcnstler Franz Legend, der zusammen mit Rolf Kesting an der Produktion gearbeitet hat.\u00a0<\/span><\/span><\/p>\n<p class=\"p1\" style=\"margin: 0cm; font-stretch: normal; font-size-adjust: none; font-kerning: auto; font-variant-alternates: normal; font-variant-ligatures: normal; font-variant-numeric: normal; font-variant-east-asian: normal; font-variant-position: normal; font-feature-settings: normal; font-optical-sizing: auto; font-variation-settings: normal; caret-color: #000000; -webkit-text-size-adjust: auto;\"><span class=\"s1\"><span style=\"color: black;\">&#8222;Bring Me Back&#8220; ist eine ber\u00fchrende Hommage an all jene, die schwierige Zeiten durchleben und sich sehnlichst w\u00fcnschen, in ihr altes Leben zur\u00fcckzukehren. Die kraftvollen Texte und die gef\u00fchlvolle Melodie spiegeln die Sehnsucht wider, die in uns allen wohnt, wenn das Leben uns vor Herausforderungen stellt.<\/span><\/span><\/p>\n<p class=\"p1\" style=\"margin: 0cm; font-stretch: normal; font-size-adjust: none; font-kerning: auto; font-variant-alternates: normal; font-variant-ligatures: normal; font-variant-numeric: normal; font-variant-east-asian: normal; font-variant-position: normal; font-feature-settings: normal; font-optical-sizing: auto; font-variation-settings: normal; caret-color: #000000; -webkit-text-size-adjust: auto;\"><span class=\"s1\"><span style=\"color: black;\">Pia Doj bringt in ihrer Interpretation eine besondere Tiefe und Intensit\u00e4t zum Ausdruck. Als K\u00fcnstlerin, die selbst ohne Schilddr\u00fcsenfunktion leben muss, kennt sie die K\u00e4mpfe und Herausforderungen, die das Leben mit sich bringen kann. Ihre pers\u00f6nliche Erfahrung verleiht dem Song eine Authentizit\u00e4t, die das Publikum unmittelbar ber\u00fchrt.<\/span><\/span><\/p>\n<p class=\"p1\" style=\"margin: 0cm; font-stretch: normal; font-size-adjust: none; font-kerning: auto; font-variant-alternates: normal; font-variant-ligatures: normal; font-variant-numeric: normal; font-variant-east-asian: normal; font-variant-position: normal; font-feature-settings: normal; font-optical-sizing: auto; font-variation-settings: normal; caret-color: #000000; -webkit-text-size-adjust: auto;\"><span class=\"s1\"><span style=\"color: black;\">Mit &#8222;Bring Me Back&#8220; m\u00f6chte Pia Doj nicht nur ihre eigene Geschichte erz\u00e4hlen, sondern auch eine Botschaft der Hoffnung und des Verst\u00e4ndnisses vermitteln. Der Song ermutigt dazu, in schweren Zeiten nicht aufzugeben und die eigene St\u00e4rke zu finden.<\/span><\/span><\/p>\n<p class=\"p1\" style=\"margin: 0cm; font-stretch: normal; font-size-adjust: none; font-kerning: auto; font-variant-alternates: normal; font-variant-ligatures: normal; font-variant-numeric: normal; font-variant-east-asian: normal; font-variant-position: normal; font-feature-settings: normal; font-optical-sizing: auto; font-variation-settings: normal; caret-color: #000000; -webkit-text-size-adjust: auto;\"><span class=\"s1\"><span style=\"color: black;\">Die Ver\u00f6ffentlichung von &#8222;Bring Me Back&#8220; steht ab den 05.01.2025 um 21:59 bereit, und wir sind gespannt auf die Reaktionen der Fans und der Musikliebhaber. Lassen Sie sich von der emotionalen Reise mitrei\u00dfen, die Pia Doj mit diesem kraftvollen Song bietet.<\/span><\/span><\/p>\n<p><span style=\"color: #800000;\"><strong>Quelle: Pia Doj und RK Project<\/strong><\/span><\/p>\n<p><span style=\"color: #800000;\"><strong>Dieser Song ist ab dem 05.01.2025 auf allen Download- und Streaming-Portalen erh\u00e4ltlich.\u00a0<\/strong><\/span><\/p>\n<p><span style=\"color: #800000;\"><strong>Airdate (f\u00fcr Radiosender): 05.01.2025<\/strong><\/span><\/p>\n","protected":false},"excerpt":{"rendered":"<p>Wir freuen uns, die Ver\u00f6ffentlichung der bewegenden Popballade &#8222;Bring Me Back&#8220; anzuk\u00fcndigen, die von der talentierten S\u00e4ngerin Pia Doj interpretiert wird. Geschrieben und komponiert wurde dieser gef\u00fchlvolle Song von dem K\u00fcnstler Franz Legend, der zusammen mit Rolf Kesting an der Produktion gearbeitet hat.\u00a0 &#8222;Bring Me Back&#8220; ist eine ber\u00fchrende Hommage an all jene, die schwierige Zeiten durchleben und sich sehnlichst w\u00fcnschen, in ihr altes Leben zur\u00fcckzukehren. Die kraftvollen Texte und die gef\u00fchlvolle Melodie spiegeln die Sehnsucht wider, die in uns allen wohnt, wenn das Leben uns vor Herausforderungen stellt. Pia Doj bringt in ihrer Interpretation eine besondere Tiefe und Intensit\u00e4t zum Ausdruck. Als K\u00fcnstlerin, die&#8230;<\/p>\n","protected":false},"author":1,"featured_media":31771,"comment_status":"open","ping_status":"open","sticky":false,"template":"","format":"standard","meta":{"footnotes":""},"categories":[3231,3428],"tags":[3429],"class_list":["post-31770","post","type-post","status-publish","format-standard","has-post-thumbnail","hentry","category-bergers-schlagerparadies","category-popballade","tag-pia-doj","wpcat-3231-id","wpcat-3428-id"],"_links":{"self":[{"href":"https:\/\/bergers-schlagerparadies.de\/index.php?rest_route=\/wp\/v2\/posts\/31770","targetHints":{"allow":["GET"]}}],"collection":[{"href":"https:\/\/bergers-schlagerparadies.de\/index.php?rest_route=\/wp\/v2\/posts"}],"about":[{"href":"https:\/\/bergers-schlagerparadies.de\/index.php?rest_route=\/wp\/v2\/types\/post"}],"author":[{"embeddable":true,"href":"https:\/\/bergers-schlagerparadies.de\/index.php?rest_route=\/wp\/v2\/users\/1"}],"replies":[{"embeddable":true,"href":"https:\/\/bergers-schlagerparadies.de\/index.php?rest_route=%2Fwp%2Fv2%2Fcomments&post=31770"}],"version-history":[{"count":3,"href":"https:\/\/bergers-schlagerparadies.de\/index.php?rest_route=\/wp\/v2\/posts\/31770\/revisions"}],"predecessor-version":[{"id":31774,"href":"https:\/\/bergers-schlagerparadies.de\/index.php?rest_route=\/wp\/v2\/posts\/31770\/revisions\/31774"}],"wp:featuredmedia":[{"embeddable":true,"href":"https:\/\/bergers-schlagerparadies.de\/index.php?rest_route=\/wp\/v2\/media\/31771"}],"wp:attachment":[{"href":"https:\/\/bergers-schlagerparadies.de\/index.php?rest_route=%2Fwp%2Fv2%2Fmedia&parent=31770"}],"wp:term":[{"taxonomy":"category","embeddable":true,"href":"https:\/\/bergers-schlagerparadies.de\/index.php?rest_route=%2Fwp%2Fv2%2Fcategories&post=31770"},{"taxonomy":"post_tag","embeddable":true,"href":"https:\/\/bergers-schlagerparadies.de\/index.php?rest_route=%2Fwp%2Fv2%2Ftags&post=31770"}],"curies":[{"name":"wp","href":"https:\/\/api.w.org\/{rel}","templated":true}]}}