{"id":31757,"date":"2025-01-06T14:29:24","date_gmt":"2025-01-06T13:29:24","guid":{"rendered":"https:\/\/bergers-schlagerparadies.de\/?p=31757"},"modified":"2025-01-06T14:29:24","modified_gmt":"2025-01-06T13:29:24","slug":"silvia-kaufmann-verliebt-in-das-leben-%c2%b7-bergers-schlagerparadies","status":"publish","type":"post","link":"https:\/\/bergers-schlagerparadies.de\/?p=31757","title":{"rendered":"Silvia Kaufmann &#8211; Verliebt in das Leben \u00b7 Berger\u00b4s Schlagerparadies"},"content":{"rendered":"<p><img loading=\"lazy\" decoding=\"async\" class=\"size-medium wp-image-31759 alignleft\" src=\"https:\/\/bergers-schlagerparadies.de\/wp-content\/uploads\/2025\/01\/Silvia-Kaufmann-Verliebt-in-das-Leben-300x300.jpeg\" alt=\"\" width=\"300\" height=\"300\" srcset=\"https:\/\/bergers-schlagerparadies.de\/wp-content\/uploads\/2025\/01\/Silvia-Kaufmann-Verliebt-in-das-Leben-300x300.jpeg 300w, https:\/\/bergers-schlagerparadies.de\/wp-content\/uploads\/2025\/01\/Silvia-Kaufmann-Verliebt-in-das-Leben-1024x1024.jpeg 1024w, https:\/\/bergers-schlagerparadies.de\/wp-content\/uploads\/2025\/01\/Silvia-Kaufmann-Verliebt-in-das-Leben-150x150.jpeg 150w, https:\/\/bergers-schlagerparadies.de\/wp-content\/uploads\/2025\/01\/Silvia-Kaufmann-Verliebt-in-das-Leben-768x768.jpeg 768w, https:\/\/bergers-schlagerparadies.de\/wp-content\/uploads\/2025\/01\/Silvia-Kaufmann-Verliebt-in-das-Leben-1188x1188.jpeg 1188w, https:\/\/bergers-schlagerparadies.de\/wp-content\/uploads\/2025\/01\/Silvia-Kaufmann-Verliebt-in-das-Leben-100x100.jpeg 100w, https:\/\/bergers-schlagerparadies.de\/wp-content\/uploads\/2025\/01\/Silvia-Kaufmann-Verliebt-in-das-Leben.jpeg 1200w\" sizes=\"auto, (max-width: 300px) 100vw, 300px\" \/>Schlagers\u00e4ngerin Silvia Kaufmann bringt mit ihrer neuen Single wie gewohnt Leichtigkeit und pure Lebensfreude mit und packt eine wunderbare Botschaft in ihren Song, denn die charmante S\u00e4ngerin ist bis \u00fcber beide Ohren verliebt. In wen? Ganz einfach: \u201eVerliebt in das Leben\u201c.<br \/>\nMit viel Gef\u00fchl und einem namhaften Team an ihrer Seite &#8211; bestehend beispielsweise aus Produzent Bob Wundermann, Musikvideograf Oliver Sommer und Schauspielkollege und T\u00e4nzer Christian Polanc &#8211; m\u00f6chte die sympathische Schweizerin ihr Publikum verzaubern und die Freude am Leben, das Gef\u00fchl, jeden Moment zu genie\u00dfen und jeden einzelnen Augenblick vollkommen auszukosten verbreiten.<\/p>\n<p>&nbsp;<\/p>\n<p>&nbsp;<\/p>\n<p><span style=\"color: #800000;\"><strong>Quelle: VIA Music<\/strong><\/span><\/p>\n<p><span style=\"color: #800000;\"><strong>Dieser Song ist ab dem 06.01.2025 auf allen Download- und Streaming-Portalen erh\u00e4ltlich.\u00a0<\/strong><\/span><\/p>\n<p><span style=\"color: #800000;\"><strong>Airdate (f\u00fcr Radiosender): 06.01.2025<\/strong><\/span><\/p>\n","protected":false},"excerpt":{"rendered":"<p>Schlagers\u00e4ngerin Silvia Kaufmann bringt mit ihrer neuen Single wie gewohnt Leichtigkeit und pure Lebensfreude mit und packt eine wunderbare Botschaft in ihren Song, denn die charmante S\u00e4ngerin ist bis \u00fcber beide Ohren verliebt. In wen? Ganz einfach: \u201eVerliebt in das Leben\u201c. Mit viel Gef\u00fchl und einem namhaften Team an ihrer Seite &#8211; bestehend beispielsweise aus Produzent Bob Wundermann, Musikvideograf Oliver Sommer und Schauspielkollege und T\u00e4nzer Christian Polanc &#8211; m\u00f6chte die sympathische Schweizerin ihr Publikum verzaubern und die Freude am Leben, das Gef\u00fchl, jeden Moment zu genie\u00dfen und jeden einzelnen Augenblick vollkommen auszukosten verbreiten. &nbsp; &nbsp; Quelle: VIA Music Dieser Song ist ab dem 06.01.2025 auf&#8230;<\/p>\n","protected":false},"author":1,"featured_media":31759,"comment_status":"open","ping_status":"open","sticky":false,"template":"","format":"standard","meta":{"footnotes":""},"categories":[2,3253],"tags":[846],"class_list":["post-31757","post","type-post","status-publish","format-standard","has-post-thumbnail","hentry","category-schlager","category-via-music","tag-silvia-kaufmann","wpcat-2-id","wpcat-3253-id"],"_links":{"self":[{"href":"https:\/\/bergers-schlagerparadies.de\/index.php?rest_route=\/wp\/v2\/posts\/31757","targetHints":{"allow":["GET"]}}],"collection":[{"href":"https:\/\/bergers-schlagerparadies.de\/index.php?rest_route=\/wp\/v2\/posts"}],"about":[{"href":"https:\/\/bergers-schlagerparadies.de\/index.php?rest_route=\/wp\/v2\/types\/post"}],"author":[{"embeddable":true,"href":"https:\/\/bergers-schlagerparadies.de\/index.php?rest_route=\/wp\/v2\/users\/1"}],"replies":[{"embeddable":true,"href":"https:\/\/bergers-schlagerparadies.de\/index.php?rest_route=%2Fwp%2Fv2%2Fcomments&post=31757"}],"version-history":[{"count":2,"href":"https:\/\/bergers-schlagerparadies.de\/index.php?rest_route=\/wp\/v2\/posts\/31757\/revisions"}],"predecessor-version":[{"id":31760,"href":"https:\/\/bergers-schlagerparadies.de\/index.php?rest_route=\/wp\/v2\/posts\/31757\/revisions\/31760"}],"wp:featuredmedia":[{"embeddable":true,"href":"https:\/\/bergers-schlagerparadies.de\/index.php?rest_route=\/wp\/v2\/media\/31759"}],"wp:attachment":[{"href":"https:\/\/bergers-schlagerparadies.de\/index.php?rest_route=%2Fwp%2Fv2%2Fmedia&parent=31757"}],"wp:term":[{"taxonomy":"category","embeddable":true,"href":"https:\/\/bergers-schlagerparadies.de\/index.php?rest_route=%2Fwp%2Fv2%2Fcategories&post=31757"},{"taxonomy":"post_tag","embeddable":true,"href":"https:\/\/bergers-schlagerparadies.de\/index.php?rest_route=%2Fwp%2Fv2%2Ftags&post=31757"}],"curies":[{"name":"wp","href":"https:\/\/api.w.org\/{rel}","templated":true}]}}