{"id":31704,"date":"2025-01-03T09:09:57","date_gmt":"2025-01-03T08:09:57","guid":{"rendered":"https:\/\/bergers-schlagerparadies.de\/?p=31704"},"modified":"2025-01-03T09:12:33","modified_gmt":"2025-01-03T08:12:33","slug":"cora-die-bilder-von-dir-%c2%b7-bergers-schlagerparadies","status":"publish","type":"post","link":"https:\/\/bergers-schlagerparadies.de\/?p=31704","title":{"rendered":"Cora &#8211; Die Bilder von dir \u00b7 Berger\u00b4s Schlagerparadies"},"content":{"rendered":"<p><img loading=\"lazy\" decoding=\"async\" class=\"size-medium wp-image-31705 alignleft\" src=\"https:\/\/bergers-schlagerparadies.de\/wp-content\/uploads\/2025\/01\/Cora-Die-Bilder-von-dir-300x300.jpeg\" alt=\"\" width=\"300\" height=\"300\" srcset=\"https:\/\/bergers-schlagerparadies.de\/wp-content\/uploads\/2025\/01\/Cora-Die-Bilder-von-dir-300x300.jpeg 300w, https:\/\/bergers-schlagerparadies.de\/wp-content\/uploads\/2025\/01\/Cora-Die-Bilder-von-dir-1024x1024.jpeg 1024w, https:\/\/bergers-schlagerparadies.de\/wp-content\/uploads\/2025\/01\/Cora-Die-Bilder-von-dir-150x150.jpeg 150w, https:\/\/bergers-schlagerparadies.de\/wp-content\/uploads\/2025\/01\/Cora-Die-Bilder-von-dir-768x768.jpeg 768w, https:\/\/bergers-schlagerparadies.de\/wp-content\/uploads\/2025\/01\/Cora-Die-Bilder-von-dir-1536x1536.jpeg 1536w, https:\/\/bergers-schlagerparadies.de\/wp-content\/uploads\/2025\/01\/Cora-Die-Bilder-von-dir-2048x2048.jpeg 2048w, https:\/\/bergers-schlagerparadies.de\/wp-content\/uploads\/2025\/01\/Cora-Die-Bilder-von-dir-1200x1200.jpeg 1200w, https:\/\/bergers-schlagerparadies.de\/wp-content\/uploads\/2025\/01\/Cora-Die-Bilder-von-dir-1188x1188.jpeg 1188w, https:\/\/bergers-schlagerparadies.de\/wp-content\/uploads\/2025\/01\/Cora-Die-Bilder-von-dir-100x100.jpeg 100w\" sizes=\"auto, (max-width: 300px) 100vw, 300px\" \/>Urspr\u00fcnglich besingen CORA in ihrem neuen Song eine verlorene Liebe oder die immer wiederkehrende Erinnerungen an Menschen, die nicht mehr da sind, die man nur noch im Herzen hat.<\/p>\n<p>Dann ist aber genau an Weihnachten, der Song war l\u00e4ngst fertig, CORAs so liebenswerter Hund Carlos ganz unerwartet gestorben und beide waren voller Trauer. Die Bilder von dem s\u00fc\u00dfen Carlos kreisen seitdem st\u00e4ndig im Kopf und so bekommt das Lied f\u00fcr CORA pers\u00f6nlich nochmal eine ganz andere Bedeutung. Hundebesitzer werden das verstehen k\u00f6nnen.<\/p>\n<p>&nbsp;<\/p>\n<p>&nbsp;<\/p>\n<p>&nbsp;<\/p>\n<p><span style=\"color: #800000;\"><strong>Quelle: BM records<\/strong><\/span><\/p>\n<p><span style=\"color: #800000;\"><strong>Dieser Song ist ab dem 03.01.2025 auf allen Download- und Streaming-Portalen erh\u00e4ltlich.\u00a0<\/strong><\/span><\/p>\n<p><span style=\"color: #800000;\"><strong>Airdate (f\u00fcr Radiosender): 03.01.2025<\/strong><\/span><\/p>\n","protected":false},"excerpt":{"rendered":"<p>Urspr\u00fcnglich besingen CORA in ihrem neuen Song eine verlorene Liebe oder die immer wiederkehrende Erinnerungen an Menschen, die nicht mehr da sind, die man nur noch im Herzen hat. Dann ist aber genau an Weihnachten, der Song war l\u00e4ngst fertig, CORAs so liebenswerter Hund Carlos ganz unerwartet gestorben und beide waren voller Trauer. Die Bilder von dem s\u00fc\u00dfen Carlos kreisen seitdem st\u00e4ndig im Kopf und so bekommt das Lied f\u00fcr CORA pers\u00f6nlich nochmal eine ganz andere Bedeutung. Hundebesitzer werden das verstehen k\u00f6nnen. &nbsp; &nbsp; &nbsp; Quelle: BM records Dieser Song ist ab dem 03.01.2025 auf allen Download- und Streaming-Portalen erh\u00e4ltlich.\u00a0 Airdate (f\u00fcr Radiosender): 03.01.2025<\/p>\n","protected":false},"author":1,"featured_media":31705,"comment_status":"open","ping_status":"open","sticky":false,"template":"","format":"standard","meta":{"footnotes":""},"categories":[3231,3415,2],"tags":[1303],"class_list":["post-31704","post","type-post","status-publish","format-standard","has-post-thumbnail","hentry","category-bergers-schlagerparadies","category-bm-records","category-schlager","tag-cora","wpcat-3231-id","wpcat-3415-id","wpcat-2-id"],"_links":{"self":[{"href":"https:\/\/bergers-schlagerparadies.de\/index.php?rest_route=\/wp\/v2\/posts\/31704","targetHints":{"allow":["GET"]}}],"collection":[{"href":"https:\/\/bergers-schlagerparadies.de\/index.php?rest_route=\/wp\/v2\/posts"}],"about":[{"href":"https:\/\/bergers-schlagerparadies.de\/index.php?rest_route=\/wp\/v2\/types\/post"}],"author":[{"embeddable":true,"href":"https:\/\/bergers-schlagerparadies.de\/index.php?rest_route=\/wp\/v2\/users\/1"}],"replies":[{"embeddable":true,"href":"https:\/\/bergers-schlagerparadies.de\/index.php?rest_route=%2Fwp%2Fv2%2Fcomments&post=31704"}],"version-history":[{"count":1,"href":"https:\/\/bergers-schlagerparadies.de\/index.php?rest_route=\/wp\/v2\/posts\/31704\/revisions"}],"predecessor-version":[{"id":31706,"href":"https:\/\/bergers-schlagerparadies.de\/index.php?rest_route=\/wp\/v2\/posts\/31704\/revisions\/31706"}],"wp:featuredmedia":[{"embeddable":true,"href":"https:\/\/bergers-schlagerparadies.de\/index.php?rest_route=\/wp\/v2\/media\/31705"}],"wp:attachment":[{"href":"https:\/\/bergers-schlagerparadies.de\/index.php?rest_route=%2Fwp%2Fv2%2Fmedia&parent=31704"}],"wp:term":[{"taxonomy":"category","embeddable":true,"href":"https:\/\/bergers-schlagerparadies.de\/index.php?rest_route=%2Fwp%2Fv2%2Fcategories&post=31704"},{"taxonomy":"post_tag","embeddable":true,"href":"https:\/\/bergers-schlagerparadies.de\/index.php?rest_route=%2Fwp%2Fv2%2Ftags&post=31704"}],"curies":[{"name":"wp","href":"https:\/\/api.w.org\/{rel}","templated":true}]}}