{"id":31592,"date":"2024-12-27T09:13:22","date_gmt":"2024-12-27T08:13:22","guid":{"rendered":"https:\/\/bergers-schlagerparadies.de\/?p=31592"},"modified":"2024-12-27T09:13:22","modified_gmt":"2024-12-27T08:13:22","slug":"thomas-anders-florian-silbereisen-nochmal-album-%c2%b7-bergers-schlagerparadies","status":"publish","type":"post","link":"https:\/\/bergers-schlagerparadies.de\/?p=31592","title":{"rendered":"Thomas Anders &#038; Florian Silbereisen &#8211; Nochmal! (Album) \u00b7 Berger\u00b4s Schlagerparadies"},"content":{"rendered":"<p><img loading=\"lazy\" decoding=\"async\" class=\"size-medium wp-image-31593 alignleft\" src=\"https:\/\/bergers-schlagerparadies.de\/wp-content\/uploads\/2024\/12\/Thomas-Anders-Florian-Silbereisen-Nochmal-Album-300x300.jpeg\" alt=\"\" width=\"300\" height=\"300\" srcset=\"https:\/\/bergers-schlagerparadies.de\/wp-content\/uploads\/2024\/12\/Thomas-Anders-Florian-Silbereisen-Nochmal-Album-300x300.jpeg 300w, https:\/\/bergers-schlagerparadies.de\/wp-content\/uploads\/2024\/12\/Thomas-Anders-Florian-Silbereisen-Nochmal-Album-1024x1021.jpeg 1024w, https:\/\/bergers-schlagerparadies.de\/wp-content\/uploads\/2024\/12\/Thomas-Anders-Florian-Silbereisen-Nochmal-Album-150x150.jpeg 150w, https:\/\/bergers-schlagerparadies.de\/wp-content\/uploads\/2024\/12\/Thomas-Anders-Florian-Silbereisen-Nochmal-Album-768x765.jpeg 768w, https:\/\/bergers-schlagerparadies.de\/wp-content\/uploads\/2024\/12\/Thomas-Anders-Florian-Silbereisen-Nochmal-Album-1200x1196.jpeg 1200w, https:\/\/bergers-schlagerparadies.de\/wp-content\/uploads\/2024\/12\/Thomas-Anders-Florian-Silbereisen-Nochmal-Album-1188x1184.jpeg 1188w, https:\/\/bergers-schlagerparadies.de\/wp-content\/uploads\/2024\/12\/Thomas-Anders-Florian-Silbereisen-Nochmal-Album-100x100.jpeg 100w, https:\/\/bergers-schlagerparadies.de\/wp-content\/uploads\/2024\/12\/Thomas-Anders-Florian-Silbereisen-Nochmal-Album.jpeg 1204w\" sizes=\"auto, (max-width: 300px) 100vw, 300px\" \/>Thomas Anders &amp; Florian Silbereisen starten \u201eNochmal\u201c voll durch<br \/>\nDie Zusammenarbeit zwischen Thomas Anders &amp; Florian Silbereisen begann im Jahr 2018, als sie ihre gemeinsame Single &#8222;Sie sagte doch, sie liebt mich&#8220; ver\u00f6ffentlichten. Was als einmaliges Projekt angedacht war, f\u00fchrte aufgrund des gro\u00dfen Erfolgs zu zwei weiteren Singles und sogar einem Album. Die beiden Superstars der Pop- und Schlagerszene konnten sich folgend mit ihrem Deb\u00fct-Album \u201eDas Album\u201c fest etablieren und sind im Sommer 2020 in Deutschland, \u00d6sterreich und der Schweiz auf Platz 1 in die Album-Charts eingestiegen. In Deutschland und \u00d6sterreich verteidigten sie Platz 1 der Charts auch in der Folgewoche. In Deutschland konnte sich das Album im Jahr 2020 durchgehend in den Top100 Charts halten und erreichte sogar Platz 9 der Jahrescharts. Es wurde in Deutschland mit Gold und Platin und in \u00d6sterreich mit Gold ausgezeichnet. Ein gro\u00dfartiger Erfolg, der nat\u00fcrlich nach einem Nachfolger ruft.<br \/>\nVier Jahre sp\u00e4ter ist es nun soweit und die beiden Entertainer gehen mit dem neuen Album \u201eNochmal!\u201c wieder an den Start. Nach dem Motto \u201eDas Beste kommt zum Schluss\u201c haben sich die beiden diesmal etwas ganz Besonderes \u00fcberlegt: Neben einem komplett neuen Album mit 19 Songs wird es 10 brandneue Party-Versionen ihrer gr\u00f6\u00dften Hits geben. Ausgelassene Partystimmung f\u00fcr jede Silvester- und Apr\u00e9s-Ski-Party ist mit \u201eNochmal!\u201c also garantiert. Ver\u00f6ffentlich wird das neue Duett-Album von Thomas Anders &amp; Florian Silbereisen am 27.12.2024.<br \/>\nDas neue Album ist auch als limitierte 2-LP und exklusive limitierte Fanbox erh\u00e4ltlich.<br \/>\nDie Fanbox enth\u00e4lt neben der 2-CD eine Karaoke-CD, Songbook, Fan Schal, Poster und 3 Fotokarten.<\/p>\n<p><span style=\"color: #800000;\"><strong>Quelle: Telamo<\/strong><\/span><\/p>\n<p><span style=\"color: #800000;\"><strong>Dieses Album ist ab dem 27.12.2024 auf allen Download- und Streaming-Portalen erh\u00e4ltlich.\u00a0<\/strong><\/span><\/p>\n<p><span style=\"color: #800000;\"><strong>Airdate (f\u00fcr Radiosender): 27.12.2024<\/strong><\/span><\/p>\n","protected":false},"excerpt":{"rendered":"<p>Thomas Anders &amp; Florian Silbereisen starten \u201eNochmal\u201c voll durch Die Zusammenarbeit zwischen Thomas Anders &amp; Florian Silbereisen begann im Jahr 2018, als sie ihre gemeinsame Single &#8222;Sie sagte doch, sie liebt mich&#8220; ver\u00f6ffentlichten. Was als einmaliges Projekt angedacht war, f\u00fchrte aufgrund des gro\u00dfen Erfolgs zu zwei weiteren Singles und sogar einem Album. Die beiden Superstars der Pop- und Schlagerszene konnten sich folgend mit ihrem Deb\u00fct-Album \u201eDas Album\u201c fest etablieren und sind im Sommer 2020 in Deutschland, \u00d6sterreich und der Schweiz auf Platz 1 in die Album-Charts eingestiegen. In Deutschland und \u00d6sterreich verteidigten sie Platz 1 der Charts auch in der Folgewoche. In Deutschland konnte sich&#8230;<\/p>\n","protected":false},"author":1,"featured_media":31593,"comment_status":"open","ping_status":"open","sticky":false,"template":"","format":"standard","meta":{"footnotes":""},"categories":[3257,3231,2,3239],"tags":[247],"class_list":["post-31592","post","type-post","status-publish","format-standard","has-post-thumbnail","hentry","category-album","category-bergers-schlagerparadies","category-schlager","category-telamo","tag-thomas-anders-florian-silbereisen","wpcat-3257-id","wpcat-3231-id","wpcat-2-id","wpcat-3239-id"],"_links":{"self":[{"href":"https:\/\/bergers-schlagerparadies.de\/index.php?rest_route=\/wp\/v2\/posts\/31592","targetHints":{"allow":["GET"]}}],"collection":[{"href":"https:\/\/bergers-schlagerparadies.de\/index.php?rest_route=\/wp\/v2\/posts"}],"about":[{"href":"https:\/\/bergers-schlagerparadies.de\/index.php?rest_route=\/wp\/v2\/types\/post"}],"author":[{"embeddable":true,"href":"https:\/\/bergers-schlagerparadies.de\/index.php?rest_route=\/wp\/v2\/users\/1"}],"replies":[{"embeddable":true,"href":"https:\/\/bergers-schlagerparadies.de\/index.php?rest_route=%2Fwp%2Fv2%2Fcomments&post=31592"}],"version-history":[{"count":1,"href":"https:\/\/bergers-schlagerparadies.de\/index.php?rest_route=\/wp\/v2\/posts\/31592\/revisions"}],"predecessor-version":[{"id":31594,"href":"https:\/\/bergers-schlagerparadies.de\/index.php?rest_route=\/wp\/v2\/posts\/31592\/revisions\/31594"}],"wp:featuredmedia":[{"embeddable":true,"href":"https:\/\/bergers-schlagerparadies.de\/index.php?rest_route=\/wp\/v2\/media\/31593"}],"wp:attachment":[{"href":"https:\/\/bergers-schlagerparadies.de\/index.php?rest_route=%2Fwp%2Fv2%2Fmedia&parent=31592"}],"wp:term":[{"taxonomy":"category","embeddable":true,"href":"https:\/\/bergers-schlagerparadies.de\/index.php?rest_route=%2Fwp%2Fv2%2Fcategories&post=31592"},{"taxonomy":"post_tag","embeddable":true,"href":"https:\/\/bergers-schlagerparadies.de\/index.php?rest_route=%2Fwp%2Fv2%2Ftags&post=31592"}],"curies":[{"name":"wp","href":"https:\/\/api.w.org\/{rel}","templated":true}]}}