{"id":31540,"date":"2024-12-23T11:48:57","date_gmt":"2024-12-23T10:48:57","guid":{"rendered":"https:\/\/bergers-schlagerparadies.de\/?p=31540"},"modified":"2024-12-23T11:48:57","modified_gmt":"2024-12-23T10:48:57","slug":"schlager-radio-ariane-perl-ich-hoer-am-liebsten-schlager-radio-%c2%b7-bergers-schlagerparadies","status":"publish","type":"post","link":"https:\/\/bergers-schlagerparadies.de\/?p=31540","title":{"rendered":"Schlager Radio &#038; Ariane Perl &#8211; Ich h\u00f6r am liebsten Schlager Radio \u00b7 Berger\u00b4s Schlagerparadies"},"content":{"rendered":"<p><img loading=\"lazy\" decoding=\"async\" class=\"size-medium wp-image-31543 alignleft\" src=\"https:\/\/bergers-schlagerparadies.de\/wp-content\/uploads\/2024\/12\/Schlager-Radio-Ariane-Perl-Ich-hoer-am-liebsten-Schlager-Radio-300x300.jpg\" alt=\"\" width=\"300\" height=\"300\" srcset=\"https:\/\/bergers-schlagerparadies.de\/wp-content\/uploads\/2024\/12\/Schlager-Radio-Ariane-Perl-Ich-hoer-am-liebsten-Schlager-Radio-300x300.jpg 300w, https:\/\/bergers-schlagerparadies.de\/wp-content\/uploads\/2024\/12\/Schlager-Radio-Ariane-Perl-Ich-hoer-am-liebsten-Schlager-Radio-1024x1024.jpg 1024w, https:\/\/bergers-schlagerparadies.de\/wp-content\/uploads\/2024\/12\/Schlager-Radio-Ariane-Perl-Ich-hoer-am-liebsten-Schlager-Radio-150x150.jpg 150w, https:\/\/bergers-schlagerparadies.de\/wp-content\/uploads\/2024\/12\/Schlager-Radio-Ariane-Perl-Ich-hoer-am-liebsten-Schlager-Radio-768x768.jpg 768w, https:\/\/bergers-schlagerparadies.de\/wp-content\/uploads\/2024\/12\/Schlager-Radio-Ariane-Perl-Ich-hoer-am-liebsten-Schlager-Radio-1536x1536.jpg 1536w, https:\/\/bergers-schlagerparadies.de\/wp-content\/uploads\/2024\/12\/Schlager-Radio-Ariane-Perl-Ich-hoer-am-liebsten-Schlager-Radio-2048x2048.jpg 2048w, https:\/\/bergers-schlagerparadies.de\/wp-content\/uploads\/2024\/12\/Schlager-Radio-Ariane-Perl-Ich-hoer-am-liebsten-Schlager-Radio-1200x1200.jpg 1200w, https:\/\/bergers-schlagerparadies.de\/wp-content\/uploads\/2024\/12\/Schlager-Radio-Ariane-Perl-Ich-hoer-am-liebsten-Schlager-Radio-1188x1188.jpg 1188w, https:\/\/bergers-schlagerparadies.de\/wp-content\/uploads\/2024\/12\/Schlager-Radio-Ariane-Perl-Ich-hoer-am-liebsten-Schlager-Radio-100x100.jpg 100w\" sizes=\"auto, (max-width: 300px) 100vw, 300px\" \/>Mit ihrer brandneuen Single \u201eIch h\u00f6r am liebsten Schlager Radio\u201c liefern Ariane Perl und Schlager Radio einen mitrei\u00dfenden Ohrwurm, der Schlagerfans aus der Seele spricht. Der Song ist eine Liebeserkl\u00e4rung an das Genre und die Radiosender, die diese Musik t\u00e4glich feiern und verbreiten.<\/p>\n<p>Textdichter und Komponist Bernd Havixbeck hat hier ein St\u00fcck geschaffen, das die Leidenschaft f\u00fcr den Schlager treffend einf\u00e4ngt. Die energiegeladene Produktion stammt von Erfolgsproduzent C-Base, der bereits mit zahlreichen Hits die Airplay Charts Top 100 erobern konnte. In seiner unverwechselbaren Art bringt C-Base moderne Sounds und klassischen Schlager auf den Punkt und sorgt daf\u00fcr, dass \u201eIch h\u00f6r am liebsten Schlager Radio\u201c perfekt f\u00fcr die Tanzfl\u00e4chen und Radio Playlists geeignet ist.<\/p>\n<p>Ariane Perls klare Stimme macht diesen Song zu einem echten Highlight. Mit sp\u00fcrbarem Herzblut und gro\u00dfer Leidenschaft l\u00e4sst sie die Emotionen lebendig werden und verleiht dem Titel eine unverwechselbare Authentizit\u00e4t. Die Botschaft ist klar: Schlager ist mehr als Musik \u2013 es ist ein Lebensgef\u00fchl. Egal ob im Auto, bei der Arbeit oder auf der n\u00e4chsten Party \u2013 dieser Titel bringt beste Laune und pure Schlagerfreude.<\/p>\n<p><span style=\"color: #800000;\"><strong>Quelle: Schlager Radio \/ Fiesta Records<\/strong><\/span><\/p>\n<p><span style=\"color: #800000;\"><strong>Dieser Song ist ab dem 03.01.2025 auf allen Download- und Streaming-Portalen erh\u00e4ltlich.\u00a0<\/strong><\/span><\/p>\n<p><span style=\"color: #800000;\"><strong>Airdate (f\u00fcr Radiosender): 23.12.2024<\/strong><\/span><\/p>\n","protected":false},"excerpt":{"rendered":"<p>Mit ihrer brandneuen Single \u201eIch h\u00f6r am liebsten Schlager Radio\u201c liefern Ariane Perl und Schlager Radio einen mitrei\u00dfenden Ohrwurm, der Schlagerfans aus der Seele spricht. Der Song ist eine Liebeserkl\u00e4rung an das Genre und die Radiosender, die diese Musik t\u00e4glich feiern und verbreiten. Textdichter und Komponist Bernd Havixbeck hat hier ein St\u00fcck geschaffen, das die Leidenschaft f\u00fcr den Schlager treffend einf\u00e4ngt. Die energiegeladene Produktion stammt von Erfolgsproduzent C-Base, der bereits mit zahlreichen Hits die Airplay Charts Top 100 erobern konnte. In seiner unverwechselbaren Art bringt C-Base moderne Sounds und klassischen Schlager auf den Punkt und sorgt daf\u00fcr, dass \u201eIch h\u00f6r am liebsten Schlager Radio\u201c perfekt&#8230;<\/p>\n","protected":false},"author":1,"featured_media":31543,"comment_status":"open","ping_status":"open","sticky":false,"template":"","format":"standard","meta":{"footnotes":""},"categories":[3231,3232,2,3382],"tags":[3383],"class_list":["post-31540","post","type-post","status-publish","format-standard","has-post-thumbnail","hentry","category-bergers-schlagerparadies","category-fiesta-records","category-schlager","category-schlager-radio","tag-schlager-radio-ariane-perl","wpcat-3231-id","wpcat-3232-id","wpcat-2-id","wpcat-3382-id"],"_links":{"self":[{"href":"https:\/\/bergers-schlagerparadies.de\/index.php?rest_route=\/wp\/v2\/posts\/31540","targetHints":{"allow":["GET"]}}],"collection":[{"href":"https:\/\/bergers-schlagerparadies.de\/index.php?rest_route=\/wp\/v2\/posts"}],"about":[{"href":"https:\/\/bergers-schlagerparadies.de\/index.php?rest_route=\/wp\/v2\/types\/post"}],"author":[{"embeddable":true,"href":"https:\/\/bergers-schlagerparadies.de\/index.php?rest_route=\/wp\/v2\/users\/1"}],"replies":[{"embeddable":true,"href":"https:\/\/bergers-schlagerparadies.de\/index.php?rest_route=%2Fwp%2Fv2%2Fcomments&post=31540"}],"version-history":[{"count":1,"href":"https:\/\/bergers-schlagerparadies.de\/index.php?rest_route=\/wp\/v2\/posts\/31540\/revisions"}],"predecessor-version":[{"id":31544,"href":"https:\/\/bergers-schlagerparadies.de\/index.php?rest_route=\/wp\/v2\/posts\/31540\/revisions\/31544"}],"wp:featuredmedia":[{"embeddable":true,"href":"https:\/\/bergers-schlagerparadies.de\/index.php?rest_route=\/wp\/v2\/media\/31543"}],"wp:attachment":[{"href":"https:\/\/bergers-schlagerparadies.de\/index.php?rest_route=%2Fwp%2Fv2%2Fmedia&parent=31540"}],"wp:term":[{"taxonomy":"category","embeddable":true,"href":"https:\/\/bergers-schlagerparadies.de\/index.php?rest_route=%2Fwp%2Fv2%2Fcategories&post=31540"},{"taxonomy":"post_tag","embeddable":true,"href":"https:\/\/bergers-schlagerparadies.de\/index.php?rest_route=%2Fwp%2Fv2%2Ftags&post=31540"}],"curies":[{"name":"wp","href":"https:\/\/api.w.org\/{rel}","templated":true}]}}