{"id":31475,"date":"2024-12-17T20:30:32","date_gmt":"2024-12-17T19:30:32","guid":{"rendered":"https:\/\/bergers-schlagerparadies.de\/?p=31475"},"modified":"2024-12-17T20:31:07","modified_gmt":"2024-12-17T19:31:07","slug":"hartl-records-feat-sonja-klinger-die-frau-im-schwarzen-kleid-van-veen-extended-rmx-%c2%b7-bergers-schlagerparadies","status":"publish","type":"post","link":"https:\/\/bergers-schlagerparadies.de\/?p=31475","title":{"rendered":"Hartl Records Feat. Sonja Klinger &#8211; Die Frau im schwarzen Kleid (Van Veen Extended RMX) \u00b7 Berger\u00b4s Schlagerparadies"},"content":{"rendered":"<p><img loading=\"lazy\" decoding=\"async\" class=\"size-medium wp-image-31476 alignleft\" src=\"https:\/\/bergers-schlagerparadies.de\/wp-content\/uploads\/2024\/12\/Hartl-Records-Feat.-Sonja-Klinger-Die-Frau-im-schwarzen-Kleid-Van-Veen-Extended-RMX-300x300.jpg\" alt=\"\" width=\"300\" height=\"300\" srcset=\"https:\/\/bergers-schlagerparadies.de\/wp-content\/uploads\/2024\/12\/Hartl-Records-Feat.-Sonja-Klinger-Die-Frau-im-schwarzen-Kleid-Van-Veen-Extended-RMX-300x300.jpg 300w, https:\/\/bergers-schlagerparadies.de\/wp-content\/uploads\/2024\/12\/Hartl-Records-Feat.-Sonja-Klinger-Die-Frau-im-schwarzen-Kleid-Van-Veen-Extended-RMX-1024x1024.jpg 1024w, https:\/\/bergers-schlagerparadies.de\/wp-content\/uploads\/2024\/12\/Hartl-Records-Feat.-Sonja-Klinger-Die-Frau-im-schwarzen-Kleid-Van-Veen-Extended-RMX-150x150.jpg 150w, https:\/\/bergers-schlagerparadies.de\/wp-content\/uploads\/2024\/12\/Hartl-Records-Feat.-Sonja-Klinger-Die-Frau-im-schwarzen-Kleid-Van-Veen-Extended-RMX-768x768.jpg 768w, https:\/\/bergers-schlagerparadies.de\/wp-content\/uploads\/2024\/12\/Hartl-Records-Feat.-Sonja-Klinger-Die-Frau-im-schwarzen-Kleid-Van-Veen-Extended-RMX-1536x1536.jpg 1536w, https:\/\/bergers-schlagerparadies.de\/wp-content\/uploads\/2024\/12\/Hartl-Records-Feat.-Sonja-Klinger-Die-Frau-im-schwarzen-Kleid-Van-Veen-Extended-RMX-1200x1200.jpg 1200w, https:\/\/bergers-schlagerparadies.de\/wp-content\/uploads\/2024\/12\/Hartl-Records-Feat.-Sonja-Klinger-Die-Frau-im-schwarzen-Kleid-Van-Veen-Extended-RMX-1188x1188.jpg 1188w, https:\/\/bergers-schlagerparadies.de\/wp-content\/uploads\/2024\/12\/Hartl-Records-Feat.-Sonja-Klinger-Die-Frau-im-schwarzen-Kleid-Van-Veen-Extended-RMX-100x100.jpg 100w, https:\/\/bergers-schlagerparadies.de\/wp-content\/uploads\/2024\/12\/Hartl-Records-Feat.-Sonja-Klinger-Die-Frau-im-schwarzen-Kleid-Van-Veen-Extended-RMX.jpg 2048w\" sizes=\"auto, (max-width: 300px) 100vw, 300px\" \/>Sonja Klinger pr\u00e4sentiert kurz nach Ihrer Ver\u00f6ffentlichung von Titanic der Liebe ihre zweite Single. Die Frau im schwarzen Kleid ein titel mit Ohrwurgarantie. Der bekannte Remixer Van Veen produzierte eine speziell f\u00fcr DJ entwickelte Tanzbare\u00a0 Version mit treibenden Beats und mitrei\u00dfenden Rhythmen wird keine Tanzfl\u00e4che leer bleiben. Der Titel wurde geschrieben von Andrea Hartl. Sonja Klinger pr\u00e4sentiert Gipsy Lady und Titanic der Liebe, Ihre neue Single Die Frau im schwarzen Kleid.<\/p>\n<p>Ver\u00f6ffentlichung ist am 31.12.2024<\/p>\n<p>&nbsp;<\/p>\n<p>&nbsp;<\/p>\n<p>&nbsp;<\/p>\n<p><span style=\"color: #800000;\"><strong>Quelle: Hartl Records<\/strong><\/span><\/p>\n<p><span style=\"color: #800000;\"><strong>Dieser Song ist ab dem 20.12.2024 auf allen Download- und Streaming-Portalen erh\u00e4ltlich.\u00a0<\/strong><\/span><\/p>\n<p><span style=\"color: #800000;\"><strong>Airdate (f\u00fcr Radiosender): 31.12.2024<\/strong><\/span><\/p>\n","protected":false},"excerpt":{"rendered":"<p>Sonja Klinger pr\u00e4sentiert kurz nach Ihrer Ver\u00f6ffentlichung von Titanic der Liebe ihre zweite Single. Die Frau im schwarzen Kleid ein titel mit Ohrwurgarantie. Der bekannte Remixer Van Veen produzierte eine speziell f\u00fcr DJ entwickelte Tanzbare\u00a0 Version mit treibenden Beats und mitrei\u00dfenden Rhythmen wird keine Tanzfl\u00e4che leer bleiben. Der Titel wurde geschrieben von Andrea Hartl. Sonja Klinger pr\u00e4sentiert Gipsy Lady und Titanic der Liebe, Ihre neue Single Die Frau im schwarzen Kleid. Ver\u00f6ffentlichung ist am 31.12.2024 &nbsp; &nbsp; &nbsp; Quelle: Hartl Records Dieser Song ist ab dem 20.12.2024 auf allen Download- und Streaming-Portalen erh\u00e4ltlich.\u00a0 Airdate (f\u00fcr Radiosender): 31.12.2024<\/p>\n","protected":false},"author":1,"featured_media":31476,"comment_status":"open","ping_status":"open","sticky":false,"template":"","format":"standard","meta":{"footnotes":""},"categories":[3231,3264,3233],"tags":[3292],"class_list":["post-31475","post","type-post","status-publish","format-standard","has-post-thumbnail","hentry","category-bergers-schlagerparadies","category-deutsch-pop","category-hartl-records","tag-hartl-records-feat-sonja-klinger","wpcat-3231-id","wpcat-3264-id","wpcat-3233-id"],"_links":{"self":[{"href":"https:\/\/bergers-schlagerparadies.de\/index.php?rest_route=\/wp\/v2\/posts\/31475","targetHints":{"allow":["GET"]}}],"collection":[{"href":"https:\/\/bergers-schlagerparadies.de\/index.php?rest_route=\/wp\/v2\/posts"}],"about":[{"href":"https:\/\/bergers-schlagerparadies.de\/index.php?rest_route=\/wp\/v2\/types\/post"}],"author":[{"embeddable":true,"href":"https:\/\/bergers-schlagerparadies.de\/index.php?rest_route=\/wp\/v2\/users\/1"}],"replies":[{"embeddable":true,"href":"https:\/\/bergers-schlagerparadies.de\/index.php?rest_route=%2Fwp%2Fv2%2Fcomments&post=31475"}],"version-history":[{"count":2,"href":"https:\/\/bergers-schlagerparadies.de\/index.php?rest_route=\/wp\/v2\/posts\/31475\/revisions"}],"predecessor-version":[{"id":31479,"href":"https:\/\/bergers-schlagerparadies.de\/index.php?rest_route=\/wp\/v2\/posts\/31475\/revisions\/31479"}],"wp:featuredmedia":[{"embeddable":true,"href":"https:\/\/bergers-schlagerparadies.de\/index.php?rest_route=\/wp\/v2\/media\/31476"}],"wp:attachment":[{"href":"https:\/\/bergers-schlagerparadies.de\/index.php?rest_route=%2Fwp%2Fv2%2Fmedia&parent=31475"}],"wp:term":[{"taxonomy":"category","embeddable":true,"href":"https:\/\/bergers-schlagerparadies.de\/index.php?rest_route=%2Fwp%2Fv2%2Fcategories&post=31475"},{"taxonomy":"post_tag","embeddable":true,"href":"https:\/\/bergers-schlagerparadies.de\/index.php?rest_route=%2Fwp%2Fv2%2Ftags&post=31475"}],"curies":[{"name":"wp","href":"https:\/\/api.w.org\/{rel}","templated":true}]}}