{"id":31377,"date":"2024-12-10T21:38:50","date_gmt":"2024-12-10T20:38:50","guid":{"rendered":"https:\/\/bergers-schlagerparadies.de\/?p=31377"},"modified":"2024-12-10T21:39:00","modified_gmt":"2024-12-10T20:39:00","slug":"marko-kimsen-ik-wil-met-kerst-niet-alleen-zijn-%c2%b7-bergers-schlagerparadies","status":"publish","type":"post","link":"https:\/\/bergers-schlagerparadies.de\/?p=31377","title":{"rendered":"Marko Kimsen &#8211; Ik Wil Met Kerst Niet Alleen Zijn \u00b7 Berger\u00b4s Schlagerparadies"},"content":{"rendered":"<div class=\"x11i5rnm xat24cr x1mh8g0r x1vvkbs xtlvy1s x126k92a\">\n<div dir=\"auto\"><img loading=\"lazy\" decoding=\"async\" class=\"size-medium wp-image-31379 alignleft\" src=\"https:\/\/bergers-schlagerparadies.de\/wp-content\/uploads\/2024\/12\/Marko-Kimsen-Ik-Wil-Met-Kerst-Niet-Alleen-Zijn-300x300.jpg\" alt=\"\" width=\"300\" height=\"300\" srcset=\"https:\/\/bergers-schlagerparadies.de\/wp-content\/uploads\/2024\/12\/Marko-Kimsen-Ik-Wil-Met-Kerst-Niet-Alleen-Zijn-300x300.jpg 300w, https:\/\/bergers-schlagerparadies.de\/wp-content\/uploads\/2024\/12\/Marko-Kimsen-Ik-Wil-Met-Kerst-Niet-Alleen-Zijn-1024x1024.jpg 1024w, https:\/\/bergers-schlagerparadies.de\/wp-content\/uploads\/2024\/12\/Marko-Kimsen-Ik-Wil-Met-Kerst-Niet-Alleen-Zijn-150x150.jpg 150w, https:\/\/bergers-schlagerparadies.de\/wp-content\/uploads\/2024\/12\/Marko-Kimsen-Ik-Wil-Met-Kerst-Niet-Alleen-Zijn-768x768.jpg 768w, https:\/\/bergers-schlagerparadies.de\/wp-content\/uploads\/2024\/12\/Marko-Kimsen-Ik-Wil-Met-Kerst-Niet-Alleen-Zijn-1536x1536.jpg 1536w, https:\/\/bergers-schlagerparadies.de\/wp-content\/uploads\/2024\/12\/Marko-Kimsen-Ik-Wil-Met-Kerst-Niet-Alleen-Zijn-1200x1200.jpg 1200w, https:\/\/bergers-schlagerparadies.de\/wp-content\/uploads\/2024\/12\/Marko-Kimsen-Ik-Wil-Met-Kerst-Niet-Alleen-Zijn-1188x1188.jpg 1188w, https:\/\/bergers-schlagerparadies.de\/wp-content\/uploads\/2024\/12\/Marko-Kimsen-Ik-Wil-Met-Kerst-Niet-Alleen-Zijn-100x100.jpg 100w, https:\/\/bergers-schlagerparadies.de\/wp-content\/uploads\/2024\/12\/Marko-Kimsen-Ik-Wil-Met-Kerst-Niet-Alleen-Zijn.jpg 2048w\" sizes=\"auto, (max-width: 300px) 100vw, 300px\" \/>GEMEINSAM &#8222;FLAMMEN&#8220; GEGEN EINSAMHEIT<\/div>\n<div dir=\"auto\">Mit diesem Release wollen wir die Single &#8222;I Don&#8217;t Want To Be Alone With Christmas&#8220; von Marco Kimsen aufmerksam machen. Die vielen herzerw\u00e4rmenden, positiven Reaktionen auf dieses stimmungsvolle Weihnachtslied w\u00e4hrend der letzten Auftritte und TV-Aufnahmen von &#8222;The Muziekhow&#8220; f\u00fcr MENT55 f\u00fchrten zur Ver\u00f6ffentlichung dieses Liedes. Weil niemand alleine sein will, vor allem an Weihnachten, oder?<\/div>\n<div dir=\"auto\">Hoffentlich ermutigt das Lied auch alle, einsamen Menschen ein warmes Weihnachtsfest zu bereiten.<\/div>\n<\/div>\n<div class=\"x11i5rnm xat24cr x1mh8g0r x1vvkbs xtlvy1s x126k92a\">\n<div dir=\"auto\">Credits an: Dennie Damaro<\/div>\n<\/div>\n<div dir=\"auto\"><\/div>\n<div dir=\"auto\"><\/div>\n<div dir=\"auto\"><\/div>\n<div dir=\"auto\"><\/div>\n<div dir=\"auto\">\n<p><span style=\"color: #800000;\"><strong>Quelle: Dennie Damaro<\/strong><\/span><\/p>\n<p><span style=\"color: #800000;\"><strong>Dieser Song ist ab dem 30.11.2024 auf allen Download- und Streaming-Portalen erh\u00e4ltlich.\u00a0<\/strong><\/span><\/p>\n<p><span style=\"color: #800000;\"><strong>Airdate (f\u00fcr Radiosender): 30.11.2024<\/strong><\/span><\/p>\n<\/div>\n","protected":false},"excerpt":{"rendered":"<p>GEMEINSAM &#8222;FLAMMEN&#8220; GEGEN EINSAMHEIT Mit diesem Release wollen wir die Single &#8222;I Don&#8217;t Want To Be Alone With Christmas&#8220; von Marco Kimsen aufmerksam machen. Die vielen herzerw\u00e4rmenden, positiven Reaktionen auf dieses stimmungsvolle Weihnachtslied w\u00e4hrend der letzten Auftritte und TV-Aufnahmen von &#8222;The Muziekhow&#8220; f\u00fcr MENT55 f\u00fchrten zur Ver\u00f6ffentlichung dieses Liedes. Weil niemand alleine sein will, vor allem an Weihnachten, oder? Hoffentlich ermutigt das Lied auch alle, einsamen Menschen ein warmes Weihnachtsfest zu bereiten. Credits an: Dennie Damaro Quelle: Dennie Damaro Dieser Song ist ab dem 30.11.2024 auf allen Download- und Streaming-Portalen erh\u00e4ltlich.\u00a0 Airdate (f\u00fcr Radiosender): 30.11.2024<\/p>\n","protected":false},"author":1,"featured_media":31379,"comment_status":"open","ping_status":"open","sticky":false,"template":"","format":"standard","meta":{"footnotes":""},"categories":[3231,3243,3234],"tags":[3339],"class_list":["post-31377","post","type-post","status-publish","format-standard","has-post-thumbnail","hentry","category-bergers-schlagerparadies","category-niederlande","category-weihnachten","tag-marko-kimsen","wpcat-3231-id","wpcat-3243-id","wpcat-3234-id"],"_links":{"self":[{"href":"https:\/\/bergers-schlagerparadies.de\/index.php?rest_route=\/wp\/v2\/posts\/31377","targetHints":{"allow":["GET"]}}],"collection":[{"href":"https:\/\/bergers-schlagerparadies.de\/index.php?rest_route=\/wp\/v2\/posts"}],"about":[{"href":"https:\/\/bergers-schlagerparadies.de\/index.php?rest_route=\/wp\/v2\/types\/post"}],"author":[{"embeddable":true,"href":"https:\/\/bergers-schlagerparadies.de\/index.php?rest_route=\/wp\/v2\/users\/1"}],"replies":[{"embeddable":true,"href":"https:\/\/bergers-schlagerparadies.de\/index.php?rest_route=%2Fwp%2Fv2%2Fcomments&post=31377"}],"version-history":[{"count":1,"href":"https:\/\/bergers-schlagerparadies.de\/index.php?rest_route=\/wp\/v2\/posts\/31377\/revisions"}],"predecessor-version":[{"id":31380,"href":"https:\/\/bergers-schlagerparadies.de\/index.php?rest_route=\/wp\/v2\/posts\/31377\/revisions\/31380"}],"wp:featuredmedia":[{"embeddable":true,"href":"https:\/\/bergers-schlagerparadies.de\/index.php?rest_route=\/wp\/v2\/media\/31379"}],"wp:attachment":[{"href":"https:\/\/bergers-schlagerparadies.de\/index.php?rest_route=%2Fwp%2Fv2%2Fmedia&parent=31377"}],"wp:term":[{"taxonomy":"category","embeddable":true,"href":"https:\/\/bergers-schlagerparadies.de\/index.php?rest_route=%2Fwp%2Fv2%2Fcategories&post=31377"},{"taxonomy":"post_tag","embeddable":true,"href":"https:\/\/bergers-schlagerparadies.de\/index.php?rest_route=%2Fwp%2Fv2%2Ftags&post=31377"}],"curies":[{"name":"wp","href":"https:\/\/api.w.org\/{rel}","templated":true}]}}