{"id":31354,"date":"2024-12-09T20:34:20","date_gmt":"2024-12-09T19:34:20","guid":{"rendered":"https:\/\/bergers-schlagerparadies.de\/?p=31354"},"modified":"2024-12-09T20:34:54","modified_gmt":"2024-12-09T19:34:54","slug":"michael-morgen-marys-boychild-%c2%b7-bergers-schlagerparadies","status":"publish","type":"post","link":"https:\/\/bergers-schlagerparadies.de\/?p=31354","title":{"rendered":"Michael Morgen &#8211; Marys Boychild \u00b7 Berger\u00b4s Schlagerparadies"},"content":{"rendered":"<p><img loading=\"lazy\" decoding=\"async\" class=\"size-medium wp-image-31355 alignleft\" src=\"https:\/\/bergers-schlagerparadies.de\/wp-content\/uploads\/2024\/12\/Michael-Morgen-Marys-Boychild-300x300.jpg\" alt=\"\" width=\"300\" height=\"300\" srcset=\"https:\/\/bergers-schlagerparadies.de\/wp-content\/uploads\/2024\/12\/Michael-Morgen-Marys-Boychild-300x300.jpg 300w, https:\/\/bergers-schlagerparadies.de\/wp-content\/uploads\/2024\/12\/Michael-Morgen-Marys-Boychild-1024x1021.jpg 1024w, https:\/\/bergers-schlagerparadies.de\/wp-content\/uploads\/2024\/12\/Michael-Morgen-Marys-Boychild-150x150.jpg 150w, https:\/\/bergers-schlagerparadies.de\/wp-content\/uploads\/2024\/12\/Michael-Morgen-Marys-Boychild-768x766.jpg 768w, https:\/\/bergers-schlagerparadies.de\/wp-content\/uploads\/2024\/12\/Michael-Morgen-Marys-Boychild-1536x1532.jpg 1536w, https:\/\/bergers-schlagerparadies.de\/wp-content\/uploads\/2024\/12\/Michael-Morgen-Marys-Boychild-2048x2043.jpg 2048w, https:\/\/bergers-schlagerparadies.de\/wp-content\/uploads\/2024\/12\/Michael-Morgen-Marys-Boychild-1200x1197.jpg 1200w, https:\/\/bergers-schlagerparadies.de\/wp-content\/uploads\/2024\/12\/Michael-Morgen-Marys-Boychild-1188x1185.jpg 1188w, https:\/\/bergers-schlagerparadies.de\/wp-content\/uploads\/2024\/12\/Michael-Morgen-Marys-Boychild-100x100.jpg 100w\" sizes=\"auto, (max-width: 300px) 100vw, 300px\" \/>Michael Morgen, bekannt als Stimme der Kult-Band Austria Pur und gefeierter Schlagers\u00e4nger, pr\u00e4sentiert mit \u201eMarys Boychild\u201c seine erste internationale Weihnachtssingle. Inspiriert von der Interpretation seines Idols Sir Tom Jones, verleiht er dem Klassiker seinen eigenen Stil und beweist damit erneut seine musikalische Vielseitigkeit.<\/p>\n<p>Die Single zeigt eindrucksvoll die Vielseitigkeit und die au\u00dfergew\u00f6hnliche stimmliche Bandbreite von Michael Morgen. Mit dieser gef\u00fchlvollen und zugleich kraftvollen Interpretation liefert er einen Weihnachtsklassiker, der alte und neue Fans gleicherma\u00dfen begeistert.<\/p>\n<p>&nbsp;<\/p>\n<p>&nbsp;<\/p>\n<p><span style=\"color: #800000;\"><strong>Quelle: Fiesta Records<\/strong><\/span><\/p>\n<p><span style=\"color: #800000;\"><strong>Dieser Song ist ab dem 08.12.2024 auf allen Download- und Streaming-Portalen erh\u00e4ltlich.\u00a0<\/strong><\/span><\/p>\n<p><span style=\"color: #800000;\"><strong>Airdate (f\u00fcr Radiosender): 09.12.2024<\/strong><\/span><\/p>\n","protected":false},"excerpt":{"rendered":"<p>Michael Morgen, bekannt als Stimme der Kult-Band Austria Pur und gefeierter Schlagers\u00e4nger, pr\u00e4sentiert mit \u201eMarys Boychild\u201c seine erste internationale Weihnachtssingle. Inspiriert von der Interpretation seines Idols Sir Tom Jones, verleiht er dem Klassiker seinen eigenen Stil und beweist damit erneut seine musikalische Vielseitigkeit. Die Single zeigt eindrucksvoll die Vielseitigkeit und die au\u00dfergew\u00f6hnliche stimmliche Bandbreite von Michael Morgen. Mit dieser gef\u00fchlvollen und zugleich kraftvollen Interpretation liefert er einen Weihnachtsklassiker, der alte und neue Fans gleicherma\u00dfen begeistert. &nbsp; &nbsp; Quelle: Fiesta Records Dieser Song ist ab dem 08.12.2024 auf allen Download- und Streaming-Portalen erh\u00e4ltlich.\u00a0 Airdate (f\u00fcr Radiosender): 09.12.2024<\/p>\n","protected":false},"author":1,"featured_media":31355,"comment_status":"open","ping_status":"open","sticky":false,"template":"","format":"standard","meta":{"footnotes":""},"categories":[3231,3232,3237,3234],"tags":[2165],"class_list":["post-31354","post","type-post","status-publish","format-standard","has-post-thumbnail","hentry","category-bergers-schlagerparadies","category-fiesta-records","category-pop","category-weihnachten","tag-michael-morgen","wpcat-3231-id","wpcat-3232-id","wpcat-3237-id","wpcat-3234-id"],"_links":{"self":[{"href":"https:\/\/bergers-schlagerparadies.de\/index.php?rest_route=\/wp\/v2\/posts\/31354","targetHints":{"allow":["GET"]}}],"collection":[{"href":"https:\/\/bergers-schlagerparadies.de\/index.php?rest_route=\/wp\/v2\/posts"}],"about":[{"href":"https:\/\/bergers-schlagerparadies.de\/index.php?rest_route=\/wp\/v2\/types\/post"}],"author":[{"embeddable":true,"href":"https:\/\/bergers-schlagerparadies.de\/index.php?rest_route=\/wp\/v2\/users\/1"}],"replies":[{"embeddable":true,"href":"https:\/\/bergers-schlagerparadies.de\/index.php?rest_route=%2Fwp%2Fv2%2Fcomments&post=31354"}],"version-history":[{"count":1,"href":"https:\/\/bergers-schlagerparadies.de\/index.php?rest_route=\/wp\/v2\/posts\/31354\/revisions"}],"predecessor-version":[{"id":31356,"href":"https:\/\/bergers-schlagerparadies.de\/index.php?rest_route=\/wp\/v2\/posts\/31354\/revisions\/31356"}],"wp:featuredmedia":[{"embeddable":true,"href":"https:\/\/bergers-schlagerparadies.de\/index.php?rest_route=\/wp\/v2\/media\/31355"}],"wp:attachment":[{"href":"https:\/\/bergers-schlagerparadies.de\/index.php?rest_route=%2Fwp%2Fv2%2Fmedia&parent=31354"}],"wp:term":[{"taxonomy":"category","embeddable":true,"href":"https:\/\/bergers-schlagerparadies.de\/index.php?rest_route=%2Fwp%2Fv2%2Fcategories&post=31354"},{"taxonomy":"post_tag","embeddable":true,"href":"https:\/\/bergers-schlagerparadies.de\/index.php?rest_route=%2Fwp%2Fv2%2Ftags&post=31354"}],"curies":[{"name":"wp","href":"https:\/\/api.w.org\/{rel}","templated":true}]}}