{"id":31248,"date":"2024-12-03T21:35:39","date_gmt":"2024-12-03T20:35:39","guid":{"rendered":"https:\/\/bergers-schlagerparadies.de\/?p=31248"},"modified":"2024-12-03T21:35:39","modified_gmt":"2024-12-03T20:35:39","slug":"bernd-kieckhaeben-du-bist-alles-%c2%b7-bergers-schlagerparadies-2","status":"publish","type":"post","link":"https:\/\/bergers-schlagerparadies.de\/?p=31248","title":{"rendered":"Bernd Kieckh\u00e4ben &#8211; Du bist alles \u00b7 Berger\u00b4s Schlagerparadies"},"content":{"rendered":"<p><img loading=\"lazy\" decoding=\"async\" class=\"size-medium wp-image-30868 alignleft\" src=\"https:\/\/bergers-schlagerparadies.de\/wp-content\/uploads\/2024\/11\/Bernd-Kieckhaeben-Du-bist-alles-300x300.jpg\" alt=\"\" width=\"300\" height=\"300\" srcset=\"https:\/\/bergers-schlagerparadies.de\/wp-content\/uploads\/2024\/11\/Bernd-Kieckhaeben-Du-bist-alles-300x300.jpg 300w, https:\/\/bergers-schlagerparadies.de\/wp-content\/uploads\/2024\/11\/Bernd-Kieckhaeben-Du-bist-alles-1024x1024.jpg 1024w, https:\/\/bergers-schlagerparadies.de\/wp-content\/uploads\/2024\/11\/Bernd-Kieckhaeben-Du-bist-alles-150x150.jpg 150w, https:\/\/bergers-schlagerparadies.de\/wp-content\/uploads\/2024\/11\/Bernd-Kieckhaeben-Du-bist-alles-768x768.jpg 768w, https:\/\/bergers-schlagerparadies.de\/wp-content\/uploads\/2024\/11\/Bernd-Kieckhaeben-Du-bist-alles-1536x1536.jpg 1536w, https:\/\/bergers-schlagerparadies.de\/wp-content\/uploads\/2024\/11\/Bernd-Kieckhaeben-Du-bist-alles-2048x2048.jpg 2048w, https:\/\/bergers-schlagerparadies.de\/wp-content\/uploads\/2024\/11\/Bernd-Kieckhaeben-Du-bist-alles-1200x1200.jpg 1200w, https:\/\/bergers-schlagerparadies.de\/wp-content\/uploads\/2024\/11\/Bernd-Kieckhaeben-Du-bist-alles-1188x1188.jpg 1188w, https:\/\/bergers-schlagerparadies.de\/wp-content\/uploads\/2024\/11\/Bernd-Kieckhaeben-Du-bist-alles-100x100.jpg 100w\" sizes=\"auto, (max-width: 300px) 100vw, 300px\" \/>Im Leben gibt es nicht nur sonnige Tage. Auch dunkle Tage geh\u00f6ren zu unserem Leben dazu.<\/p>\n<p>In diesen Tagen f\u00fchlt es sich an, als w\u00fcrde es keinen Ausweg geben und der Boden unter unseren F\u00fc\u00dfen w\u00fcrde zusammenbrechen.<\/p>\n<p>In dieser schweren Phase haben wir doch alle besondere Lieblingsmenschen, die das Licht wieder zum Leuchten bringen und mit uns gemeinsam diese Zeit durchstehen.<\/p>\n<p>Diese Menschen sind alles f\u00fcr uns.<\/p>\n<p>Sie bringen uns zum Stehen, wenn wir nicht mehr weiter k\u00f6nnen und den Faden verloren haben.<\/p>\n<p>Bernd Kieckh\u00e4ben bringt mit seiner neuen Single zur kalten Jahreszeit die W\u00e4rme f\u00fcr uns alle mit.<\/p>\n<p><span style=\"color: #800000;\"><strong>Quelle: Plattenfirma to go<\/strong><\/span><\/p>\n<p><span style=\"color: #800000;\"><strong>Dieser Song ist ab dem 06.12.2024 auf allen Download- und Streaming-Portalen erh\u00e4ltlich.\u00a0<\/strong><\/span><\/p>\n<p><span style=\"color: #800000;\"><strong>Airdate (f\u00fcr Radiosender): 06.12.2024<\/strong><\/span><\/p>\n","protected":false},"excerpt":{"rendered":"<p>Im Leben gibt es nicht nur sonnige Tage. Auch dunkle Tage geh\u00f6ren zu unserem Leben dazu. In diesen Tagen f\u00fchlt es sich an, als w\u00fcrde es keinen Ausweg geben und der Boden unter unseren F\u00fc\u00dfen w\u00fcrde zusammenbrechen. In dieser schweren Phase haben wir doch alle besondere Lieblingsmenschen, die das Licht wieder zum Leuchten bringen und mit uns gemeinsam diese Zeit durchstehen. Diese Menschen sind alles f\u00fcr uns. Sie bringen uns zum Stehen, wenn wir nicht mehr weiter k\u00f6nnen und den Faden verloren haben. Bernd Kieckh\u00e4ben bringt mit seiner neuen Single zur kalten Jahreszeit die W\u00e4rme f\u00fcr uns alle mit. Quelle: Plattenfirma to go Dieser Song&#8230;<\/p>\n","protected":false},"author":1,"featured_media":30868,"comment_status":"open","ping_status":"open","sticky":false,"template":"","format":"standard","meta":{"footnotes":""},"categories":[3231,3264,3315],"tags":[2595],"class_list":["post-31248","post","type-post","status-publish","format-standard","has-post-thumbnail","hentry","category-bergers-schlagerparadies","category-deutsch-pop","category-plattenfirma-to-go","tag-bernd-kieckhaeben","wpcat-3231-id","wpcat-3264-id","wpcat-3315-id"],"_links":{"self":[{"href":"https:\/\/bergers-schlagerparadies.de\/index.php?rest_route=\/wp\/v2\/posts\/31248","targetHints":{"allow":["GET"]}}],"collection":[{"href":"https:\/\/bergers-schlagerparadies.de\/index.php?rest_route=\/wp\/v2\/posts"}],"about":[{"href":"https:\/\/bergers-schlagerparadies.de\/index.php?rest_route=\/wp\/v2\/types\/post"}],"author":[{"embeddable":true,"href":"https:\/\/bergers-schlagerparadies.de\/index.php?rest_route=\/wp\/v2\/users\/1"}],"replies":[{"embeddable":true,"href":"https:\/\/bergers-schlagerparadies.de\/index.php?rest_route=%2Fwp%2Fv2%2Fcomments&post=31248"}],"version-history":[{"count":1,"href":"https:\/\/bergers-schlagerparadies.de\/index.php?rest_route=\/wp\/v2\/posts\/31248\/revisions"}],"predecessor-version":[{"id":31249,"href":"https:\/\/bergers-schlagerparadies.de\/index.php?rest_route=\/wp\/v2\/posts\/31248\/revisions\/31249"}],"wp:featuredmedia":[{"embeddable":true,"href":"https:\/\/bergers-schlagerparadies.de\/index.php?rest_route=\/wp\/v2\/media\/30868"}],"wp:attachment":[{"href":"https:\/\/bergers-schlagerparadies.de\/index.php?rest_route=%2Fwp%2Fv2%2Fmedia&parent=31248"}],"wp:term":[{"taxonomy":"category","embeddable":true,"href":"https:\/\/bergers-schlagerparadies.de\/index.php?rest_route=%2Fwp%2Fv2%2Fcategories&post=31248"},{"taxonomy":"post_tag","embeddable":true,"href":"https:\/\/bergers-schlagerparadies.de\/index.php?rest_route=%2Fwp%2Fv2%2Ftags&post=31248"}],"curies":[{"name":"wp","href":"https:\/\/api.w.org\/{rel}","templated":true}]}}