{"id":31244,"date":"2024-12-03T21:27:42","date_gmt":"2024-12-03T20:27:42","guid":{"rendered":"https:\/\/bergers-schlagerparadies.de\/?p=31244"},"modified":"2024-12-03T21:27:42","modified_gmt":"2024-12-03T20:27:42","slug":"tom-gaebel-a-christmas-to-remember-album-%c2%b7-bergers-schlagerparadies","status":"publish","type":"post","link":"https:\/\/bergers-schlagerparadies.de\/?p=31244","title":{"rendered":"Tom Gaebel &#8211; A Christmas to Remember (Album) \u00b7 Berger\u00b4s Schlagerparadies"},"content":{"rendered":"<p><img loading=\"lazy\" decoding=\"async\" class=\"size-medium wp-image-31245 alignleft\" src=\"https:\/\/bergers-schlagerparadies.de\/wp-content\/uploads\/2024\/12\/Tom-Gaebel-A-Christmas-to-Remember-300x300.jpg\" alt=\"\" width=\"300\" height=\"300\" srcset=\"https:\/\/bergers-schlagerparadies.de\/wp-content\/uploads\/2024\/12\/Tom-Gaebel-A-Christmas-to-Remember-300x300.jpg 300w, https:\/\/bergers-schlagerparadies.de\/wp-content\/uploads\/2024\/12\/Tom-Gaebel-A-Christmas-to-Remember-1024x1024.jpg 1024w, https:\/\/bergers-schlagerparadies.de\/wp-content\/uploads\/2024\/12\/Tom-Gaebel-A-Christmas-to-Remember-150x150.jpg 150w, https:\/\/bergers-schlagerparadies.de\/wp-content\/uploads\/2024\/12\/Tom-Gaebel-A-Christmas-to-Remember-768x768.jpg 768w, https:\/\/bergers-schlagerparadies.de\/wp-content\/uploads\/2024\/12\/Tom-Gaebel-A-Christmas-to-Remember-1188x1188.jpg 1188w, https:\/\/bergers-schlagerparadies.de\/wp-content\/uploads\/2024\/12\/Tom-Gaebel-A-Christmas-to-Remember-100x100.jpg 100w, https:\/\/bergers-schlagerparadies.de\/wp-content\/uploads\/2024\/12\/Tom-Gaebel-A-Christmas-to-Remember.jpg 1200w\" sizes=\"auto, (max-width: 300px) 100vw, 300px\" \/>\u2022 Tom Gaebel ist ein deutscher Musiker, Entertainer und S\u00e4nger.<br \/>\n\u2022 In seiner Musik verbindet er knackige Big-Band Sounds mit der mitrei\u00dfenden Leichtigkeit des Easy Listening.<br \/>\n\u2022 Geboren in Gelsenkirchen und aufgewachsen im westf\u00e4lischen Ibbenb\u00fchren, spielt die Musik bereits seit seiner Kindheit eine gro\u00dfe Rolle in seinem Leben.<br \/>\n\u2022 Nach dem Musikstudium in den F\u00e4chern Posaune, Schlagzeug und Jazzgesang in Amsterdam, zieht er nach K\u00f6ln und gr\u00fcndet 2005 seine erste eigene Band.<br \/>\n\u2022 Innerhalb von 19 Jahren hat Tom Gaebel zehn Alben ver\u00f6ffentlicht, u.a. \u201eGood Life\u201c, \u201eSo Good To Be Me\u201c sowie drei Weihnachtsalben. Viele der Longplayer wurden mit dem Jazz-Award in Gold und\/oder Platin ausgezeichnet.<br \/>\n\u2022 In der Vergangenheit hat Tom Gabel in zahlreichen TV-Auftritten gegl\u00e4nzt, u.a. bei \u201eTV Total\u201c, \u201eZimmer frei\u201c, \u201eZDF Fernsehgarten\u201c, \u201eBares f\u00fcr Rares\u201c, \u201eWer wei\u00df denn sowas?\u201c, \u201eVolle Kanne\u201c, \u201eWillkommen bei Carmen Nebel\u201c oder \u201eFlorian Silbereisen\u201c.<\/p>\n<p><span style=\"color: #800000;\"><strong>Quelle: Warner Music Central Europe<\/strong><\/span><\/p>\n<p><span style=\"color: #800000;\"><strong>Dieser Song ist ab dem 29.11.2024 auf allen Download- und Streaming-Portalen erh\u00e4ltlich.\u00a0<\/strong><\/span><\/p>\n<p><span style=\"color: #800000;\"><strong>Airdate (f\u00fcr Radiosender): 29.11.2024<\/strong><\/span><\/p>\n","protected":false},"excerpt":{"rendered":"<p>\u2022 Tom Gaebel ist ein deutscher Musiker, Entertainer und S\u00e4nger. \u2022 In seiner Musik verbindet er knackige Big-Band Sounds mit der mitrei\u00dfenden Leichtigkeit des Easy Listening. \u2022 Geboren in Gelsenkirchen und aufgewachsen im westf\u00e4lischen Ibbenb\u00fchren, spielt die Musik bereits seit seiner Kindheit eine gro\u00dfe Rolle in seinem Leben. \u2022 Nach dem Musikstudium in den F\u00e4chern Posaune, Schlagzeug und Jazzgesang in Amsterdam, zieht er nach K\u00f6ln und gr\u00fcndet 2005 seine erste eigene Band. \u2022 Innerhalb von 19 Jahren hat Tom Gaebel zehn Alben ver\u00f6ffentlicht, u.a. \u201eGood Life\u201c, \u201eSo Good To Be Me\u201c sowie drei Weihnachtsalben. Viele der Longplayer wurden mit dem Jazz-Award in Gold und\/oder Platin&#8230;<\/p>\n","protected":false},"author":1,"featured_media":31245,"comment_status":"open","ping_status":"open","sticky":false,"template":"","format":"standard","meta":{"footnotes":""},"categories":[3257,3231,3312,3313],"tags":[3314],"class_list":["post-31244","post","type-post","status-publish","format-standard","has-post-thumbnail","hentry","category-album","category-bergers-schlagerparadies","category-jazz","category-warner-music-central-europe","tag-tom-gaebel","wpcat-3257-id","wpcat-3231-id","wpcat-3312-id","wpcat-3313-id"],"_links":{"self":[{"href":"https:\/\/bergers-schlagerparadies.de\/index.php?rest_route=\/wp\/v2\/posts\/31244","targetHints":{"allow":["GET"]}}],"collection":[{"href":"https:\/\/bergers-schlagerparadies.de\/index.php?rest_route=\/wp\/v2\/posts"}],"about":[{"href":"https:\/\/bergers-schlagerparadies.de\/index.php?rest_route=\/wp\/v2\/types\/post"}],"author":[{"embeddable":true,"href":"https:\/\/bergers-schlagerparadies.de\/index.php?rest_route=\/wp\/v2\/users\/1"}],"replies":[{"embeddable":true,"href":"https:\/\/bergers-schlagerparadies.de\/index.php?rest_route=%2Fwp%2Fv2%2Fcomments&post=31244"}],"version-history":[{"count":1,"href":"https:\/\/bergers-schlagerparadies.de\/index.php?rest_route=\/wp\/v2\/posts\/31244\/revisions"}],"predecessor-version":[{"id":31247,"href":"https:\/\/bergers-schlagerparadies.de\/index.php?rest_route=\/wp\/v2\/posts\/31244\/revisions\/31247"}],"wp:featuredmedia":[{"embeddable":true,"href":"https:\/\/bergers-schlagerparadies.de\/index.php?rest_route=\/wp\/v2\/media\/31245"}],"wp:attachment":[{"href":"https:\/\/bergers-schlagerparadies.de\/index.php?rest_route=%2Fwp%2Fv2%2Fmedia&parent=31244"}],"wp:term":[{"taxonomy":"category","embeddable":true,"href":"https:\/\/bergers-schlagerparadies.de\/index.php?rest_route=%2Fwp%2Fv2%2Fcategories&post=31244"},{"taxonomy":"post_tag","embeddable":true,"href":"https:\/\/bergers-schlagerparadies.de\/index.php?rest_route=%2Fwp%2Fv2%2Ftags&post=31244"}],"curies":[{"name":"wp","href":"https:\/\/api.w.org\/{rel}","templated":true}]}}