{"id":31206,"date":"2024-11-29T15:42:57","date_gmt":"2024-11-29T14:42:57","guid":{"rendered":"https:\/\/bergers-schlagerparadies.de\/?p=31206"},"modified":"2024-11-29T15:42:57","modified_gmt":"2024-11-29T14:42:57","slug":"simon-falk-ich-wuenschte-es-waer-weihnachten-jeden-tag-%c2%b7-bergers-schlagerparadies","status":"publish","type":"post","link":"https:\/\/bergers-schlagerparadies.de\/?p=31206","title":{"rendered":"Simon Falk &#8211; Ich w\u00fcnschte, es w\u00e4r\u2018 Weihnachten jeden Tag \u00b7 Berger\u00b4s Schlagerparadies"},"content":{"rendered":"<p><img loading=\"lazy\" decoding=\"async\" class=\"size-medium wp-image-31207 alignleft\" src=\"https:\/\/bergers-schlagerparadies.de\/wp-content\/uploads\/2024\/11\/Simon-Falk-Ich-wuenschte-es-waer\u2018-Weihnachten-jeden-Tag-300x300.jpg\" alt=\"\" width=\"300\" height=\"300\" srcset=\"https:\/\/bergers-schlagerparadies.de\/wp-content\/uploads\/2024\/11\/Simon-Falk-Ich-wuenschte-es-waer\u2018-Weihnachten-jeden-Tag-300x300.jpg 300w, https:\/\/bergers-schlagerparadies.de\/wp-content\/uploads\/2024\/11\/Simon-Falk-Ich-wuenschte-es-waer\u2018-Weihnachten-jeden-Tag-1024x1024.jpg 1024w, https:\/\/bergers-schlagerparadies.de\/wp-content\/uploads\/2024\/11\/Simon-Falk-Ich-wuenschte-es-waer\u2018-Weihnachten-jeden-Tag-150x150.jpg 150w, https:\/\/bergers-schlagerparadies.de\/wp-content\/uploads\/2024\/11\/Simon-Falk-Ich-wuenschte-es-waer\u2018-Weihnachten-jeden-Tag-768x768.jpg 768w, https:\/\/bergers-schlagerparadies.de\/wp-content\/uploads\/2024\/11\/Simon-Falk-Ich-wuenschte-es-waer\u2018-Weihnachten-jeden-Tag-1200x1200.jpg 1200w, https:\/\/bergers-schlagerparadies.de\/wp-content\/uploads\/2024\/11\/Simon-Falk-Ich-wuenschte-es-waer\u2018-Weihnachten-jeden-Tag-1188x1188.jpg 1188w, https:\/\/bergers-schlagerparadies.de\/wp-content\/uploads\/2024\/11\/Simon-Falk-Ich-wuenschte-es-waer\u2018-Weihnachten-jeden-Tag-100x100.jpg 100w, https:\/\/bergers-schlagerparadies.de\/wp-content\/uploads\/2024\/11\/Simon-Falk-Ich-wuenschte-es-waer\u2018-Weihnachten-jeden-Tag.jpg 1417w\" sizes=\"auto, (max-width: 300px) 100vw, 300px\" \/>Lassen Sie sich von Simon Falks ber\u00fchrendem Weihnachtslied &#8222;Ich w\u00fcnschte, es w\u00e4r\u2018 Weihnachten jeden Tag&#8220;, produziert von Waldemar Kopka, verzaubern.<br \/>\nDieses herzerw\u00e4rmende St\u00fcck verbindet traditionelle Weihnachtsmelodien mit modernen Pop-Elementen und inspiriert Jung und Alt zu festlicher Freude.<br \/>\nDer eing\u00e4ngige Refrain spiegelt den Wunsch wider, den Zauber der Weihnachtszeit das ganze Jahr \u00fcber zu erleben. Die poetischen Texte von Ellen Krenz entf\u00fchren die Zuh\u00f6rer in eine Welt voller Lichter und Kinderfreude, w\u00e4hrend die lebendige Bridge zum Feiern einl\u00e4dt.<br \/>\nEin Muss f\u00fcr Ihre Weihnachtsplaylist, das Herzen verbindet und wundervolle Stimmung verbreitet! Genie\u00dfen Sie dieses Lied und lassen Sie Weihnachten t\u00e4glich lebendig werden.<\/p>\n<p><span style=\"color: #800000;\"><strong>Quelle: Waldemar Kopka<\/strong><\/span><\/p>\n<p><span style=\"color: #800000;\"><strong>Dieser Song ist ab dem 29.11.2024 auf allen Download- und Streaming-Portalen erh\u00e4ltlich.\u00a0<\/strong><\/span><\/p>\n<p><span style=\"color: #800000;\"><strong>Airdate (f\u00fcr Radiosender): 29.11.2024<\/strong><\/span><\/p>\n","protected":false},"excerpt":{"rendered":"<p>Lassen Sie sich von Simon Falks ber\u00fchrendem Weihnachtslied &#8222;Ich w\u00fcnschte, es w\u00e4r\u2018 Weihnachten jeden Tag&#8220;, produziert von Waldemar Kopka, verzaubern. Dieses herzerw\u00e4rmende St\u00fcck verbindet traditionelle Weihnachtsmelodien mit modernen Pop-Elementen und inspiriert Jung und Alt zu festlicher Freude. Der eing\u00e4ngige Refrain spiegelt den Wunsch wider, den Zauber der Weihnachtszeit das ganze Jahr \u00fcber zu erleben. Die poetischen Texte von Ellen Krenz entf\u00fchren die Zuh\u00f6rer in eine Welt voller Lichter und Kinderfreude, w\u00e4hrend die lebendige Bridge zum Feiern einl\u00e4dt. Ein Muss f\u00fcr Ihre Weihnachtsplaylist, das Herzen verbindet und wundervolle Stimmung verbreitet! Genie\u00dfen Sie dieses Lied und lassen Sie Weihnachten t\u00e4glich lebendig werden. Quelle: Waldemar Kopka Dieser Song&#8230;<\/p>\n","protected":false},"author":1,"featured_media":31207,"comment_status":"open","ping_status":"open","sticky":false,"template":"","format":"standard","meta":{"footnotes":""},"categories":[3231,3305,3290,3277],"tags":[2157],"class_list":["post-31206","post","type-post","status-publish","format-standard","has-post-thumbnail","hentry","category-bergers-schlagerparadies","category-waldemar-kopka","category-weihnachtslieder","category-weihnachtspop","tag-simon-falk","wpcat-3231-id","wpcat-3305-id","wpcat-3290-id","wpcat-3277-id"],"_links":{"self":[{"href":"https:\/\/bergers-schlagerparadies.de\/index.php?rest_route=\/wp\/v2\/posts\/31206","targetHints":{"allow":["GET"]}}],"collection":[{"href":"https:\/\/bergers-schlagerparadies.de\/index.php?rest_route=\/wp\/v2\/posts"}],"about":[{"href":"https:\/\/bergers-schlagerparadies.de\/index.php?rest_route=\/wp\/v2\/types\/post"}],"author":[{"embeddable":true,"href":"https:\/\/bergers-schlagerparadies.de\/index.php?rest_route=\/wp\/v2\/users\/1"}],"replies":[{"embeddable":true,"href":"https:\/\/bergers-schlagerparadies.de\/index.php?rest_route=%2Fwp%2Fv2%2Fcomments&post=31206"}],"version-history":[{"count":1,"href":"https:\/\/bergers-schlagerparadies.de\/index.php?rest_route=\/wp\/v2\/posts\/31206\/revisions"}],"predecessor-version":[{"id":31208,"href":"https:\/\/bergers-schlagerparadies.de\/index.php?rest_route=\/wp\/v2\/posts\/31206\/revisions\/31208"}],"wp:featuredmedia":[{"embeddable":true,"href":"https:\/\/bergers-schlagerparadies.de\/index.php?rest_route=\/wp\/v2\/media\/31207"}],"wp:attachment":[{"href":"https:\/\/bergers-schlagerparadies.de\/index.php?rest_route=%2Fwp%2Fv2%2Fmedia&parent=31206"}],"wp:term":[{"taxonomy":"category","embeddable":true,"href":"https:\/\/bergers-schlagerparadies.de\/index.php?rest_route=%2Fwp%2Fv2%2Fcategories&post=31206"},{"taxonomy":"post_tag","embeddable":true,"href":"https:\/\/bergers-schlagerparadies.de\/index.php?rest_route=%2Fwp%2Fv2%2Ftags&post=31206"}],"curies":[{"name":"wp","href":"https:\/\/api.w.org\/{rel}","templated":true}]}}