{"id":31199,"date":"2024-11-29T14:17:54","date_gmt":"2024-11-29T13:17:54","guid":{"rendered":"https:\/\/bergers-schlagerparadies.de\/?p=31199"},"modified":"2024-11-29T14:17:54","modified_gmt":"2024-11-29T13:17:54","slug":"reto-eigenmann-es-ist-weihnachtszeit-%c2%b7-bergers-schlagerparadies","status":"publish","type":"post","link":"https:\/\/bergers-schlagerparadies.de\/?p=31199","title":{"rendered":"Reto Eigenmann &#8211; Es ist Weihnachtszeit \u00b7 Berger\u00b4s Schlagerparadies"},"content":{"rendered":"<p><img loading=\"lazy\" decoding=\"async\" class=\"size-medium wp-image-31200 alignleft\" src=\"https:\/\/bergers-schlagerparadies.de\/wp-content\/uploads\/2024\/11\/Reto-Eigenmann-Es-ist-Weihnachtszeit-300x300.jpg\" alt=\"\" width=\"300\" height=\"300\" srcset=\"https:\/\/bergers-schlagerparadies.de\/wp-content\/uploads\/2024\/11\/Reto-Eigenmann-Es-ist-Weihnachtszeit-300x300.jpg 300w, https:\/\/bergers-schlagerparadies.de\/wp-content\/uploads\/2024\/11\/Reto-Eigenmann-Es-ist-Weihnachtszeit-1024x1024.jpg 1024w, https:\/\/bergers-schlagerparadies.de\/wp-content\/uploads\/2024\/11\/Reto-Eigenmann-Es-ist-Weihnachtszeit-150x150.jpg 150w, https:\/\/bergers-schlagerparadies.de\/wp-content\/uploads\/2024\/11\/Reto-Eigenmann-Es-ist-Weihnachtszeit-768x768.jpg 768w, https:\/\/bergers-schlagerparadies.de\/wp-content\/uploads\/2024\/11\/Reto-Eigenmann-Es-ist-Weihnachtszeit-1536x1536.jpg 1536w, https:\/\/bergers-schlagerparadies.de\/wp-content\/uploads\/2024\/11\/Reto-Eigenmann-Es-ist-Weihnachtszeit-2048x2048.jpg 2048w, https:\/\/bergers-schlagerparadies.de\/wp-content\/uploads\/2024\/11\/Reto-Eigenmann-Es-ist-Weihnachtszeit-1200x1200.jpg 1200w, https:\/\/bergers-schlagerparadies.de\/wp-content\/uploads\/2024\/11\/Reto-Eigenmann-Es-ist-Weihnachtszeit-1188x1188.jpg 1188w, https:\/\/bergers-schlagerparadies.de\/wp-content\/uploads\/2024\/11\/Reto-Eigenmann-Es-ist-Weihnachtszeit-100x100.jpg 100w\" sizes=\"auto, (max-width: 300px) 100vw, 300px\" \/>\u00abReto Eigenmann\u00bb ist schon \u00fcber 25 Jahre im Musikgesch\u00e4ft und Musiker mit Leib und Seele.<br \/>\nZahlreiche Auftritte im In- und Ausland haben den Schweizer Ausnahmemusiker \u00fcber die Grenzen hinaus bekannt gemacht.<\/p>\n<p>\u00abReto Eigenmann\u00bb hat es mit seiner letzten Radiosingle \u00abDa hilft nur ein Happy End\u00bb direkt in viele Rotationen der Radiostationen geschafft und hat sich durch diesen tollen, tanzbaren Schlager eine noch gr\u00f6ssere Fanbase erspielt.<\/p>\n<p>\u00abReto Eigenmann\u00bb liebt Weihnachten und es war ihm ein grosses Anliegen dieses Jahr einen, speziell f\u00fcr ihn geschriebenen, Weihnachtssong zu ver\u00f6ffentlichen. Mit der neuen Weihnachtssingle \u00abEs ist Weihnachtszeit\u00bb bringt \u00abReto Eigenmann\u00bb einen beschwingten, sehr weihnachtlichen und eing\u00e4ngigen Titel mit Mitsingeffekt und sofortigem Weihnachtsgef\u00fchl auf den Markt.<\/p>\n<p>\u00abEs ist Weihnachtszeit\u00bb &#8211; der absolute Weihnachts-Schlager-Ohrwurm<\/p>\n<p><span style=\"color: #800000;\"><strong>Quelle: B-exstage Music<\/strong><\/span><\/p>\n<p><span style=\"color: #800000;\"><strong>Dieser Song ist ab dem 29.11.2024 auf allen Download- und Streaming-Portalen erh\u00e4ltlich.\u00a0<\/strong><\/span><\/p>\n<p><span style=\"color: #800000;\"><strong>Airdate (f\u00fcr Radiosender): 29.11.2024<\/strong><\/span><\/p>\n","protected":false},"excerpt":{"rendered":"<p>\u00abReto Eigenmann\u00bb ist schon \u00fcber 25 Jahre im Musikgesch\u00e4ft und Musiker mit Leib und Seele. Zahlreiche Auftritte im In- und Ausland haben den Schweizer Ausnahmemusiker \u00fcber die Grenzen hinaus bekannt gemacht. \u00abReto Eigenmann\u00bb hat es mit seiner letzten Radiosingle \u00abDa hilft nur ein Happy End\u00bb direkt in viele Rotationen der Radiostationen geschafft und hat sich durch diesen tollen, tanzbaren Schlager eine noch gr\u00f6ssere Fanbase erspielt. \u00abReto Eigenmann\u00bb liebt Weihnachten und es war ihm ein grosses Anliegen dieses Jahr einen, speziell f\u00fcr ihn geschriebenen, Weihnachtssong zu ver\u00f6ffentlichen. Mit der neuen Weihnachtssingle \u00abEs ist Weihnachtszeit\u00bb bringt \u00abReto Eigenmann\u00bb einen beschwingten, sehr weihnachtlichen und eing\u00e4ngigen Titel mit Mitsingeffekt&#8230;<\/p>\n","protected":false},"author":1,"featured_media":31200,"comment_status":"open","ping_status":"open","sticky":false,"template":"","format":"standard","meta":{"footnotes":""},"categories":[3299,3231,2,3290,3281],"tags":[2371],"class_list":["post-31199","post","type-post","status-publish","format-standard","has-post-thumbnail","hentry","category-b-exstage-music","category-bergers-schlagerparadies","category-schlager","category-weihnachtslieder","category-weihnachtsrepertoire","tag-reto-eigenmann","wpcat-3299-id","wpcat-3231-id","wpcat-2-id","wpcat-3290-id","wpcat-3281-id"],"_links":{"self":[{"href":"https:\/\/bergers-schlagerparadies.de\/index.php?rest_route=\/wp\/v2\/posts\/31199","targetHints":{"allow":["GET"]}}],"collection":[{"href":"https:\/\/bergers-schlagerparadies.de\/index.php?rest_route=\/wp\/v2\/posts"}],"about":[{"href":"https:\/\/bergers-schlagerparadies.de\/index.php?rest_route=\/wp\/v2\/types\/post"}],"author":[{"embeddable":true,"href":"https:\/\/bergers-schlagerparadies.de\/index.php?rest_route=\/wp\/v2\/users\/1"}],"replies":[{"embeddable":true,"href":"https:\/\/bergers-schlagerparadies.de\/index.php?rest_route=%2Fwp%2Fv2%2Fcomments&post=31199"}],"version-history":[{"count":1,"href":"https:\/\/bergers-schlagerparadies.de\/index.php?rest_route=\/wp\/v2\/posts\/31199\/revisions"}],"predecessor-version":[{"id":31201,"href":"https:\/\/bergers-schlagerparadies.de\/index.php?rest_route=\/wp\/v2\/posts\/31199\/revisions\/31201"}],"wp:featuredmedia":[{"embeddable":true,"href":"https:\/\/bergers-schlagerparadies.de\/index.php?rest_route=\/wp\/v2\/media\/31200"}],"wp:attachment":[{"href":"https:\/\/bergers-schlagerparadies.de\/index.php?rest_route=%2Fwp%2Fv2%2Fmedia&parent=31199"}],"wp:term":[{"taxonomy":"category","embeddable":true,"href":"https:\/\/bergers-schlagerparadies.de\/index.php?rest_route=%2Fwp%2Fv2%2Fcategories&post=31199"},{"taxonomy":"post_tag","embeddable":true,"href":"https:\/\/bergers-schlagerparadies.de\/index.php?rest_route=%2Fwp%2Fv2%2Ftags&post=31199"}],"curies":[{"name":"wp","href":"https:\/\/api.w.org\/{rel}","templated":true}]}}