{"id":31189,"date":"2024-11-29T13:45:52","date_gmt":"2024-11-29T12:45:52","guid":{"rendered":"https:\/\/bergers-schlagerparadies.de\/?p=31189"},"modified":"2024-11-29T13:45:52","modified_gmt":"2024-11-29T12:45:52","slug":"stefanie-hertel-norman-langen-neon-patricia-larrass-kai-becker-gemeinsam-nie-allein-%c2%b7-bergers-schlagerparadies","status":"publish","type":"post","link":"https:\/\/bergers-schlagerparadies.de\/?p=31189","title":{"rendered":"Stefanie Hertel, Norman Langen, NEON, Patricia Larrass, Kai Becker &#8211; Gemeinsam nie allein \u00b7 Berger\u00b4s Schlagerparadies"},"content":{"rendered":"<p><img loading=\"lazy\" decoding=\"async\" class=\"size-medium wp-image-31190 alignleft\" src=\"https:\/\/bergers-schlagerparadies.de\/wp-content\/uploads\/2024\/11\/Stefanie-Hertel-Norman-Langen-NEON-Patricia-Larrass-Kai-Becker-Gemeinsam-nie-allein-300x300.jpg\" alt=\"\" width=\"300\" height=\"300\" srcset=\"https:\/\/bergers-schlagerparadies.de\/wp-content\/uploads\/2024\/11\/Stefanie-Hertel-Norman-Langen-NEON-Patricia-Larrass-Kai-Becker-Gemeinsam-nie-allein-300x300.jpg 300w, https:\/\/bergers-schlagerparadies.de\/wp-content\/uploads\/2024\/11\/Stefanie-Hertel-Norman-Langen-NEON-Patricia-Larrass-Kai-Becker-Gemeinsam-nie-allein-1024x1024.jpg 1024w, https:\/\/bergers-schlagerparadies.de\/wp-content\/uploads\/2024\/11\/Stefanie-Hertel-Norman-Langen-NEON-Patricia-Larrass-Kai-Becker-Gemeinsam-nie-allein-150x150.jpg 150w, https:\/\/bergers-schlagerparadies.de\/wp-content\/uploads\/2024\/11\/Stefanie-Hertel-Norman-Langen-NEON-Patricia-Larrass-Kai-Becker-Gemeinsam-nie-allein-768x768.jpg 768w, https:\/\/bergers-schlagerparadies.de\/wp-content\/uploads\/2024\/11\/Stefanie-Hertel-Norman-Langen-NEON-Patricia-Larrass-Kai-Becker-Gemeinsam-nie-allein-1188x1188.jpg 1188w, https:\/\/bergers-schlagerparadies.de\/wp-content\/uploads\/2024\/11\/Stefanie-Hertel-Norman-Langen-NEON-Patricia-Larrass-Kai-Becker-Gemeinsam-nie-allein-100x100.jpg 100w, https:\/\/bergers-schlagerparadies.de\/wp-content\/uploads\/2024\/11\/Stefanie-Hertel-Norman-Langen-NEON-Patricia-Larrass-Kai-Becker-Gemeinsam-nie-allein.jpg 1200w\" sizes=\"auto, (max-width: 300px) 100vw, 300px\" \/>Mit \u201eGemeinsam nie allein\u201c erscheint ein ber\u00fchrender und mitrei\u00dfender Song, der zeigt, wie Musik Menschen zusammenbringen und Gro\u00dfes bewirken kann. Stefanie Hertel, Norman Langen, NEON, Patricia Larrass und Kai Becker vereinen in diesem einzigartigen Titel ihre Stimmen und ihre Herzen, um ein kraftvolles Zeichen f\u00fcr Zusammenhalt und Solidarit\u00e4t zu setzen.<br \/>\nDie gef\u00fchlvolle Ballade, produziert von Erfolgsproduzent Mathias Ramson, geschrieben von Alexander Scholz und Hens Hensen und ver\u00f6ffentlicht bei VIA Music, ist ein Charity-Projekt, dessen Einnahmen direkt an den gemeinn\u00fctzigen Verein \u201eStefanie Hertel hilft e.V.\u201c gehen, der sich f\u00fcr verschiedene soziale Projekte einsetzt und Menschen in Not unterst\u00fctzt \u2013 ein Anliegen, das den S\u00e4ngern und S\u00e4ngerinnen besonders am Herzen liegt.<\/p>\n<p>&nbsp;<\/p>\n<p><span style=\"color: #800000;\"><strong>Quelle: VIA Music<\/strong><\/span><\/p>\n<p><span style=\"color: #800000;\"><strong>Dieser Song ist ab dem 29.11.2024 auf allen Download- und Streaming-Portalen erh\u00e4ltlich.\u00a0<\/strong><\/span><\/p>\n<p><span style=\"color: #800000;\"><strong>Airdate (f\u00fcr Radiosender): 29.11.2024<\/strong><\/span><\/p>\n","protected":false},"excerpt":{"rendered":"<p>Mit \u201eGemeinsam nie allein\u201c erscheint ein ber\u00fchrender und mitrei\u00dfender Song, der zeigt, wie Musik Menschen zusammenbringen und Gro\u00dfes bewirken kann. Stefanie Hertel, Norman Langen, NEON, Patricia Larrass und Kai Becker vereinen in diesem einzigartigen Titel ihre Stimmen und ihre Herzen, um ein kraftvolles Zeichen f\u00fcr Zusammenhalt und Solidarit\u00e4t zu setzen. Die gef\u00fchlvolle Ballade, produziert von Erfolgsproduzent Mathias Ramson, geschrieben von Alexander Scholz und Hens Hensen und ver\u00f6ffentlicht bei VIA Music, ist ein Charity-Projekt, dessen Einnahmen direkt an den gemeinn\u00fctzigen Verein \u201eStefanie Hertel hilft e.V.\u201c gehen, der sich f\u00fcr verschiedene soziale Projekte einsetzt und Menschen in Not unterst\u00fctzt \u2013 ein Anliegen, das den S\u00e4ngern und S\u00e4ngerinnen&#8230;<\/p>\n","protected":false},"author":1,"featured_media":31190,"comment_status":"open","ping_status":"open","sticky":false,"template":"","format":"standard","meta":{"footnotes":""},"categories":[3231,2,3253,3290],"tags":[1661,673,172,819,670],"class_list":["post-31189","post","type-post","status-publish","format-standard","has-post-thumbnail","hentry","category-bergers-schlagerparadies","category-schlager","category-via-music","category-weihnachtslieder","tag-kai-becker","tag-neon","tag-norman-langen","tag-patricia-larrass","tag-stefanie-hertel","wpcat-3231-id","wpcat-2-id","wpcat-3253-id","wpcat-3290-id"],"_links":{"self":[{"href":"https:\/\/bergers-schlagerparadies.de\/index.php?rest_route=\/wp\/v2\/posts\/31189","targetHints":{"allow":["GET"]}}],"collection":[{"href":"https:\/\/bergers-schlagerparadies.de\/index.php?rest_route=\/wp\/v2\/posts"}],"about":[{"href":"https:\/\/bergers-schlagerparadies.de\/index.php?rest_route=\/wp\/v2\/types\/post"}],"author":[{"embeddable":true,"href":"https:\/\/bergers-schlagerparadies.de\/index.php?rest_route=\/wp\/v2\/users\/1"}],"replies":[{"embeddable":true,"href":"https:\/\/bergers-schlagerparadies.de\/index.php?rest_route=%2Fwp%2Fv2%2Fcomments&post=31189"}],"version-history":[{"count":1,"href":"https:\/\/bergers-schlagerparadies.de\/index.php?rest_route=\/wp\/v2\/posts\/31189\/revisions"}],"predecessor-version":[{"id":31191,"href":"https:\/\/bergers-schlagerparadies.de\/index.php?rest_route=\/wp\/v2\/posts\/31189\/revisions\/31191"}],"wp:featuredmedia":[{"embeddable":true,"href":"https:\/\/bergers-schlagerparadies.de\/index.php?rest_route=\/wp\/v2\/media\/31190"}],"wp:attachment":[{"href":"https:\/\/bergers-schlagerparadies.de\/index.php?rest_route=%2Fwp%2Fv2%2Fmedia&parent=31189"}],"wp:term":[{"taxonomy":"category","embeddable":true,"href":"https:\/\/bergers-schlagerparadies.de\/index.php?rest_route=%2Fwp%2Fv2%2Fcategories&post=31189"},{"taxonomy":"post_tag","embeddable":true,"href":"https:\/\/bergers-schlagerparadies.de\/index.php?rest_route=%2Fwp%2Fv2%2Ftags&post=31189"}],"curies":[{"name":"wp","href":"https:\/\/api.w.org\/{rel}","templated":true}]}}