{"id":31166,"date":"2024-11-29T10:41:57","date_gmt":"2024-11-29T09:41:57","guid":{"rendered":"https:\/\/bergers-schlagerparadies.de\/?p=31166"},"modified":"2024-11-29T10:41:57","modified_gmt":"2024-11-29T09:41:57","slug":"die-grubertaler-weihnachten-muass-mehr-sein-%c2%b7-bergers-schlagerparadies","status":"publish","type":"post","link":"https:\/\/bergers-schlagerparadies.de\/?p=31166","title":{"rendered":"Die Grubertaler &#8211; Weihnachten mua\u00df mehr sein \u00b7 Berger\u00b4s Schlagerparadies"},"content":{"rendered":"<p><img loading=\"lazy\" decoding=\"async\" class=\"size-medium wp-image-31167 alignleft\" src=\"https:\/\/bergers-schlagerparadies.de\/wp-content\/uploads\/2024\/11\/Die-Grubertaler-Weihnachten-muass-mehr-sein-300x300.jpg\" alt=\"\" width=\"300\" height=\"300\" srcset=\"https:\/\/bergers-schlagerparadies.de\/wp-content\/uploads\/2024\/11\/Die-Grubertaler-Weihnachten-muass-mehr-sein-300x300.jpg 300w, https:\/\/bergers-schlagerparadies.de\/wp-content\/uploads\/2024\/11\/Die-Grubertaler-Weihnachten-muass-mehr-sein-1024x1024.jpg 1024w, https:\/\/bergers-schlagerparadies.de\/wp-content\/uploads\/2024\/11\/Die-Grubertaler-Weihnachten-muass-mehr-sein-150x150.jpg 150w, https:\/\/bergers-schlagerparadies.de\/wp-content\/uploads\/2024\/11\/Die-Grubertaler-Weihnachten-muass-mehr-sein-768x768.jpg 768w, https:\/\/bergers-schlagerparadies.de\/wp-content\/uploads\/2024\/11\/Die-Grubertaler-Weihnachten-muass-mehr-sein-1188x1188.jpg 1188w, https:\/\/bergers-schlagerparadies.de\/wp-content\/uploads\/2024\/11\/Die-Grubertaler-Weihnachten-muass-mehr-sein-100x100.jpg 100w, https:\/\/bergers-schlagerparadies.de\/wp-content\/uploads\/2024\/11\/Die-Grubertaler-Weihnachten-muass-mehr-sein.jpg 1200w\" sizes=\"auto, (max-width: 300px) 100vw, 300px\" \/>Die besinnlichste Zeit des Jahres steht vor der T\u00fcr, und die erfolgreichen Grubertaler bringen mit ihrer neuen weihnachtlichen Single-CD \u201eWEIHNACHTEN MUSS MEHR SEIN\u201c frischen Wind in die festliche Musiklandschaft.<br \/>\nIn \u201eWEIHNACHTEN MUSS MEHR SEIN\u201c erz\u00e4hlen Florian, Michael und Reinhard von der Magie der Weihnacht, die weit \u00fcber den festlich geschm\u00fcckten Baum und die Kerzen hinausgeht. Der einf\u00fchlsame Text erinnert uns daran, dass Weihnachten mehr ist als nur Geschenke und Traditionen. Sie laden uns ein, innezuhalten und in uns selbst zu horchen: \u201eHorch ma in uns ein, was da drin im Herz passiert, und wenn da a Feuer brennt, dann sp\u00fcrst, dass\u2019s Weihnacht wird!\u201c<\/p>\n<p>Die Single-CD thematisiert die biblische Geschichte von der Geburt eines Kindes, das alles ver\u00e4ndern kann, und die Erinnerungen an die Hirten und den leuchtenden Stern \u00fcber dem Stall. Mit einer traumhaft eing\u00e4ngigen Melodie und herzlichen Harmonien schaffen die Grubertaler eine Atmosph\u00e4re, die sowohl nostalgisch als auch zeitgem\u00e4\u00df ist.<\/p>\n<p><span style=\"color: #800000;\"><strong>Quelle: MCP Sound &amp; Media<\/strong><\/span><\/p>\n<p><span style=\"color: #800000;\"><strong>Dieser Song ist ab dem 29.11.2024 auf allen Download- und Streaming-Portalen erh\u00e4ltlich.\u00a0<\/strong><\/span><\/p>\n<p><span style=\"color: #800000;\"><strong>Airdate (f\u00fcr Radiosender): 29.11.2024<\/strong><\/span><\/p>\n","protected":false},"excerpt":{"rendered":"<p>Die besinnlichste Zeit des Jahres steht vor der T\u00fcr, und die erfolgreichen Grubertaler bringen mit ihrer neuen weihnachtlichen Single-CD \u201eWEIHNACHTEN MUSS MEHR SEIN\u201c frischen Wind in die festliche Musiklandschaft. In \u201eWEIHNACHTEN MUSS MEHR SEIN\u201c erz\u00e4hlen Florian, Michael und Reinhard von der Magie der Weihnacht, die weit \u00fcber den festlich geschm\u00fcckten Baum und die Kerzen hinausgeht. Der einf\u00fchlsame Text erinnert uns daran, dass Weihnachten mehr ist als nur Geschenke und Traditionen. Sie laden uns ein, innezuhalten und in uns selbst zu horchen: \u201eHorch ma in uns ein, was da drin im Herz passiert, und wenn da a Feuer brennt, dann sp\u00fcrst, dass\u2019s Weihnacht wird!\u201c Die Single-CD&#8230;<\/p>\n","protected":false},"author":1,"featured_media":31167,"comment_status":"open","ping_status":"open","sticky":false,"template":"","format":"standard","meta":{"footnotes":""},"categories":[3231,3293,3290],"tags":[717],"class_list":["post-31166","post","type-post","status-publish","format-standard","has-post-thumbnail","hentry","category-bergers-schlagerparadies","category-mcp-sound-media","category-weihnachtslieder","tag-die-grubertaler","wpcat-3231-id","wpcat-3293-id","wpcat-3290-id"],"_links":{"self":[{"href":"https:\/\/bergers-schlagerparadies.de\/index.php?rest_route=\/wp\/v2\/posts\/31166","targetHints":{"allow":["GET"]}}],"collection":[{"href":"https:\/\/bergers-schlagerparadies.de\/index.php?rest_route=\/wp\/v2\/posts"}],"about":[{"href":"https:\/\/bergers-schlagerparadies.de\/index.php?rest_route=\/wp\/v2\/types\/post"}],"author":[{"embeddable":true,"href":"https:\/\/bergers-schlagerparadies.de\/index.php?rest_route=\/wp\/v2\/users\/1"}],"replies":[{"embeddable":true,"href":"https:\/\/bergers-schlagerparadies.de\/index.php?rest_route=%2Fwp%2Fv2%2Fcomments&post=31166"}],"version-history":[{"count":1,"href":"https:\/\/bergers-schlagerparadies.de\/index.php?rest_route=\/wp\/v2\/posts\/31166\/revisions"}],"predecessor-version":[{"id":31168,"href":"https:\/\/bergers-schlagerparadies.de\/index.php?rest_route=\/wp\/v2\/posts\/31166\/revisions\/31168"}],"wp:featuredmedia":[{"embeddable":true,"href":"https:\/\/bergers-schlagerparadies.de\/index.php?rest_route=\/wp\/v2\/media\/31167"}],"wp:attachment":[{"href":"https:\/\/bergers-schlagerparadies.de\/index.php?rest_route=%2Fwp%2Fv2%2Fmedia&parent=31166"}],"wp:term":[{"taxonomy":"category","embeddable":true,"href":"https:\/\/bergers-schlagerparadies.de\/index.php?rest_route=%2Fwp%2Fv2%2Fcategories&post=31166"},{"taxonomy":"post_tag","embeddable":true,"href":"https:\/\/bergers-schlagerparadies.de\/index.php?rest_route=%2Fwp%2Fv2%2Ftags&post=31166"}],"curies":[{"name":"wp","href":"https:\/\/api.w.org\/{rel}","templated":true}]}}