{"id":31139,"date":"2024-12-02T10:30:30","date_gmt":"2024-12-02T09:30:30","guid":{"rendered":"https:\/\/bergers-schlagerparadies.de\/?p=31139"},"modified":"2024-12-06T17:15:05","modified_gmt":"2024-12-06T16:15:05","slug":"arno-verano-an-meinem-fenster-%c2%b7-bergers-schlagerparadies","status":"publish","type":"post","link":"https:\/\/bergers-schlagerparadies.de\/?p=31139","title":{"rendered":"Arno Verano &#8211; An meinem Fenster \u00b7 Berger\u00b4s Schlagerparadies"},"content":{"rendered":"<p><img loading=\"lazy\" decoding=\"async\" class=\"size-medium wp-image-31140 alignleft\" src=\"https:\/\/bergers-schlagerparadies.de\/wp-content\/uploads\/2024\/11\/Arno-Verano-An-meinem-Fenster-300x300.jpg\" alt=\"\" width=\"300\" height=\"300\" srcset=\"https:\/\/bergers-schlagerparadies.de\/wp-content\/uploads\/2024\/11\/Arno-Verano-An-meinem-Fenster-300x300.jpg 300w, https:\/\/bergers-schlagerparadies.de\/wp-content\/uploads\/2024\/11\/Arno-Verano-An-meinem-Fenster-1024x1024.jpg 1024w, https:\/\/bergers-schlagerparadies.de\/wp-content\/uploads\/2024\/11\/Arno-Verano-An-meinem-Fenster-150x150.jpg 150w, https:\/\/bergers-schlagerparadies.de\/wp-content\/uploads\/2024\/11\/Arno-Verano-An-meinem-Fenster-768x768.jpg 768w, https:\/\/bergers-schlagerparadies.de\/wp-content\/uploads\/2024\/11\/Arno-Verano-An-meinem-Fenster-1536x1536.jpg 1536w, https:\/\/bergers-schlagerparadies.de\/wp-content\/uploads\/2024\/11\/Arno-Verano-An-meinem-Fenster-2048x2048.jpg 2048w, https:\/\/bergers-schlagerparadies.de\/wp-content\/uploads\/2024\/11\/Arno-Verano-An-meinem-Fenster-1200x1200.jpg 1200w, https:\/\/bergers-schlagerparadies.de\/wp-content\/uploads\/2024\/11\/Arno-Verano-An-meinem-Fenster-1188x1188.jpg 1188w, https:\/\/bergers-schlagerparadies.de\/wp-content\/uploads\/2024\/11\/Arno-Verano-An-meinem-Fenster-100x100.jpg 100w\" sizes=\"auto, (max-width: 300px) 100vw, 300px\" \/>Mit seiner neuen Ballade \u201eAn meinem Fenster\u201c pr\u00e4sentiert Arno Verano ein tiefgr\u00fcndiges und<br \/>\nemotionales Werk, das den Zuh\u00f6rer in eine Welt aus Erinnerungen und Sehns\u00fcchten entf\u00fchrt. Der<br \/>\nSong thematisiert die Reflexion \u00fcber vergangene Zeiten und Menschen, die sein Leben ma\u00dfgeblich<br \/>\ngepr\u00e4gt haben \u2013 ein melancholischer, aber zugleich hoffnungsvoller Blick zur\u00fcck und nach vorn.<\/p>\n<p>Musikalisch setzt Verano auf sanfte Klavierkl\u00e4nge und warme Harmonien, die zusammen mit seiner<br \/>\nklaren, einf\u00fchlsamen Stimme eine intime und nachdenkliche Stimmung erzeugen. Die Produktion von<br \/>\nMarvin Trecha erg\u00e4nzt den Song zu einem kraftvollen Klangbild, das Herz und Seele gleicherma\u00dfen<br \/>\nanspricht. Der Refrain \u201eAn meinem Fenster ist der Himmel so gro\u00df\u201c l\u00e4dt dazu ein, \u00fcber das Leben,<br \/>\nseine Weiten und die ge\u00f6ffneten T\u00fcren der Seele nachzudenken.<\/p>\n<p>\u201eAn meinem Fenster\u201c ist mehr als nur eine Ballade \u2013 es ist ein akustisches Tagebuch voller<br \/>\nErinnerungen, das die Zuh\u00f6rer dazu anregt, innezuhalten und ihre eigenen Erlebnisse zu reflektieren.<br \/>\nArno Verano zeigt einmal mehr sein au\u00dfergew\u00f6hnliches Gesp\u00fcr f\u00fcr musikalische Geschichten, die<br \/>\ndirekt ins Herz gehen. Dieser Song ist ein bleibendes Highlight f\u00fcr alle, die in der Musik nicht nur<br \/>\nUnterhaltung, sondern auch Bedeutung und Trost suchen.<\/p>\n<p><span style=\"color: #800000;\"><strong>Quelle: Fiesta Records<\/strong><\/span><\/p>\n<p><span style=\"color: #800000;\"><strong>Dieser Song ist ab dem 06.12.2024 auf allen Download- und Streaming-Portalen erh\u00e4ltlich.\u00a0<\/strong><\/span><\/p>\n<p><span style=\"color: #800000;\"><strong>Airdate (f\u00fcr Radiosender): 06.12.2024<\/strong><\/span><\/p>\n","protected":false},"excerpt":{"rendered":"<p>Mit seiner neuen Ballade \u201eAn meinem Fenster\u201c pr\u00e4sentiert Arno Verano ein tiefgr\u00fcndiges und emotionales Werk, das den Zuh\u00f6rer in eine Welt aus Erinnerungen und Sehns\u00fcchten entf\u00fchrt. Der Song thematisiert die Reflexion \u00fcber vergangene Zeiten und Menschen, die sein Leben ma\u00dfgeblich gepr\u00e4gt haben \u2013 ein melancholischer, aber zugleich hoffnungsvoller Blick zur\u00fcck und nach vorn. Musikalisch setzt Verano auf sanfte Klavierkl\u00e4nge und warme Harmonien, die zusammen mit seiner klaren, einf\u00fchlsamen Stimme eine intime und nachdenkliche Stimmung erzeugen. Die Produktion von Marvin Trecha erg\u00e4nzt den Song zu einem kraftvollen Klangbild, das Herz und Seele gleicherma\u00dfen anspricht. Der Refrain \u201eAn meinem Fenster ist der Himmel so gro\u00df\u201c l\u00e4dt dazu&#8230;<\/p>\n","protected":false},"author":1,"featured_media":31140,"comment_status":"open","ping_status":"open","sticky":false,"template":"","format":"standard","meta":{"footnotes":""},"categories":[3231,3232,2],"tags":[475],"class_list":["post-31139","post","type-post","status-publish","format-standard","has-post-thumbnail","hentry","category-bergers-schlagerparadies","category-fiesta-records","category-schlager","tag-arno-verano","wpcat-3231-id","wpcat-3232-id","wpcat-2-id"],"_links":{"self":[{"href":"https:\/\/bergers-schlagerparadies.de\/index.php?rest_route=\/wp\/v2\/posts\/31139","targetHints":{"allow":["GET"]}}],"collection":[{"href":"https:\/\/bergers-schlagerparadies.de\/index.php?rest_route=\/wp\/v2\/posts"}],"about":[{"href":"https:\/\/bergers-schlagerparadies.de\/index.php?rest_route=\/wp\/v2\/types\/post"}],"author":[{"embeddable":true,"href":"https:\/\/bergers-schlagerparadies.de\/index.php?rest_route=\/wp\/v2\/users\/1"}],"replies":[{"embeddable":true,"href":"https:\/\/bergers-schlagerparadies.de\/index.php?rest_route=%2Fwp%2Fv2%2Fcomments&post=31139"}],"version-history":[{"count":2,"href":"https:\/\/bergers-schlagerparadies.de\/index.php?rest_route=\/wp\/v2\/posts\/31139\/revisions"}],"predecessor-version":[{"id":31334,"href":"https:\/\/bergers-schlagerparadies.de\/index.php?rest_route=\/wp\/v2\/posts\/31139\/revisions\/31334"}],"wp:featuredmedia":[{"embeddable":true,"href":"https:\/\/bergers-schlagerparadies.de\/index.php?rest_route=\/wp\/v2\/media\/31140"}],"wp:attachment":[{"href":"https:\/\/bergers-schlagerparadies.de\/index.php?rest_route=%2Fwp%2Fv2%2Fmedia&parent=31139"}],"wp:term":[{"taxonomy":"category","embeddable":true,"href":"https:\/\/bergers-schlagerparadies.de\/index.php?rest_route=%2Fwp%2Fv2%2Fcategories&post=31139"},{"taxonomy":"post_tag","embeddable":true,"href":"https:\/\/bergers-schlagerparadies.de\/index.php?rest_route=%2Fwp%2Fv2%2Ftags&post=31139"}],"curies":[{"name":"wp","href":"https:\/\/api.w.org\/{rel}","templated":true}]}}