{"id":30969,"date":"2024-11-22T11:04:46","date_gmt":"2024-11-22T10:04:46","guid":{"rendered":"https:\/\/bergers-schlagerparadies.de\/?p=30969"},"modified":"2024-11-22T11:10:48","modified_gmt":"2024-11-22T10:10:48","slug":"basti-stein-mein-groesster-wunsch-%c2%b7-bergers-schlagerparadies","status":"publish","type":"post","link":"https:\/\/bergers-schlagerparadies.de\/?p=30969","title":{"rendered":"Basti Stein &#8211; Mein gr\u00f6\u00dfter Wunsch \u00b7 Berger\u00b4s Schlagerparadies"},"content":{"rendered":"<p><img loading=\"lazy\" decoding=\"async\" class=\"size-medium wp-image-30970 alignleft\" src=\"https:\/\/bergers-schlagerparadies.de\/wp-content\/uploads\/2024\/11\/Basti-Stein-Mein-groesster-Wunsch-300x300.jpg\" alt=\"\" width=\"300\" height=\"300\" srcset=\"https:\/\/bergers-schlagerparadies.de\/wp-content\/uploads\/2024\/11\/Basti-Stein-Mein-groesster-Wunsch-300x300.jpg 300w, https:\/\/bergers-schlagerparadies.de\/wp-content\/uploads\/2024\/11\/Basti-Stein-Mein-groesster-Wunsch-1024x1024.jpg 1024w, https:\/\/bergers-schlagerparadies.de\/wp-content\/uploads\/2024\/11\/Basti-Stein-Mein-groesster-Wunsch-150x150.jpg 150w, https:\/\/bergers-schlagerparadies.de\/wp-content\/uploads\/2024\/11\/Basti-Stein-Mein-groesster-Wunsch-768x768.jpg 768w, https:\/\/bergers-schlagerparadies.de\/wp-content\/uploads\/2024\/11\/Basti-Stein-Mein-groesster-Wunsch-1188x1188.jpg 1188w, https:\/\/bergers-schlagerparadies.de\/wp-content\/uploads\/2024\/11\/Basti-Stein-Mein-groesster-Wunsch-100x100.jpg 100w, https:\/\/bergers-schlagerparadies.de\/wp-content\/uploads\/2024\/11\/Basti-Stein-Mein-groesster-Wunsch.jpg 1200w\" sizes=\"auto, (max-width: 300px) 100vw, 300px\" \/>Mit \u201eMein gr\u00f6\u00dfter Wunsch\u201c pr\u00e4sentiert Basti Stein seine neue Single \u2013 eine emotionale Liebesballade f\u00fcr die Weihnachtszeit<\/p>\n<p>Heute ver\u00f6ffentlicht Basti Stein seine weihnachtliche Single \u201eMein gr\u00f6\u00dfter Wunsch\u201c, eine tiefgehende Deutschpop-Ballade, die mit gef\u00fchlvollen Melodien und ehrlichen Texten die besondere Magie der Weihnachtszeit einf\u00e4ngt.<\/p>\n<p>Der Song erz\u00e4hlt die Geschichte eines Moments, den viele Menschen nachempfinden k\u00f6nnen \u2013 die Sehnsucht nach der wahren Liebe und der Wunsch, Weihnachten mit den Menschen zu verbringen, die einem am wichtigsten sind. \u201eEs geht um die Erkenntnis, dass materielle W\u00fcnsche bedeutungslos werden, wenn man die richtige Person an seiner Seite hat\u201c, erkl\u00e4rt Basti Stein. Die ber\u00fchrende Ballade beginnt mit einem Hauch von Melancholie, spiegelt aber gleichzeitig die W\u00e4rme und Geborgenheit wider, die die Weihnachtszeit ausstrahlt. Besonders im Refrain wird die emotionale Botschaft des Songs deutlich: \u201eDieses Jahr w\u00fcnsch ich mir nichts, weil mir der Weihnachtsmann nicht geben kann, was du mir gibst.\u201c<\/p>\n<p>Mit seinem modernen Deutschpop-Sound und seiner Singer\/Songwriter-Sensibilit\u00e4t gelingt es Basti Stein, den H\u00f6rer einen Moment der Ruhe zu schenken und sie auf das Wesentliche zu besinnen: Liebe, Zusammenhalt und N\u00e4he. \u201eIch wollte einen Song schreiben, der zeigt, dass Weihnachten nicht nur Glanz und Geschenke bedeutet, sondern vor allem darum geht, bei den Menschen zu sein, die man liebt\u201c, so Basti. Basti Stein hat sich zu einem der spannendsten Newcomer in der deutschen Musikszene entwickelt. Mit seiner Deb\u00fctsingle \u201eSo egal\u201c, die \u00fcber 4 Millionen Streams verzeichnete, und zahlreichen weiteren Projekten hat er bewiesen, dass er das Publikum emotional ber\u00fchren kann.<\/p>\n<p><span style=\"color: #800000;\"><strong>Quelle: SMD\/ Hansa<\/strong><\/span><\/p>\n<p><span style=\"color: #800000;\"><strong>Dieser Song ist ab dem 22.11.2024 auf allen Download- und Streaming-Portalen erh\u00e4ltlich.\u00a0<\/strong><\/span><\/p>\n<p><span style=\"color: #800000;\"><strong>Airdate (f\u00fcr Radiosender): 22.11.2024<\/strong><\/span><\/p>\n","protected":false},"excerpt":{"rendered":"<p>Mit \u201eMein gr\u00f6\u00dfter Wunsch\u201c pr\u00e4sentiert Basti Stein seine neue Single \u2013 eine emotionale Liebesballade f\u00fcr die Weihnachtszeit Heute ver\u00f6ffentlicht Basti Stein seine weihnachtliche Single \u201eMein gr\u00f6\u00dfter Wunsch\u201c, eine tiefgehende Deutschpop-Ballade, die mit gef\u00fchlvollen Melodien und ehrlichen Texten die besondere Magie der Weihnachtszeit einf\u00e4ngt. Der Song erz\u00e4hlt die Geschichte eines Moments, den viele Menschen nachempfinden k\u00f6nnen \u2013 die Sehnsucht nach der wahren Liebe und der Wunsch, Weihnachten mit den Menschen zu verbringen, die einem am wichtigsten sind. \u201eEs geht um die Erkenntnis, dass materielle W\u00fcnsche bedeutungslos werden, wenn man die richtige Person an seiner Seite hat\u201c, erkl\u00e4rt Basti Stein. Die ber\u00fchrende Ballade beginnt mit einem Hauch&#8230;<\/p>\n","protected":false},"author":1,"featured_media":30970,"comment_status":"open","ping_status":"open","sticky":false,"template":"","format":"standard","meta":{"footnotes":""},"categories":[3231,3237,2,3236,3234],"tags":[3238],"class_list":["post-30969","post","type-post","status-publish","format-standard","has-post-thumbnail","hentry","category-bergers-schlagerparadies","category-pop","category-schlager","category-smd-hansa","category-weihnachten","tag-basti-stein","wpcat-3231-id","wpcat-3237-id","wpcat-2-id","wpcat-3236-id","wpcat-3234-id"],"_links":{"self":[{"href":"https:\/\/bergers-schlagerparadies.de\/index.php?rest_route=\/wp\/v2\/posts\/30969","targetHints":{"allow":["GET"]}}],"collection":[{"href":"https:\/\/bergers-schlagerparadies.de\/index.php?rest_route=\/wp\/v2\/posts"}],"about":[{"href":"https:\/\/bergers-schlagerparadies.de\/index.php?rest_route=\/wp\/v2\/types\/post"}],"author":[{"embeddable":true,"href":"https:\/\/bergers-schlagerparadies.de\/index.php?rest_route=\/wp\/v2\/users\/1"}],"replies":[{"embeddable":true,"href":"https:\/\/bergers-schlagerparadies.de\/index.php?rest_route=%2Fwp%2Fv2%2Fcomments&post=30969"}],"version-history":[{"count":1,"href":"https:\/\/bergers-schlagerparadies.de\/index.php?rest_route=\/wp\/v2\/posts\/30969\/revisions"}],"predecessor-version":[{"id":30971,"href":"https:\/\/bergers-schlagerparadies.de\/index.php?rest_route=\/wp\/v2\/posts\/30969\/revisions\/30971"}],"wp:featuredmedia":[{"embeddable":true,"href":"https:\/\/bergers-schlagerparadies.de\/index.php?rest_route=\/wp\/v2\/media\/30970"}],"wp:attachment":[{"href":"https:\/\/bergers-schlagerparadies.de\/index.php?rest_route=%2Fwp%2Fv2%2Fmedia&parent=30969"}],"wp:term":[{"taxonomy":"category","embeddable":true,"href":"https:\/\/bergers-schlagerparadies.de\/index.php?rest_route=%2Fwp%2Fv2%2Fcategories&post=30969"},{"taxonomy":"post_tag","embeddable":true,"href":"https:\/\/bergers-schlagerparadies.de\/index.php?rest_route=%2Fwp%2Fv2%2Ftags&post=30969"}],"curies":[{"name":"wp","href":"https:\/\/api.w.org\/{rel}","templated":true}]}}