{"id":30814,"date":"2024-11-15T15:45:52","date_gmt":"2024-11-15T14:45:52","guid":{"rendered":"https:\/\/bergers-schlagerparadies.de\/?p=30814"},"modified":"2024-11-15T15:45:52","modified_gmt":"2024-11-15T14:45:52","slug":"gerrit-vos-toe-kom-in-mn-armen-%c2%b7-bergers-schlagerparadies","status":"publish","type":"post","link":"https:\/\/bergers-schlagerparadies.de\/?p=30814","title":{"rendered":"Gerrit Vos \u2013 Toe kom in m\u2019n armen \u00b7 Berger\u00b4s Schlagerparadies"},"content":{"rendered":"<div class=\"x11i5rnm xat24cr x1mh8g0r x1vvkbs xtlvy1s x126k92a\">\n<div dir=\"auto\"><img loading=\"lazy\" decoding=\"async\" class=\"size-medium wp-image-30815 alignleft\" src=\"https:\/\/bergers-schlagerparadies.de\/wp-content\/uploads\/2024\/11\/Gerrit-Vos-\u2013-Toe-kom-in-mn-armen-297x300.jpg\" alt=\"\" width=\"297\" height=\"300\" srcset=\"https:\/\/bergers-schlagerparadies.de\/wp-content\/uploads\/2024\/11\/Gerrit-Vos-\u2013-Toe-kom-in-mn-armen-297x300.jpg 297w, https:\/\/bergers-schlagerparadies.de\/wp-content\/uploads\/2024\/11\/Gerrit-Vos-\u2013-Toe-kom-in-mn-armen-100x100.jpg 100w, https:\/\/bergers-schlagerparadies.de\/wp-content\/uploads\/2024\/11\/Gerrit-Vos-\u2013-Toe-kom-in-mn-armen.jpg 526w\" sizes=\"auto, (max-width: 297px) 100vw, 297px\" \/>Gerrit Vos bleibt in Uptempo-Stimmung mit &#8222;Komm in meine Arme&#8220;<\/div>\n<\/div>\n<div class=\"x11i5rnm xat24cr x1mh8g0r x1vvkbs xtlvy1s x126k92a\">\n<div dir=\"auto\">Mit seiner brandneuen Single &#8218;Toe kom in m&#8217;n armen&#8216; entscheidet sich Gerrit Vos, genau wie seine vorherige Single, wieder f\u00fcr einen sch\u00f6nen Uptempo-Song, etwas, das laut Gerrit in den letzten Jahren einen steigenden Bedarf erh\u00f6ht hat. Gerrit ist seit Jahrzehnten f\u00fcr seine Leidenschaft f\u00fcr kluge Lappen und Lebenslieder bekannt, aber im vergangenen Jahr hat er sich eine musikalische Entwicklung mit einem Wechsel zu festlicheren Uptempo-Songs durchgemacht, die ihm gut gef\u00e4llt.<\/div>\n<div dir=\"auto\">Seine Liebe zum Lebenslied bleibt jedoch unvermindert gro\u00df, denn von klein auf entwickelte er eine gro\u00dfe Liebe zu smarten Laptops und Zigeunermusik. Mittlerweile sch\u00e4tzt er ein breites Repertoire von rund 1000 Liedern, die er alle auswendig singt!<\/div>\n<\/div>\n<div class=\"x11i5rnm xat24cr x1mh8g0r x1vvkbs xtlvy1s x126k92a\">\n<div dir=\"auto\">Gerrit: &#8218;Das Lied &#8218;Toe kom in m&#8217;n armen&#8216; ist ein Cover des belgischen S\u00e4ngers Bobby Prins. Ich finde das Originallied sch\u00f6n, aber ich habe Manfred Jongenelis &#8211; der f\u00fcr mich mehrere sch\u00f6ne Inszenierungen gemacht hat &#8211; gefragt, ob er dem Song, der dank der live gespielten Akkordeonpart einen sehr modernen Sound geben kann. Ich freu mich mega dar\u00fcber!<\/div>\n<\/div>\n<div class=\"x11i5rnm xat24cr x1mh8g0r x1vvkbs xtlvy1s x126k92a\">\n<div dir=\"auto\">Den dazugeh\u00f6rigen Videoclip hat diesmal auch Ger Oerlemans gemacht, mit dem ich immer sehr sch\u00f6n zusammenarbeite. Die Bilder inklusive sch\u00f6nen Drohnenbilder wurden im wasserreichen Hoorn gefilmt. Was den Clip sehr pers\u00f6nlich macht, ist, dass ich mit meiner Frau darin vertreten bin. Bei so einem pers\u00f6nlichen Text hat es mir nat\u00fcrlich mega Spa\u00df gemacht, ihn f\u00fcr sie singen zu d\u00fcrfen! Neben Manfred Jongenelis m\u00f6chte ich mich bei Ronald Visch bedanken, denn er hat all die Jahre hinter mir und nat\u00fcrlich auch Plugger Dennis van der Kraan, denn dank ihnen wird meine Single aufmerksam gemacht.<\/div>\n<div dir=\"auto\">\n<p><span style=\"color: #800000;\"><strong>Quelle: <span class=\"html-span xdj266r x11i5rnm xat24cr x1mh8g0r xexx8yu x4uap5 x18d9i69 xkhd6sd x1hl2dhg x16tdsg8 x1vvkbs\"><span class=\"xt0psk2\">Rood-Hit-Blauw<\/span> <span class=\"xt0psk2\">Producties<\/span><\/span> \/ ScorePromotions<\/strong><\/span><\/p>\n<p><span style=\"color: #800000;\"><strong>Dieser Song ist ab dem 12.11.2024 auf allen Download- und Streaming-Portalen erh\u00e4ltlich.\u00a0<\/strong><\/span><\/p>\n<p><span style=\"color: #800000;\"><strong>Airdate (f\u00fcr Radiosender): 12.11.2024<\/strong><\/span><\/p>\n<\/div>\n<\/div>\n","protected":false},"excerpt":{"rendered":"<p>Gerrit Vos bleibt in Uptempo-Stimmung mit &#8222;Komm in meine Arme&#8220; Mit seiner brandneuen Single &#8218;Toe kom in m&#8217;n armen&#8216; entscheidet sich Gerrit Vos, genau wie seine vorherige Single, wieder f\u00fcr einen sch\u00f6nen Uptempo-Song, etwas, das laut Gerrit in den letzten Jahren einen steigenden Bedarf erh\u00f6ht hat. Gerrit ist seit Jahrzehnten f\u00fcr seine Leidenschaft f\u00fcr kluge Lappen und Lebenslieder bekannt, aber im vergangenen Jahr hat er sich eine musikalische Entwicklung mit einem Wechsel zu festlicheren Uptempo-Songs durchgemacht, die ihm gut gef\u00e4llt. Seine Liebe zum Lebenslied bleibt jedoch unvermindert gro\u00df, denn von klein auf entwickelte er eine gro\u00dfe Liebe zu smarten Laptops und Zigeunermusik. Mittlerweile sch\u00e4tzt er&#8230;<\/p>\n","protected":false},"author":1,"featured_media":30815,"comment_status":"open","ping_status":"open","sticky":false,"template":"","format":"standard","meta":{"footnotes":""},"categories":[2],"tags":[3217],"class_list":["post-30814","post","type-post","status-publish","format-standard","has-post-thumbnail","hentry","category-schlager","tag-gerrit-vos","wpcat-2-id"],"_links":{"self":[{"href":"https:\/\/bergers-schlagerparadies.de\/index.php?rest_route=\/wp\/v2\/posts\/30814","targetHints":{"allow":["GET"]}}],"collection":[{"href":"https:\/\/bergers-schlagerparadies.de\/index.php?rest_route=\/wp\/v2\/posts"}],"about":[{"href":"https:\/\/bergers-schlagerparadies.de\/index.php?rest_route=\/wp\/v2\/types\/post"}],"author":[{"embeddable":true,"href":"https:\/\/bergers-schlagerparadies.de\/index.php?rest_route=\/wp\/v2\/users\/1"}],"replies":[{"embeddable":true,"href":"https:\/\/bergers-schlagerparadies.de\/index.php?rest_route=%2Fwp%2Fv2%2Fcomments&post=30814"}],"version-history":[{"count":1,"href":"https:\/\/bergers-schlagerparadies.de\/index.php?rest_route=\/wp\/v2\/posts\/30814\/revisions"}],"predecessor-version":[{"id":30816,"href":"https:\/\/bergers-schlagerparadies.de\/index.php?rest_route=\/wp\/v2\/posts\/30814\/revisions\/30816"}],"wp:featuredmedia":[{"embeddable":true,"href":"https:\/\/bergers-schlagerparadies.de\/index.php?rest_route=\/wp\/v2\/media\/30815"}],"wp:attachment":[{"href":"https:\/\/bergers-schlagerparadies.de\/index.php?rest_route=%2Fwp%2Fv2%2Fmedia&parent=30814"}],"wp:term":[{"taxonomy":"category","embeddable":true,"href":"https:\/\/bergers-schlagerparadies.de\/index.php?rest_route=%2Fwp%2Fv2%2Fcategories&post=30814"},{"taxonomy":"post_tag","embeddable":true,"href":"https:\/\/bergers-schlagerparadies.de\/index.php?rest_route=%2Fwp%2Fv2%2Ftags&post=30814"}],"curies":[{"name":"wp","href":"https:\/\/api.w.org\/{rel}","templated":true}]}}