{"id":30679,"date":"2024-11-14T20:45:36","date_gmt":"2024-11-14T19:45:36","guid":{"rendered":"https:\/\/bergers-schlagerparadies.de\/?p=30679"},"modified":"2024-11-14T20:45:36","modified_gmt":"2024-11-14T19:45:36","slug":"caro-winter-malle-unplugged-2-album-%c2%b7-bergers-schlagerparadies","status":"publish","type":"post","link":"https:\/\/bergers-schlagerparadies.de\/?p=30679","title":{"rendered":"Caro Winter &#8211; Malle Unplugged 2 (Album) \u00b7 Berger\u00b4s Schlagerparadies"},"content":{"rendered":"<p><img loading=\"lazy\" decoding=\"async\" class=\"size-medium wp-image-30680 alignleft\" src=\"https:\/\/bergers-schlagerparadies.de\/wp-content\/uploads\/2024\/11\/Caro-Winter-Malle-Unplugged-2-Album-300x300.jpg\" alt=\"\" width=\"300\" height=\"300\" srcset=\"https:\/\/bergers-schlagerparadies.de\/wp-content\/uploads\/2024\/11\/Caro-Winter-Malle-Unplugged-2-Album-300x300.jpg 300w, https:\/\/bergers-schlagerparadies.de\/wp-content\/uploads\/2024\/11\/Caro-Winter-Malle-Unplugged-2-Album-1024x1024.jpg 1024w, https:\/\/bergers-schlagerparadies.de\/wp-content\/uploads\/2024\/11\/Caro-Winter-Malle-Unplugged-2-Album-150x150.jpg 150w, https:\/\/bergers-schlagerparadies.de\/wp-content\/uploads\/2024\/11\/Caro-Winter-Malle-Unplugged-2-Album-768x768.jpg 768w, https:\/\/bergers-schlagerparadies.de\/wp-content\/uploads\/2024\/11\/Caro-Winter-Malle-Unplugged-2-Album-1188x1188.jpg 1188w, https:\/\/bergers-schlagerparadies.de\/wp-content\/uploads\/2024\/11\/Caro-Winter-Malle-Unplugged-2-Album-100x100.jpg 100w, https:\/\/bergers-schlagerparadies.de\/wp-content\/uploads\/2024\/11\/Caro-Winter-Malle-Unplugged-2-Album.jpg 1200w\" sizes=\"auto, (max-width: 300px) 100vw, 300px\" \/>Der Ballermann im Akustik Gewand \u2013 wie klingt das? Diese Frage stellte sich die von TikTok und Instagram bekannte K\u00fcnstlerin Caro Winter.<br \/>\nSie traf eine Auswahl aus den gr\u00f6\u00dften Mallorca Hits der Saison 2024 und ihren All-Time Favoriten. Herausgekommen ist ein Mega sch\u00f6nes Album, dass in der kalten Jahreszeit perfekt an die Mega Sommerzeit an der Playa de Palma erinnert.<\/p>\n<p><span style=\"color: #800000;\"><strong>Quelle: WIRD WILD<\/strong><\/span><\/p>\n<p><span style=\"color: #800000;\"><strong>Dieses Album ist ab dem 15.11.2024 auf allen Download- und Streaming-Portalen erh\u00e4ltlich.\u00a0<\/strong><\/span><\/p>\n<p><span style=\"color: #800000;\"><strong>Airdate (f\u00fcr Radiosender): 15.11.2024<\/strong><\/span><\/p>\n","protected":false},"excerpt":{"rendered":"<p>Der Ballermann im Akustik Gewand \u2013 wie klingt das? Diese Frage stellte sich die von TikTok und Instagram bekannte K\u00fcnstlerin Caro Winter. Sie traf eine Auswahl aus den gr\u00f6\u00dften Mallorca Hits der Saison 2024 und ihren All-Time Favoriten. Herausgekommen ist ein Mega sch\u00f6nes Album, dass in der kalten Jahreszeit perfekt an die Mega Sommerzeit an der Playa de Palma erinnert. Quelle: WIRD WILD Dieses Album ist ab dem 15.11.2024 auf allen Download- und Streaming-Portalen erh\u00e4ltlich.\u00a0 Airdate (f\u00fcr Radiosender): 15.11.2024<\/p>\n","protected":false},"author":1,"featured_media":30680,"comment_status":"open","ping_status":"open","sticky":false,"template":"","format":"standard","meta":{"footnotes":""},"categories":[2],"tags":[2805],"class_list":["post-30679","post","type-post","status-publish","format-standard","has-post-thumbnail","hentry","category-schlager","tag-caro-winter","wpcat-2-id"],"_links":{"self":[{"href":"https:\/\/bergers-schlagerparadies.de\/index.php?rest_route=\/wp\/v2\/posts\/30679","targetHints":{"allow":["GET"]}}],"collection":[{"href":"https:\/\/bergers-schlagerparadies.de\/index.php?rest_route=\/wp\/v2\/posts"}],"about":[{"href":"https:\/\/bergers-schlagerparadies.de\/index.php?rest_route=\/wp\/v2\/types\/post"}],"author":[{"embeddable":true,"href":"https:\/\/bergers-schlagerparadies.de\/index.php?rest_route=\/wp\/v2\/users\/1"}],"replies":[{"embeddable":true,"href":"https:\/\/bergers-schlagerparadies.de\/index.php?rest_route=%2Fwp%2Fv2%2Fcomments&post=30679"}],"version-history":[{"count":1,"href":"https:\/\/bergers-schlagerparadies.de\/index.php?rest_route=\/wp\/v2\/posts\/30679\/revisions"}],"predecessor-version":[{"id":30681,"href":"https:\/\/bergers-schlagerparadies.de\/index.php?rest_route=\/wp\/v2\/posts\/30679\/revisions\/30681"}],"wp:featuredmedia":[{"embeddable":true,"href":"https:\/\/bergers-schlagerparadies.de\/index.php?rest_route=\/wp\/v2\/media\/30680"}],"wp:attachment":[{"href":"https:\/\/bergers-schlagerparadies.de\/index.php?rest_route=%2Fwp%2Fv2%2Fmedia&parent=30679"}],"wp:term":[{"taxonomy":"category","embeddable":true,"href":"https:\/\/bergers-schlagerparadies.de\/index.php?rest_route=%2Fwp%2Fv2%2Fcategories&post=30679"},{"taxonomy":"post_tag","embeddable":true,"href":"https:\/\/bergers-schlagerparadies.de\/index.php?rest_route=%2Fwp%2Fv2%2Ftags&post=30679"}],"curies":[{"name":"wp","href":"https:\/\/api.w.org\/{rel}","templated":true}]}}