{"id":30621,"date":"2024-11-18T10:30:54","date_gmt":"2024-11-18T09:30:54","guid":{"rendered":"https:\/\/bergers-schlagerparadies.de\/?p=30621"},"modified":"2024-11-13T13:17:59","modified_gmt":"2024-11-13T12:17:59","slug":"acarina-julia-raich-das-war-doch-klar-%c2%b7-bergers-schlagerparadies","status":"publish","type":"post","link":"https:\/\/bergers-schlagerparadies.de\/?p=30621","title":{"rendered":"Acarina &#038; Julia Raich &#8211; Das war doch klar \u00b7 Berger\u00b4s Schlagerparadies"},"content":{"rendered":"<p><img loading=\"lazy\" decoding=\"async\" class=\"size-medium wp-image-30622 alignleft\" src=\"https:\/\/bergers-schlagerparadies.de\/wp-content\/uploads\/2024\/11\/Acarina-Julia-Raich-Das-war-doch-klar-300x300.jpg\" alt=\"\" width=\"300\" height=\"300\" srcset=\"https:\/\/bergers-schlagerparadies.de\/wp-content\/uploads\/2024\/11\/Acarina-Julia-Raich-Das-war-doch-klar-300x300.jpg 300w, https:\/\/bergers-schlagerparadies.de\/wp-content\/uploads\/2024\/11\/Acarina-Julia-Raich-Das-war-doch-klar-1024x1024.jpg 1024w, https:\/\/bergers-schlagerparadies.de\/wp-content\/uploads\/2024\/11\/Acarina-Julia-Raich-Das-war-doch-klar-150x150.jpg 150w, https:\/\/bergers-schlagerparadies.de\/wp-content\/uploads\/2024\/11\/Acarina-Julia-Raich-Das-war-doch-klar-768x768.jpg 768w, https:\/\/bergers-schlagerparadies.de\/wp-content\/uploads\/2024\/11\/Acarina-Julia-Raich-Das-war-doch-klar-1536x1536.jpg 1536w, https:\/\/bergers-schlagerparadies.de\/wp-content\/uploads\/2024\/11\/Acarina-Julia-Raich-Das-war-doch-klar-2048x2048.jpg 2048w, https:\/\/bergers-schlagerparadies.de\/wp-content\/uploads\/2024\/11\/Acarina-Julia-Raich-Das-war-doch-klar-1200x1200.jpg 1200w, https:\/\/bergers-schlagerparadies.de\/wp-content\/uploads\/2024\/11\/Acarina-Julia-Raich-Das-war-doch-klar-1188x1188.jpg 1188w, https:\/\/bergers-schlagerparadies.de\/wp-content\/uploads\/2024\/11\/Acarina-Julia-Raich-Das-war-doch-klar-100x100.jpg 100w\" sizes=\"auto, (max-width: 300px) 100vw, 300px\" \/>Sie haben es getan \u2013 Das erste Duett der \u201eAustrian Schlager Girls\u201c ist am Start!<br \/>\nAcarina, das \u00d6sigirl in Germany ist seit 10 Jahren eine feste Gr\u00f6\u00dfe im Schlager und Partybereich. Der deutsche Schlager und all seine Facetten stehen ihr mindestens genauso gut wie Party, Austropop und tiefgr\u00fcndige Balladen, die sehr oft sogar aus ihrer eigenen Feder stammen. Als Musikmanagerin und A&amp;R von Mike&#8217;s Music Media hat sie wesentlich mehr mit dem Schlager zu tun als die meisten K\u00fcnstler. Regelm\u00e4\u00dfig unterh\u00e4lt Acarina das TV-Publikum: SAT1, Sonnenklar.TV, Schlagerparadies.TV, Melodie TV, FOLX TV, ORF usw. Acarina ist regelm\u00e4\u00dfig mit ihren Musikvideos oder als Gast in diversen Shows zu sehen.<br \/>\nJulia Raich, die Schlagerprinzessin aus Nieder\u00f6sterreich, mit einem riesengro\u00dfen Herz f\u00fcr ihre Fans, hat sich nach einer erfolgreichen Karriere als Musicals\u00e4ngerin und T\u00e4nzerin in die Welt des Schlagers gest\u00fcrzt. Mit Chartplatzierungen in Radio-, iTunes- und Airplaycharts sowie zahlreichen Presseberichten, Radiointerviews und TV-Auftritten hat sie sich als feste Gr\u00f6\u00dfe in der Schlagerszene etabliert. J\u00fcngst ziert Sie das Cover des Lifestylemagazins \u201eDie Nieder\u00f6sterreicherin\u201c und bespielte beinduckende B\u00fchnen mit Heino, bei \u201eDie gro\u00dfe Chance\u201c im ORF oder bei der ber\u00fchmten Schlagernacht am Neusiedlersee. Julia Raich ist nicht nur eine talentierte S\u00e4ngerin, sondern auch eine nahbare Pers\u00f6nlichkeit. Julia Raich verk\u00f6rpert die Essenz einer modernen Schlagerprinzessin, die ihre Fans durch ihre Pr\u00e4senz in den sozialen Medien an ihrer beeindruckenden Entwicklung teilhaben l\u00e4sst.<br \/>\nDa die beiden S\u00e4ngerinnen nicht nur gemeinsame Auftritte als \u201eAustrian Schlager Girls\u201c haben, sondern durch die gemeinsame Zusammenarbeit mittlerweile auch eine enge Freundschaft verbindet, war es nur eine Frage der Zeit, bis sie auch gemeinsam ins Tonstudio gehen, um ein Duett aufzunehmen. Aus der Feder von Julia Raich und Lukas Lach kommt er frisch, modern und positiv daher, um die Fans der K\u00fcnstlerinnen und die, die es noch werden zu begeistern. Das Musikvideo zum<br \/>\nSong, produziert von Denny Fabian, ist eine witzige Auseinandersetzung mit einem Herzensbrecher, der von Daniel K\u00fcpper, einem langj\u00e4hrigen mit Acarina befreundeten K\u00fcnstler, gespielt wird. An den Reglern sa\u00df dieses Mal Mike van Summeren, der den Song produziert hat. Vermarktung und Vertrieb \u00fcbernimmt Mike\u2019s Music Media (Germany).<\/p>\n<p><span style=\"color: #800000;\"><strong>Quelle: 100 % deutsch \/ Mikes Music Records<\/strong><\/span><\/p>\n<p><span style=\"color: #800000;\"><strong>Dieser Song ist ab dem 22.11.2024 auf allen Download- und Streaming-Portalen erh\u00e4ltlich.\u00a0<\/strong><\/span><\/p>\n<p><span style=\"color: #800000;\"><strong>Airdate (f\u00fcr Radiosender): 22.11.2024<\/strong><\/span><\/p>\n","protected":false},"excerpt":{"rendered":"<p>Sie haben es getan \u2013 Das erste Duett der \u201eAustrian Schlager Girls\u201c ist am Start! Acarina, das \u00d6sigirl in Germany ist seit 10 Jahren eine feste Gr\u00f6\u00dfe im Schlager und Partybereich. Der deutsche Schlager und all seine Facetten stehen ihr mindestens genauso gut wie Party, Austropop und tiefgr\u00fcndige Balladen, die sehr oft sogar aus ihrer eigenen Feder stammen. Als Musikmanagerin und A&amp;R von Mike&#8217;s Music Media hat sie wesentlich mehr mit dem Schlager zu tun als die meisten K\u00fcnstler. Regelm\u00e4\u00dfig unterh\u00e4lt Acarina das TV-Publikum: SAT1, Sonnenklar.TV, Schlagerparadies.TV, Melodie TV, FOLX TV, ORF usw. Acarina ist regelm\u00e4\u00dfig mit ihren Musikvideos oder als Gast in diversen Shows&#8230;<\/p>\n","protected":false},"author":1,"featured_media":30622,"comment_status":"open","ping_status":"open","sticky":false,"template":"","format":"standard","meta":{"footnotes":""},"categories":[2],"tags":[3194],"class_list":["post-30621","post","type-post","status-publish","format-standard","has-post-thumbnail","hentry","category-schlager","tag-acarina-julia-raich","wpcat-2-id"],"_links":{"self":[{"href":"https:\/\/bergers-schlagerparadies.de\/index.php?rest_route=\/wp\/v2\/posts\/30621","targetHints":{"allow":["GET"]}}],"collection":[{"href":"https:\/\/bergers-schlagerparadies.de\/index.php?rest_route=\/wp\/v2\/posts"}],"about":[{"href":"https:\/\/bergers-schlagerparadies.de\/index.php?rest_route=\/wp\/v2\/types\/post"}],"author":[{"embeddable":true,"href":"https:\/\/bergers-schlagerparadies.de\/index.php?rest_route=\/wp\/v2\/users\/1"}],"replies":[{"embeddable":true,"href":"https:\/\/bergers-schlagerparadies.de\/index.php?rest_route=%2Fwp%2Fv2%2Fcomments&post=30621"}],"version-history":[{"count":3,"href":"https:\/\/bergers-schlagerparadies.de\/index.php?rest_route=\/wp\/v2\/posts\/30621\/revisions"}],"predecessor-version":[{"id":30630,"href":"https:\/\/bergers-schlagerparadies.de\/index.php?rest_route=\/wp\/v2\/posts\/30621\/revisions\/30630"}],"wp:featuredmedia":[{"embeddable":true,"href":"https:\/\/bergers-schlagerparadies.de\/index.php?rest_route=\/wp\/v2\/media\/30622"}],"wp:attachment":[{"href":"https:\/\/bergers-schlagerparadies.de\/index.php?rest_route=%2Fwp%2Fv2%2Fmedia&parent=30621"}],"wp:term":[{"taxonomy":"category","embeddable":true,"href":"https:\/\/bergers-schlagerparadies.de\/index.php?rest_route=%2Fwp%2Fv2%2Fcategories&post=30621"},{"taxonomy":"post_tag","embeddable":true,"href":"https:\/\/bergers-schlagerparadies.de\/index.php?rest_route=%2Fwp%2Fv2%2Ftags&post=30621"}],"curies":[{"name":"wp","href":"https:\/\/api.w.org\/{rel}","templated":true}]}}