{"id":30610,"date":"2024-11-25T10:30:40","date_gmt":"2024-11-25T09:30:40","guid":{"rendered":"https:\/\/bergers-schlagerparadies.de\/?p=30610"},"modified":"2024-11-29T14:38:42","modified_gmt":"2024-11-29T13:38:42","slug":"antonio-holsken-als-het-kerstmis-wordt-%c2%b7-bergers-schlagerparadies","status":"publish","type":"post","link":"https:\/\/bergers-schlagerparadies.de\/?p=30610","title":{"rendered":"Antonio Holsken &#8211; Als het Kerstmis wordt \u00b7 Berger\u00b4s Schlagerparadies"},"content":{"rendered":"<p><span style=\"color: #800000;\"><strong><img loading=\"lazy\" decoding=\"async\" class=\"size-medium wp-image-30611 alignleft\" src=\"https:\/\/bergers-schlagerparadies.de\/wp-content\/uploads\/2024\/11\/Antonio-Holsken-Als-het-Kerstmis-wordt-300x300.jpg\" alt=\"\" width=\"300\" height=\"300\" srcset=\"https:\/\/bergers-schlagerparadies.de\/wp-content\/uploads\/2024\/11\/Antonio-Holsken-Als-het-Kerstmis-wordt-300x300.jpg 300w, https:\/\/bergers-schlagerparadies.de\/wp-content\/uploads\/2024\/11\/Antonio-Holsken-Als-het-Kerstmis-wordt-150x150.jpg 150w, https:\/\/bergers-schlagerparadies.de\/wp-content\/uploads\/2024\/11\/Antonio-Holsken-Als-het-Kerstmis-wordt-100x100.jpg 100w, https:\/\/bergers-schlagerparadies.de\/wp-content\/uploads\/2024\/11\/Antonio-Holsken-Als-het-Kerstmis-wordt.jpg 526w\" sizes=\"auto, (max-width: 300px) 100vw, 300px\" \/><\/strong><\/span><\/p>\n<div class=\"x11i5rnm xat24cr x1mh8g0r x1vvkbs xtlvy1s x126k92a\">\n<div dir=\"auto\">Antonio Holsken ver\u00f6ffentlicht eine neue Single, eine warme und einzigartige Neuinterpretation seines beliebten Hits &#8222;Als Ik Twintig Was&#8220;. F\u00fcr diese besondere Version hat Antonio mit den Lyrikern Carlo Verkooijen und Ton van Gils zusammengearbeitet, die den Original-Song in eine neue Jacke gesteckt haben. Das ergibt einen \u00fcberraschenden und frischen Text, der den erkennbaren Charakter des Originals beh\u00e4lt, aber eine ganz neue emotionale Ladung hinzubringt.<\/div>\n<div dir=\"auto\">Die Aufnahme fand im ber\u00fchmten Studio von Hans Aalbers statt. Produzent Arjan Veneman hat seine musikalische Handwerkskunst genutzt, um das Lied bis ins Detail zu verfeinern und das Beste in Antonio hervorzubringen. F\u00fcr den Videoclip wandte sich Antonio an seinen regul\u00e4ren Kameramann Jaap van Didden von JVD Recording.<\/div>\n<div dir=\"auto\">Eine besondere Premiere bekommt die Single beim Weihnachtsspecial von &#8222;Bij ons op het kamp&#8220; auf RTL 5. Hier wird Antonio die Zuschauer in den warmen Kl\u00e4ngen und der besonderen Stimmung dieses Liedes mitnehmen, das perfekt zur Weihnachtszeit passt.<\/div>\n<\/div>\n<div class=\"x11i5rnm xat24cr x1mh8g0r x1vvkbs xtlvy1s x126k92a\">\n<div dir=\"auto\">\u00dcber Antonio Holsken<\/div>\n<div dir=\"auto\">Antonio Holsken ist in der niederl\u00e4ndischen Musikwelt kein Unbekannter. Mit seiner charakteristischen Stimme und seinem aufrichtigen Ausdruck wei\u00df er immer wieder ein gro\u00dfes Publikum zu ber\u00fchren. Nach den Erfolgen von &#8222;Boem Boom&#8220;, &#8222;Ik hab Genoeg Aan Jou&#8220; und &#8222;Als Ik Twintig Was&#8220; ist er bereit, mit dieser Neuinterpretation wieder die Herzen seiner Fans zu erobern.<\/div>\n<\/div>\n<p><span style=\"color: #800000;\"><strong>Quelle: A. Passchier<\/strong><\/span><\/p>\n<p><span style=\"color: #800000;\"><strong>Dieser Song ist ab dem 27.11.2024 auf allen Download- und Streaming-Portalen erh\u00e4ltlich.\u00a0<\/strong><\/span><\/p>\n<p><span style=\"color: #800000;\"><strong>Airdate (f\u00fcr Radiosender): 27.11.2024<\/strong><\/span><\/p>\n","protected":false},"excerpt":{"rendered":"<p>Antonio Holsken ver\u00f6ffentlicht eine neue Single, eine warme und einzigartige Neuinterpretation seines beliebten Hits &#8222;Als Ik Twintig Was&#8220;. F\u00fcr diese besondere Version hat Antonio mit den Lyrikern Carlo Verkooijen und Ton van Gils zusammengearbeitet, die den Original-Song in eine neue Jacke gesteckt haben. Das ergibt einen \u00fcberraschenden und frischen Text, der den erkennbaren Charakter des Originals beh\u00e4lt, aber eine ganz neue emotionale Ladung hinzubringt. Die Aufnahme fand im ber\u00fchmten Studio von Hans Aalbers statt. Produzent Arjan Veneman hat seine musikalische Handwerkskunst genutzt, um das Lied bis ins Detail zu verfeinern und das Beste in Antonio hervorzubringen. F\u00fcr den Videoclip wandte sich Antonio an seinen regul\u00e4ren&#8230;<\/p>\n","protected":false},"author":1,"featured_media":30611,"comment_status":"open","ping_status":"open","sticky":false,"template":"","format":"standard","meta":{"footnotes":""},"categories":[3231,3243,2,3290],"tags":[3193],"class_list":["post-30610","post","type-post","status-publish","format-standard","has-post-thumbnail","hentry","category-bergers-schlagerparadies","category-niederlande","category-schlager","category-weihnachtslieder","tag-antonio-holsken","wpcat-3231-id","wpcat-3243-id","wpcat-2-id","wpcat-3290-id"],"_links":{"self":[{"href":"https:\/\/bergers-schlagerparadies.de\/index.php?rest_route=\/wp\/v2\/posts\/30610","targetHints":{"allow":["GET"]}}],"collection":[{"href":"https:\/\/bergers-schlagerparadies.de\/index.php?rest_route=\/wp\/v2\/posts"}],"about":[{"href":"https:\/\/bergers-schlagerparadies.de\/index.php?rest_route=\/wp\/v2\/types\/post"}],"author":[{"embeddable":true,"href":"https:\/\/bergers-schlagerparadies.de\/index.php?rest_route=\/wp\/v2\/users\/1"}],"replies":[{"embeddable":true,"href":"https:\/\/bergers-schlagerparadies.de\/index.php?rest_route=%2Fwp%2Fv2%2Fcomments&post=30610"}],"version-history":[{"count":3,"href":"https:\/\/bergers-schlagerparadies.de\/index.php?rest_route=\/wp\/v2\/posts\/30610\/revisions"}],"predecessor-version":[{"id":31203,"href":"https:\/\/bergers-schlagerparadies.de\/index.php?rest_route=\/wp\/v2\/posts\/30610\/revisions\/31203"}],"wp:featuredmedia":[{"embeddable":true,"href":"https:\/\/bergers-schlagerparadies.de\/index.php?rest_route=\/wp\/v2\/media\/30611"}],"wp:attachment":[{"href":"https:\/\/bergers-schlagerparadies.de\/index.php?rest_route=%2Fwp%2Fv2%2Fmedia&parent=30610"}],"wp:term":[{"taxonomy":"category","embeddable":true,"href":"https:\/\/bergers-schlagerparadies.de\/index.php?rest_route=%2Fwp%2Fv2%2Fcategories&post=30610"},{"taxonomy":"post_tag","embeddable":true,"href":"https:\/\/bergers-schlagerparadies.de\/index.php?rest_route=%2Fwp%2Fv2%2Ftags&post=30610"}],"curies":[{"name":"wp","href":"https:\/\/api.w.org\/{rel}","templated":true}]}}