{"id":30384,"date":"2024-11-07T21:23:15","date_gmt":"2024-11-07T20:23:15","guid":{"rendered":"https:\/\/bergers-schlagerparadies.de\/?p=30384"},"modified":"2024-11-07T21:23:15","modified_gmt":"2024-11-07T20:23:15","slug":"garfunkel-garfunkel-father-and-son-album-%c2%b7-bergers-schlagerparadies","status":"publish","type":"post","link":"https:\/\/bergers-schlagerparadies.de\/?p=30384","title":{"rendered":"Garfunkel &#038; Garfunkel &#8211; Father and Son (Album) \u00b7 Berger\u00b4s Schlagerparadies"},"content":{"rendered":"<p><strong><img loading=\"lazy\" decoding=\"async\" class=\"size-medium wp-image-30385 alignleft\" src=\"https:\/\/bergers-schlagerparadies.de\/wp-content\/uploads\/2024\/11\/Garfunkel-Garfunkel-Father-and-Son-Album-300x300.jpg\" alt=\"\" width=\"300\" height=\"300\" srcset=\"https:\/\/bergers-schlagerparadies.de\/wp-content\/uploads\/2024\/11\/Garfunkel-Garfunkel-Father-and-Son-Album-300x300.jpg 300w, https:\/\/bergers-schlagerparadies.de\/wp-content\/uploads\/2024\/11\/Garfunkel-Garfunkel-Father-and-Son-Album-1024x1024.jpg 1024w, https:\/\/bergers-schlagerparadies.de\/wp-content\/uploads\/2024\/11\/Garfunkel-Garfunkel-Father-and-Son-Album-150x150.jpg 150w, https:\/\/bergers-schlagerparadies.de\/wp-content\/uploads\/2024\/11\/Garfunkel-Garfunkel-Father-and-Son-Album-768x768.jpg 768w, https:\/\/bergers-schlagerparadies.de\/wp-content\/uploads\/2024\/11\/Garfunkel-Garfunkel-Father-and-Son-Album-1200x1200.jpg 1200w, https:\/\/bergers-schlagerparadies.de\/wp-content\/uploads\/2024\/11\/Garfunkel-Garfunkel-Father-and-Son-Album-1188x1188.jpg 1188w, https:\/\/bergers-schlagerparadies.de\/wp-content\/uploads\/2024\/11\/Garfunkel-Garfunkel-Father-and-Son-Album-100x100.jpg 100w, https:\/\/bergers-schlagerparadies.de\/wp-content\/uploads\/2024\/11\/Garfunkel-Garfunkel-Father-and-Son-Album.jpg 1440w\" sizes=\"auto, (max-width: 300px) 100vw, 300px\" \/>Garfunkel &amp; Garfunkel pr\u00e4sentieren das gemeinsame Album \u201eFather and Son\u201c<\/strong><\/p>\n<p><strong>Art Garfunkel<\/strong> kann auf eine einzigartige Karriere zur\u00fcckblicken: 8 Grammy Awards, dazu 13 Nominierungen, zahllose Edelmetall-Auszeichnungen sowie die Aufnahme in die Rock &amp; Roll Hall of Fame sprechen f\u00fcr sich. Die Ausnahmekarriere seines Vaters war dabei stets Ansporn und Motivation f\u00fcr <strong>Art Garfunkel jr.<\/strong>: Obwohl der 33-J\u00e4hrige genau genommen erst am Anfang seiner eigenen Karriere steht, konnte sich\u00a0<strong>Art jr.<\/strong>\u00a0zuletzt \u00fcber gleich zwei Top-15-Alben in Deutschland freuen. Jetzt teilen sich Vater &amp; Sohn das Mikrofon: Das gemeinsame Album\u00a0<strong>\u201eFather And Son\u201c<\/strong>\u00a0erscheint am\u00a0<strong>08.11.2024<\/strong>.\u00a0<strong>Garfunkel &amp; Garfunkel\u00a0<\/strong>interpretieren darauf ihre pers\u00f6nlichen Lieblingssongs aus dem letzten Jahrhundert.<\/p>\n<p>In die Fu\u00dfstapfen seines Vaters ist\u00a0<strong>Art Garfunkel jr.<\/strong>\u00a0zuletzt eindrucksvoll getreten, um dabei doch seinen ganz eigenen Weg zu gehen: Entpuppte sich schon das Solo-Deb\u00fctalbum\u00a0<em>\u201eWie Du\u201c<\/em>\u00a0(2021) als sensationeller Top-10-Erfolg in den deutschen Albumcharts (wo es sich knapp 30 Wochen lang hielt!), stieg auch der Nachfolger\u00a0<em>\u201eEvergreen\u201c<\/em>\u00a0(2023) direkt in die Top-15 ein. Nachdem sich er und sein Vater, der f\u00fcr seine vielen Welthits (u.a. mit\u00a0<em>Simon &amp; Garfunkel<\/em>) neben etlichen Awards (8 GRAMMYs, Lifetime Achievement Award) auch in die Rock &amp; Roll Hall of Fame aufgenommen wurde, schon seit vielen Jahren die B\u00fchne teilen, sind\u00a0<strong>\u201eFather and Son\u201c<\/strong>\u00a0nun zusammen ins Studio gegangen \u2013 um den ersten gemeinsamen aufzunehmen.<\/p>\n<p>Auf\u00a0<strong>\u201eFather And Son\u201c<\/strong>\u00a0widmen sich\u00a0<strong>Garfunkel &amp; Garfunkel<\/strong>\u00a0zeitlosen Hits und Standards aus etlichen Jahrzehnten. Kein Wunder: Schlie\u00dflich basiert die extrem pers\u00f6nliche Songauswahl auf den absoluten Lieblingstiteln der beiden \u2013 es sind ausnahmslos Songs, die sie schon seit Jahrzehnten begleiten. Das Resultat ist eine extrem facettenreich arrangierte Zeitreise durch weite Teile des 20. Jahrhunderts\u2026<\/p>\n<p><em>\u201eEin organischer und moderner Streichersound\u201c<\/em>, das sei von Anfang an die Vision gewesen f\u00fcrs klangliche Fundament, das\u00a0<strong>Garfunkel &amp; Garfunkel<\/strong>\u00a0nutzen, um ikonische Songs aus ganz unterschiedlichen Epochen ins Hier und Jetzt zu \u00fcberf\u00fchren. Um ihre so unterschiedlichen Gesangsstimmen, die einzigartige Vater-Sohn-Dynamik und den Kontrast zwischen fragilen und leinwandgro\u00dfen Passagen perfekt in Szene zu setzen, setzten sie im Studio auf ein internationales Dreier-Dreamteam. Der deutsche Hitproduzent\u00a0<em>Felix Gauder<\/em>\u00a0(Pet Shop Boys, Jimmy Somerville, Andrea Berg, Maite Kelly), der renommierte italienische Klassik-Arrangeur\u00a0<em>Davide Rossi<\/em>\u00a0(Coldplay, Alicia Keys) und UK-Starproducer\u00a0<em>Ash Howes\u00a0<\/em>(Kylie Minogue, Ellie Goulding) arbeiteten erstmals zusammen f\u00fcr diese au\u00dfergew\u00f6hnliche Produktion.<\/p>\n<p>Beim ersten gemeinsamen Studioalbum habe sich nat\u00fcrlich \u201eausnahmslos alles um die Verbindung zwischen Vater und Sohn\u201c gedreht, berichtet\u00a0<strong>Art jr.\u00a0<\/strong>gleich zu Beginn.\u00a0<em>\u201eWir haben ein Dutzend unserer Lieblingssongs zusammen aufgenommen. Ich habe dabei eher die Einfl\u00fcsse aus den Achtzigern eingebracht, w\u00e4hrend mein Vater mehr das Great American Songbook ins Spiel brachte\u2026 wundersch\u00f6ne Songs aus den 1940ern und der Zeit danach. Diese beiden Einfl\u00fcsse verbinden sich hier und ergeben einen echt spannenden Mix. Insgesamt ist das Album ganz klar ein Ausdruck dieser einzigartigen Bindung, die zwischen uns besteht.\u201c<\/em><\/p>\n<p>Auch sein Vater schw\u00e4rmt von der besonderen Chemie und der gemeinsamen Studioarbeit:\u00a0<em>\u201eEs f\u00fchlte sich an wie ein Traum\u201c<\/em>, so der 1941 in New York City geborene Songwriter, der mit\u00a0<em>Simon &amp; Garfunkel<\/em>\u00a0schon in den sp\u00e4ten F\u00fcnfzigern erste Hits landen konnte.\u00a0<em>\u201eEs war einfach wundervoll. Ich liebe es, mit Junior zu arbeiten. Und ich gebe gerne zu, dass mein Sohn der bessere S\u00e4nger ist von uns beiden\u201c<\/em>, sagt er weiter und schw\u00e4rmt im selben Atemzug von dessen einzigartiger Falsettstimme.<\/p>\n<p>Vor allem erg\u00e4nzen Vater und Sohn einander perfekt am Mikrofon, wenn sie eigene Lieblingssongs und auch die des jeweils anderen neu interpretieren: Zu den von\u00a0<strong>Garfunkel sr.\u00a0<\/strong>ausgew\u00e4hlten Album-Highlights z\u00e4hlen St\u00fccke wie\u00a0<strong>\u201eLet It Be Me\u201c<\/strong>\u00a0(sein augenzwinkernder Kommentar:\u00a0<em>\u201eWir singen dieses Duett seit Jahren. Ich liebe es, dieses St\u00fcck mit meinem Sohn zu singen. Ich hab\u2019s von den Everly Brothers geklaut.\u201c<\/em>) und eine ganze Reihe von zeitlosen Jazz-Standards \u2013 wie etwa \u201e<strong>Nature Boy\u201c, \u201eYou Belong To Me\u201c<\/strong>\u00a0von Jo Stafford,\u00a0<strong>\u201eOnce In A While\u201c<\/strong>\u00a0aus den 1930ern, oder auch das wundersch\u00f6ne\u00a0<strong>\u201eBlue Moon\u201c<\/strong>, mit dem sie das Album er\u00f6ffnen. Der Er\u00f6ffnungstitel l\u00e4sst dabei besonders viel Raum f\u00fcr die Stimmen der beiden, um schlie\u00dflich in ein um so wuchtigeres Finale zu m\u00fcnden. Auch Don McLeans Hommage an van Gogh\u00a0<strong>(\u201eVincent\u201c<\/strong>) \u00fcberf\u00fchren\u00a0<strong>Garfunkel &amp; Garfunkel<\/strong>\u00a0mit extrem viel Gef\u00fchl in ihr Klanguniversum.<\/p>\n<p><em>\u201eDas ist einfach mal McCartney in Bestform,\u201c<\/em>\u00a0sagt der \u00c4ltere dann \u00fcber den von J.S. Bach inspirierten Beatles-Klassiker\u00a0<strong>\u201eBlackbird\u201c<\/strong>, und auch sein Sohn liebt diesen Song schon sein ganzes Leben lang:\u00a0<em>\u201eMir war klar, dass es wundersch\u00f6n klingen w\u00fcrde, wenn wir diesen Song zusammen singen.\u201c<\/em>\u00a0Mit\u00a0<strong>\u201eOld Friends\u201c<\/strong>\u00a0ist schlie\u00dflich auch ein Meilenstein von\u00a0<em>Simon &amp; Garfunkel<\/em>\u00a0auf dem Album vertreten \u2013\u00a0<em>\u201eInzwischen sind mein Vater und ich ja gewisserma\u00dfen auch alte Freunde, schlie\u00dflich kennen wir uns seit \u00fcber drei Jahrzehnten\u201c<\/em>, scherzt der 33-J\u00e4hrige.<\/p>\n<p>Obwohl er genau genommen zu Beginn der Neunziger auf die Welt kam, war der Sound der Achtziger absolut pr\u00e4gend f\u00fcr den jungen S\u00e4nger, der flie\u00dfend Deutsch spricht: \u201e<em>Ja, ich bin derjenige, der voll auf die Eighties steht\u2026 weshalb ich auch diese Titel ins Spiel gebracht habe\u201c<\/em>, sagt er \u00fcber epische Interpretationen von St\u00fccken wie\u00a0<strong>\u201eHere Comes The Rain Again\u201c<\/strong>\u00a0(Eurythmics), Cyndi Laupers\u00a0<strong>\u201eTime After Time\u201c<\/strong>\u00a0(<em>\u201eden fand mein Vater besonders toll\u201c<\/em>) oder auch\u00a0<strong>\u201eI Won\u2019t Let You Down\u201c<\/strong> von Ph. D. aus dem Jahr 1981.<\/p>\n<p>Den passenden Albumtitel liefert schlie\u00dflich der Cat Stevens-Welthit\u00a0<strong>\u201eFather And Son\u201c<\/strong>:\u00a0<em>\u201eMein Vater gibt mir gar nicht so besonders h\u00e4ufig Ratschl\u00e4ge, aber wenn er sie gibt, haben sie gro\u00dfe Bedeutung\u201c<\/em>, verr\u00e4t\u00a0<strong>Garfunkel jr.<\/strong>, wenn man ihn auf inhaltliche Parallelen zwischen dem vertonten Dialog aus dem Jahr 1970 und dem eigenen Abnabelungsprozess anspricht (schlie\u00dflich hatte auch er fr\u00fch den Wunsch, sein Elternhaus zu verlassen und seinen eigenen Weg zu gehen \u2013 der ihn wenig sp\u00e4ter nach Berlin f\u00fchrte).<\/p>\n<p><strong>Art Garfunkel jr.<\/strong>\u00a0kam 1990 in Manhattan als erstes Kind von\u00a0<em>Kathryn<\/em>\u00a0und\u00a0<strong>Art Garfunkel\u00a0<\/strong>zur Welt. Seine Kindheit und Jugend verbrachte er gr\u00f6\u00dftenteils in den USA, begleitete jedoch auch den Vater schon in jungen Jahren oftmals auf Tour. Da seine Gro\u00dfeltern auch deutsche Wurzeln hatten, lernte er fr\u00fch die deutsche Sprache. Nachdem er schon als Teenager nach Berlin gezogen war, absolvierte er in den Jahren 2018 und 2019 gro\u00dfe Tourneen mit seinem Vater, um zuletzt mit seinen ersten Soloalben\u00a0<em>\u201eWie Du\u201c<\/em>\u00a0und\u00a0<em>\u201eEvergreen\u201c\u00a0<\/em>nacheinander die Top-10 und die Top-15 in Deutschland zu erobern.<\/p>\n<p>Sein Vater\u00a0<strong>Art Garfunkel<\/strong>\u00a0trat schon 1957 mit dem US-Folkrock-Duo\u00a0<em>Simon &amp; Garfunkel<\/em>\u00a0ins Rampenlicht, das er zusammen mit dem Songwriter Paul Simon gegr\u00fcndet hatte. Nachdem sie zun\u00e4chst eher auf Rock &amp; Roll gesetzt hatten, landete das Duo in den Sechzigern massive Folkrock-Hits \u2013 nicht zuletzt dank der unverwechselbaren Stimme von\u00a0<strong>Garfunkel<\/strong>\u00a0\u201eThe Sound of Silence\u201c,\u00a0\u201eScarborough Fair\u201c, \u201eMrs. Robinson\u201c (aus dem Film \u201eThe Graduate\u201c\/\u201eDie Reifepr\u00fcfung\u201c), \u201eThe Boxer\u201c oder auch \u201eBridge Over Troubled Water\u201c \u2013 all diese Songs z\u00e4hlen seither zum Kanon der Popgeschichte.<\/p>\n<p>Nach der Trennung im Jahr 1970 konnte\u00a0<strong>Garfunkel<\/strong>\u00a0auch als Solomusiker massive Erfolge verbuchen (u.a. \u201eBright Eyes\u201c), in diversen Hollywood-Filmen gl\u00e4nzen, um gelegentlich auch zusammen mit\u00a0<em>Paul Simon<\/em>\u00a0wieder eine B\u00fchne zu betreten (unvergessen ist das Konzert 1981 im New Yorker Central Park vor mehr als 500.000 Zuschauern). Dazu teilte er sich besonders in den letzten Jahren immer h\u00e4ufiger die B\u00fchne mit seinem Sohn\u00a0<strong>Art Garfunkel jr<\/strong>\u2026.<\/p>\n<p>Mit dem neuesten Kapitel zelebrieren\u00a0<strong>Garfunkel &amp; Garfunkel\u00a0<\/strong>nun ihre einzigartige Verbindung.<\/p>\n<p>Das Album\u00a0<strong>\u201eFather And Son\u201c<\/strong>\u00a0erscheint weltweit am\u00a0<strong>08.11.2024 bei TELAMO\/BMG<\/strong><\/p>\n<p><span style=\"color: #800000;\"><strong>Quelle: Telamo \/ BMG<\/strong><\/span><\/p>\n<p><span style=\"color: #800000;\"><strong>Dieses Album ist ab dem 08.11.2024 auf allen Download- und Streaming-Portalen erh\u00e4ltlich.\u00a0<\/strong><\/span><\/p>\n<p><span style=\"color: #800000;\"><strong>Airdate (f\u00fcr Radiosender): 08.11.2024<\/strong><\/span><\/p>\n","protected":false},"excerpt":{"rendered":"<p>Garfunkel &amp; Garfunkel pr\u00e4sentieren das gemeinsame Album \u201eFather and Son\u201c Art Garfunkel kann auf eine einzigartige Karriere zur\u00fcckblicken: 8 Grammy Awards, dazu 13 Nominierungen, zahllose Edelmetall-Auszeichnungen sowie die Aufnahme in die Rock &amp; Roll Hall of Fame sprechen f\u00fcr sich. Die Ausnahmekarriere seines Vaters war dabei stets Ansporn und Motivation f\u00fcr Art Garfunkel jr.: Obwohl der 33-J\u00e4hrige genau genommen erst am Anfang seiner eigenen Karriere steht, konnte sich\u00a0Art jr.\u00a0zuletzt \u00fcber gleich zwei Top-15-Alben in Deutschland freuen. Jetzt teilen sich Vater &amp; Sohn das Mikrofon: Das gemeinsame Album\u00a0\u201eFather And Son\u201c\u00a0erscheint am\u00a008.11.2024.\u00a0Garfunkel &amp; Garfunkel\u00a0interpretieren darauf ihre pers\u00f6nlichen Lieblingssongs aus dem letzten Jahrhundert. In die Fu\u00dfstapfen seines Vaters&#8230;<\/p>\n","protected":false},"author":1,"featured_media":30385,"comment_status":"open","ping_status":"open","sticky":false,"template":"","format":"standard","meta":{"footnotes":""},"categories":[2],"tags":[2998],"class_list":["post-30384","post","type-post","status-publish","format-standard","has-post-thumbnail","hentry","category-schlager","tag-garfunkel-garfunkel","wpcat-2-id"],"_links":{"self":[{"href":"https:\/\/bergers-schlagerparadies.de\/index.php?rest_route=\/wp\/v2\/posts\/30384","targetHints":{"allow":["GET"]}}],"collection":[{"href":"https:\/\/bergers-schlagerparadies.de\/index.php?rest_route=\/wp\/v2\/posts"}],"about":[{"href":"https:\/\/bergers-schlagerparadies.de\/index.php?rest_route=\/wp\/v2\/types\/post"}],"author":[{"embeddable":true,"href":"https:\/\/bergers-schlagerparadies.de\/index.php?rest_route=\/wp\/v2\/users\/1"}],"replies":[{"embeddable":true,"href":"https:\/\/bergers-schlagerparadies.de\/index.php?rest_route=%2Fwp%2Fv2%2Fcomments&post=30384"}],"version-history":[{"count":1,"href":"https:\/\/bergers-schlagerparadies.de\/index.php?rest_route=\/wp\/v2\/posts\/30384\/revisions"}],"predecessor-version":[{"id":30386,"href":"https:\/\/bergers-schlagerparadies.de\/index.php?rest_route=\/wp\/v2\/posts\/30384\/revisions\/30386"}],"wp:featuredmedia":[{"embeddable":true,"href":"https:\/\/bergers-schlagerparadies.de\/index.php?rest_route=\/wp\/v2\/media\/30385"}],"wp:attachment":[{"href":"https:\/\/bergers-schlagerparadies.de\/index.php?rest_route=%2Fwp%2Fv2%2Fmedia&parent=30384"}],"wp:term":[{"taxonomy":"category","embeddable":true,"href":"https:\/\/bergers-schlagerparadies.de\/index.php?rest_route=%2Fwp%2Fv2%2Fcategories&post=30384"},{"taxonomy":"post_tag","embeddable":true,"href":"https:\/\/bergers-schlagerparadies.de\/index.php?rest_route=%2Fwp%2Fv2%2Ftags&post=30384"}],"curies":[{"name":"wp","href":"https:\/\/api.w.org\/{rel}","templated":true}]}}