{"id":30203,"date":"2024-11-08T10:00:40","date_gmt":"2024-11-08T09:00:40","guid":{"rendered":"https:\/\/bergers-schlagerparadies.de\/?p=30203"},"modified":"2024-11-08T10:37:37","modified_gmt":"2024-11-08T09:37:37","slug":"francine-jordi-dieses-stueckchen-weihnacht-%c2%b7-bergers-schlagerparadies","status":"publish","type":"post","link":"https:\/\/bergers-schlagerparadies.de\/?p=30203","title":{"rendered":"Francine Jordi &#8211; Dieses St\u00fcckchen Weihnacht \u00b7 Berger\u00b4s Schlagerparadies"},"content":{"rendered":"<p><img loading=\"lazy\" decoding=\"async\" class=\"size-medium wp-image-30204 alignleft\" src=\"https:\/\/bergers-schlagerparadies.de\/wp-content\/uploads\/2024\/11\/Francine-Jordi-Dieses-Stueckchen-Weihnacht-300x300.jpg\" alt=\"\" width=\"300\" height=\"300\" srcset=\"https:\/\/bergers-schlagerparadies.de\/wp-content\/uploads\/2024\/11\/Francine-Jordi-Dieses-Stueckchen-Weihnacht-300x300.jpg 300w, https:\/\/bergers-schlagerparadies.de\/wp-content\/uploads\/2024\/11\/Francine-Jordi-Dieses-Stueckchen-Weihnacht-1024x1024.jpg 1024w, https:\/\/bergers-schlagerparadies.de\/wp-content\/uploads\/2024\/11\/Francine-Jordi-Dieses-Stueckchen-Weihnacht-150x150.jpg 150w, https:\/\/bergers-schlagerparadies.de\/wp-content\/uploads\/2024\/11\/Francine-Jordi-Dieses-Stueckchen-Weihnacht-768x768.jpg 768w, https:\/\/bergers-schlagerparadies.de\/wp-content\/uploads\/2024\/11\/Francine-Jordi-Dieses-Stueckchen-Weihnacht-1536x1536.jpg 1536w, https:\/\/bergers-schlagerparadies.de\/wp-content\/uploads\/2024\/11\/Francine-Jordi-Dieses-Stueckchen-Weihnacht-2048x2048.jpg 2048w, https:\/\/bergers-schlagerparadies.de\/wp-content\/uploads\/2024\/11\/Francine-Jordi-Dieses-Stueckchen-Weihnacht-1200x1200.jpg 1200w, https:\/\/bergers-schlagerparadies.de\/wp-content\/uploads\/2024\/11\/Francine-Jordi-Dieses-Stueckchen-Weihnacht-1188x1188.jpg 1188w, https:\/\/bergers-schlagerparadies.de\/wp-content\/uploads\/2024\/11\/Francine-Jordi-Dieses-Stueckchen-Weihnacht-100x100.jpg 100w\" sizes=\"auto, (max-width: 300px) 100vw, 300px\" \/>Mit \u201eDieses St\u00fcckchen Weihnacht\u201c pr\u00e4sentiert Francine Jordi den beschwingt und fr\u00f6hlich anmutenden Album-Titeltrack aus ihrem neuen Weihnachtsalbum \u201eEin St\u00fcckchen Weihnacht &#8211; Mein Geschenk f\u00fcr dich\u201c. Basierend auf einer eigenen Idee hat Francine Jordi den Song gemeinsam mit den Hit-Songwritern Paul Falk, Daniel Sommer und Tobias Reitz geschrieben und auch gleich aufgenommen. Der Gedanke hinter dem Song besch\u00e4ftigt Francine schon l\u00e4nger. \u201eJedes Jahr kann man das aufs Neue beobachten &#8211; in der Weihnachtszeit halten die Menschen inne, gehen aufeinander zu, nehmen sich mehr als sonst in der Hektik des Alltags Zeit, um den Geschichten und Sorgen der anderen zu lauschen. Doch ab dem 26. Dezember ist das alles wieder vorbei. Und ich frage mich nun, warum k\u00f6nnen wir das nicht das ganze Jahr durch beibehalten?\u201c<\/p>\n<p>Dieses inne Halten und aufeinander zu gehen ist sicher auch ein Grund, warum der Schweizer Superstar der Weihnachtszeit alle Jahre wieder entgegenfiebert. \u201eIch bin ein absoluter Weihnachtsjunkie und kann es kaum abwarten.\u201c Und um uns die Wartezeit bis zu den Festtagen musikalisch zu vers\u00fc\u00dfen hat Francine Jordi in diesem Advent gleich 12 stimmungsvolle Weihnachtslieder im Gep\u00e4ck und zeigt schon beim Titelsong, wie sch\u00f6n Weihnachten klingen kann.<\/p>\n<p><span style=\"color: #800000;\"><strong>Quelle: Fiesta Records<\/strong><\/span><\/p>\n<p><span style=\"color: #800000;\"><strong>Dieser Song ist ab dem 08.11.2024 auf allen Download- und Streaming-Portalen erh\u00e4ltlich.\u00a0<\/strong><\/span><\/p>\n<p><span style=\"color: #800000;\"><strong>Airdate (f\u00fcr Radiosender): 01.11.2024<\/strong><\/span><\/p>\n","protected":false},"excerpt":{"rendered":"<p>Mit \u201eDieses St\u00fcckchen Weihnacht\u201c pr\u00e4sentiert Francine Jordi den beschwingt und fr\u00f6hlich anmutenden Album-Titeltrack aus ihrem neuen Weihnachtsalbum \u201eEin St\u00fcckchen Weihnacht &#8211; Mein Geschenk f\u00fcr dich\u201c. Basierend auf einer eigenen Idee hat Francine Jordi den Song gemeinsam mit den Hit-Songwritern Paul Falk, Daniel Sommer und Tobias Reitz geschrieben und auch gleich aufgenommen. Der Gedanke hinter dem Song besch\u00e4ftigt Francine schon l\u00e4nger. \u201eJedes Jahr kann man das aufs Neue beobachten &#8211; in der Weihnachtszeit halten die Menschen inne, gehen aufeinander zu, nehmen sich mehr als sonst in der Hektik des Alltags Zeit, um den Geschichten und Sorgen der anderen zu lauschen. Doch ab dem 26. Dezember ist&#8230;<\/p>\n","protected":false},"author":1,"featured_media":30204,"comment_status":"open","ping_status":"open","sticky":false,"template":"","format":"standard","meta":{"footnotes":""},"categories":[2],"tags":[715],"class_list":["post-30203","post","type-post","status-publish","format-standard","has-post-thumbnail","hentry","category-schlager","tag-francine-jordi","wpcat-2-id"],"_links":{"self":[{"href":"https:\/\/bergers-schlagerparadies.de\/index.php?rest_route=\/wp\/v2\/posts\/30203","targetHints":{"allow":["GET"]}}],"collection":[{"href":"https:\/\/bergers-schlagerparadies.de\/index.php?rest_route=\/wp\/v2\/posts"}],"about":[{"href":"https:\/\/bergers-schlagerparadies.de\/index.php?rest_route=\/wp\/v2\/types\/post"}],"author":[{"embeddable":true,"href":"https:\/\/bergers-schlagerparadies.de\/index.php?rest_route=\/wp\/v2\/users\/1"}],"replies":[{"embeddable":true,"href":"https:\/\/bergers-schlagerparadies.de\/index.php?rest_route=%2Fwp%2Fv2%2Fcomments&post=30203"}],"version-history":[{"count":1,"href":"https:\/\/bergers-schlagerparadies.de\/index.php?rest_route=\/wp\/v2\/posts\/30203\/revisions"}],"predecessor-version":[{"id":30205,"href":"https:\/\/bergers-schlagerparadies.de\/index.php?rest_route=\/wp\/v2\/posts\/30203\/revisions\/30205"}],"wp:featuredmedia":[{"embeddable":true,"href":"https:\/\/bergers-schlagerparadies.de\/index.php?rest_route=\/wp\/v2\/media\/30204"}],"wp:attachment":[{"href":"https:\/\/bergers-schlagerparadies.de\/index.php?rest_route=%2Fwp%2Fv2%2Fmedia&parent=30203"}],"wp:term":[{"taxonomy":"category","embeddable":true,"href":"https:\/\/bergers-schlagerparadies.de\/index.php?rest_route=%2Fwp%2Fv2%2Fcategories&post=30203"},{"taxonomy":"post_tag","embeddable":true,"href":"https:\/\/bergers-schlagerparadies.de\/index.php?rest_route=%2Fwp%2Fv2%2Ftags&post=30203"}],"curies":[{"name":"wp","href":"https:\/\/api.w.org\/{rel}","templated":true}]}}