{"id":30160,"date":"2024-10-31T20:57:45","date_gmt":"2024-10-31T19:57:45","guid":{"rendered":"https:\/\/bergers-schlagerparadies.de\/?p=30160"},"modified":"2024-10-31T20:57:45","modified_gmt":"2024-10-31T19:57:45","slug":"max-weyers-jeck-royal-%c2%b7-bergers-schlagerparadies","status":"publish","type":"post","link":"https:\/\/bergers-schlagerparadies.de\/?p=30160","title":{"rendered":"Max Weyers &#8211; Jeck &#038; Royal \u00b7 Berger\u00b4s Schlagerparadies"},"content":{"rendered":"<p><img loading=\"lazy\" decoding=\"async\" class=\"size-medium wp-image-30161 alignleft\" src=\"https:\/\/bergers-schlagerparadies.de\/wp-content\/uploads\/2024\/10\/Max-Weyers-Jeck-Royal-300x300.jpg\" alt=\"\" width=\"300\" height=\"300\" srcset=\"https:\/\/bergers-schlagerparadies.de\/wp-content\/uploads\/2024\/10\/Max-Weyers-Jeck-Royal-300x300.jpg 300w, https:\/\/bergers-schlagerparadies.de\/wp-content\/uploads\/2024\/10\/Max-Weyers-Jeck-Royal-1024x1024.jpg 1024w, https:\/\/bergers-schlagerparadies.de\/wp-content\/uploads\/2024\/10\/Max-Weyers-Jeck-Royal-150x150.jpg 150w, https:\/\/bergers-schlagerparadies.de\/wp-content\/uploads\/2024\/10\/Max-Weyers-Jeck-Royal-768x768.jpg 768w, https:\/\/bergers-schlagerparadies.de\/wp-content\/uploads\/2024\/10\/Max-Weyers-Jeck-Royal-1536x1536.jpg 1536w, https:\/\/bergers-schlagerparadies.de\/wp-content\/uploads\/2024\/10\/Max-Weyers-Jeck-Royal-2048x2048.jpg 2048w, https:\/\/bergers-schlagerparadies.de\/wp-content\/uploads\/2024\/10\/Max-Weyers-Jeck-Royal-1200x1200.jpg 1200w, https:\/\/bergers-schlagerparadies.de\/wp-content\/uploads\/2024\/10\/Max-Weyers-Jeck-Royal-1188x1188.jpg 1188w, https:\/\/bergers-schlagerparadies.de\/wp-content\/uploads\/2024\/10\/Max-Weyers-Jeck-Royal-100x100.jpg 100w\" sizes=\"auto, (max-width: 300px) 100vw, 300px\" \/>KG Regenbogen schunkelt zu \u201eJeck &amp; Royal\u201c<\/p>\n<p>Deutschlands gr\u00f6\u00dfer schwul-lesbischer Karnevalsverein pr\u00e4sentiert neuen Sessions-Song mit Ohrwurm-Garantie<\/p>\n<p>Der Countdown zur n\u00e4chsten Karnevalssession l\u00e4uft und die KG Regenbogen ver\u00f6ffentlicht bereits vor dem Startschuss am 11.11. ihren neuen Song \u201eJeck &amp; Royal\u201c. Das Lied stimmt ein auf die Jubil\u00e4umssession \u201e200 Jahre D\u00fcsseldorfer Karneval\u201c, in der D\u00fcsseldorfs gr\u00f6\u00dfte Karnevalsgesellschaft mit ihrem Pr\u00e4sidenten Andreas Mauska und mit Evelyn Werner zugleich das Prinzenpaar der Landeshauptstadt stellt.<\/p>\n<p>Dazu passend hei\u00dft es im Lied: \u201eMit unserm Prinzen vom Regenbogen feiern wir Jeck und Royal!\u201c Gesungen wird das Lied von Max Weyers, der als bekannter Fronts\u00e4nger der KG Regenbogen schon seit vielen Jahren im D\u00fcsseldorfer Karneval unterwegs ist. F\u00fcr den Verein hat er bereits die Song-Erfolge \u201eZirkuswelt\u201c, \u201eOl\u00e9 Ola\u201d und \u201eWir feiern das Leben\u201c aufgenommen.<\/p>\n<p>F\u00fcr die Komposition und den Text zeichnet Ruben M. Bensch verantwortlich, bis vor kurzem Mitglied des bekannten Schlagerpop-Trios \u201eZeitflug\u201d. Sein Werk f\u00fcr die KG Regenbogen nennt er eine \u201egro\u00dfe Ehre\u201d und \u201eHerzensnummer\u201d. Mitgewirkt am Chorsatz hat Andrea Figallo, Grammy-nominierter Bass-S\u00e4nger und bekannt unter anderem aus der A-Cappella Band \u201eWise Guys\u201d, der er von 2012 bis 2016 angeh\u00f6rte.<\/p>\n<p>Mit ihrer neuen Ver\u00f6ffentlichung hofft die KG Regenbogen, nach zahlreichen Erfolgen in der fast 25-j\u00e4hrigen Vereinsgeschichte einen weiteren Hit mit Ohrwurm-Garantie im rheinischen Karneval zu landen.<\/p>\n<p><span style=\"color: #800000;\"><strong>Quelle: Fiesta Records<\/strong><\/span><\/p>\n<p><span style=\"color: #800000;\"><strong>Dieser Song ist ab dem 01.11.2024 auf allen Download- und Streaming-Portalen erh\u00e4ltlich.\u00a0<\/strong><\/span><\/p>\n<p><span style=\"color: #800000;\"><strong>Airdate (f\u00fcr Radiosender): 31.10.2024<\/strong><\/span><\/p>\n","protected":false},"excerpt":{"rendered":"<p>KG Regenbogen schunkelt zu \u201eJeck &amp; Royal\u201c Deutschlands gr\u00f6\u00dfer schwul-lesbischer Karnevalsverein pr\u00e4sentiert neuen Sessions-Song mit Ohrwurm-Garantie Der Countdown zur n\u00e4chsten Karnevalssession l\u00e4uft und die KG Regenbogen ver\u00f6ffentlicht bereits vor dem Startschuss am 11.11. ihren neuen Song \u201eJeck &amp; Royal\u201c. Das Lied stimmt ein auf die Jubil\u00e4umssession \u201e200 Jahre D\u00fcsseldorfer Karneval\u201c, in der D\u00fcsseldorfs gr\u00f6\u00dfte Karnevalsgesellschaft mit ihrem Pr\u00e4sidenten Andreas Mauska und mit Evelyn Werner zugleich das Prinzenpaar der Landeshauptstadt stellt. Dazu passend hei\u00dft es im Lied: \u201eMit unserm Prinzen vom Regenbogen feiern wir Jeck und Royal!\u201c Gesungen wird das Lied von Max Weyers, der als bekannter Fronts\u00e4nger der KG Regenbogen schon seit vielen Jahren im&#8230;<\/p>\n","protected":false},"author":1,"featured_media":30161,"comment_status":"open","ping_status":"open","sticky":false,"template":"","format":"standard","meta":{"footnotes":""},"categories":[2],"tags":[3152],"class_list":["post-30160","post","type-post","status-publish","format-standard","has-post-thumbnail","hentry","category-schlager","tag-max-weyers","wpcat-2-id"],"_links":{"self":[{"href":"https:\/\/bergers-schlagerparadies.de\/index.php?rest_route=\/wp\/v2\/posts\/30160","targetHints":{"allow":["GET"]}}],"collection":[{"href":"https:\/\/bergers-schlagerparadies.de\/index.php?rest_route=\/wp\/v2\/posts"}],"about":[{"href":"https:\/\/bergers-schlagerparadies.de\/index.php?rest_route=\/wp\/v2\/types\/post"}],"author":[{"embeddable":true,"href":"https:\/\/bergers-schlagerparadies.de\/index.php?rest_route=\/wp\/v2\/users\/1"}],"replies":[{"embeddable":true,"href":"https:\/\/bergers-schlagerparadies.de\/index.php?rest_route=%2Fwp%2Fv2%2Fcomments&post=30160"}],"version-history":[{"count":1,"href":"https:\/\/bergers-schlagerparadies.de\/index.php?rest_route=\/wp\/v2\/posts\/30160\/revisions"}],"predecessor-version":[{"id":30162,"href":"https:\/\/bergers-schlagerparadies.de\/index.php?rest_route=\/wp\/v2\/posts\/30160\/revisions\/30162"}],"wp:featuredmedia":[{"embeddable":true,"href":"https:\/\/bergers-schlagerparadies.de\/index.php?rest_route=\/wp\/v2\/media\/30161"}],"wp:attachment":[{"href":"https:\/\/bergers-schlagerparadies.de\/index.php?rest_route=%2Fwp%2Fv2%2Fmedia&parent=30160"}],"wp:term":[{"taxonomy":"category","embeddable":true,"href":"https:\/\/bergers-schlagerparadies.de\/index.php?rest_route=%2Fwp%2Fv2%2Fcategories&post=30160"},{"taxonomy":"post_tag","embeddable":true,"href":"https:\/\/bergers-schlagerparadies.de\/index.php?rest_route=%2Fwp%2Fv2%2Ftags&post=30160"}],"curies":[{"name":"wp","href":"https:\/\/api.w.org\/{rel}","templated":true}]}}