{"id":29991,"date":"2024-10-28T10:30:59","date_gmt":"2024-10-28T09:30:59","guid":{"rendered":"https:\/\/bergers-schlagerparadies.de\/?p=29991"},"modified":"2024-10-25T15:33:38","modified_gmt":"2024-10-25T13:33:38","slug":"steffen-sturm-weihnachtszeit-%c2%b7-bergers-schlagerparadies","status":"publish","type":"post","link":"https:\/\/bergers-schlagerparadies.de\/?p=29991","title":{"rendered":"Steffen Sturm &#8211; Weihnachtszeit \u00b7 Berger\u00b4s Schlagerparadies"},"content":{"rendered":"<p><img loading=\"lazy\" decoding=\"async\" class=\"size-medium wp-image-29992 alignleft\" src=\"https:\/\/bergers-schlagerparadies.de\/wp-content\/uploads\/2024\/10\/Steffen-Sturm-Weihnachtszeit-300x300.jpeg\" alt=\"\" width=\"300\" height=\"300\" srcset=\"https:\/\/bergers-schlagerparadies.de\/wp-content\/uploads\/2024\/10\/Steffen-Sturm-Weihnachtszeit-300x300.jpeg 300w, https:\/\/bergers-schlagerparadies.de\/wp-content\/uploads\/2024\/10\/Steffen-Sturm-Weihnachtszeit-1024x1024.jpeg 1024w, https:\/\/bergers-schlagerparadies.de\/wp-content\/uploads\/2024\/10\/Steffen-Sturm-Weihnachtszeit-150x150.jpeg 150w, https:\/\/bergers-schlagerparadies.de\/wp-content\/uploads\/2024\/10\/Steffen-Sturm-Weihnachtszeit-768x768.jpeg 768w, https:\/\/bergers-schlagerparadies.de\/wp-content\/uploads\/2024\/10\/Steffen-Sturm-Weihnachtszeit-1200x1200.jpeg 1200w, https:\/\/bergers-schlagerparadies.de\/wp-content\/uploads\/2024\/10\/Steffen-Sturm-Weihnachtszeit-1188x1188.jpeg 1188w, https:\/\/bergers-schlagerparadies.de\/wp-content\/uploads\/2024\/10\/Steffen-Sturm-Weihnachtszeit-100x100.jpeg 100w, https:\/\/bergers-schlagerparadies.de\/wp-content\/uploads\/2024\/10\/Steffen-Sturm-Weihnachtszeit.jpeg 1500w\" sizes=\"auto, (max-width: 300px) 100vw, 300px\" \/>Mit seinem sehns\u00fcchtig erwarteten Deb\u00fctalbum STURMZEIT hat STEFFEN STURM, der in seiner langj\u00e4hrigen Karriere bereits als Schlagzeuger mit verschiedenen Bands Musikgr\u00f6\u00dfen wie Joe Cocker oder Herbert Gr\u00f6nemeyer als Support-Act begleitete, eine neue \u00c4ra eingel\u00e4utet. Denn der Musiker steht f\u00fcr Songs mit Tiefgang. F\u00fcr Melodien mit Wiedererkennungswert. Und Lyrics mit Empowerment. F\u00fcr die Weihnachtszeit schl\u00e4gt er jetzt aber ganz sanfte T\u00f6ne an, und m\u00f6chte diese besinnliche Zeit nutzen um die H\u00f6rer zum Entschleunigen zu bringen. Mit seinem Song \u201eWeihnachtszeit\u201c m\u00f6chte er sich auf das Wesentliche fokussieren und die einzigartige Atmosph\u00e4re dieser Zeit genie\u00dfen. In seinem ersten eigenen Weihnachts-Song erz\u00e4hlt er, wie er selbst die Weihnachtszeit empfindet, sowohl fr\u00fcher als kleiner Junge und heute als \u201eGro\u00dfer\u201c. Der sympathische S\u00e4nger begeisterte nicht nur die die Zuschauer von \u201eZDF Hallo Deutschland\u201c oder der \u201eSWR Landesschau\u201c , sondern auch die H\u00f6rer des SWR4 und Radio VHR, bei welchem er von Platz 1 der H\u00f6rerCharts gr\u00fc\u00dfte und eine Nominierung zum \u201eSong des Jahres\u201c erhielt.<\/p>\n<p><span style=\"color: #800000;\"><strong>Quelle: Herz7<\/strong><\/span><\/p>\n<p><span style=\"color: #800000;\"><strong>Dieser Song ist ab dem 01.11.2024 auf allen Download- und Streaming-Portalen erh\u00e4ltlich.\u00a0<\/strong><\/span><\/p>\n<p><span style=\"color: #800000;\"><strong>Airdate (f\u00fcr Radiosender): 01.11.2024<\/strong><\/span><\/p>\n<p>&nbsp;<\/p>\n","protected":false},"excerpt":{"rendered":"<p>Mit seinem sehns\u00fcchtig erwarteten Deb\u00fctalbum STURMZEIT hat STEFFEN STURM, der in seiner langj\u00e4hrigen Karriere bereits als Schlagzeuger mit verschiedenen Bands Musikgr\u00f6\u00dfen wie Joe Cocker oder Herbert Gr\u00f6nemeyer als Support-Act begleitete, eine neue \u00c4ra eingel\u00e4utet. Denn der Musiker steht f\u00fcr Songs mit Tiefgang. F\u00fcr Melodien mit Wiedererkennungswert. Und Lyrics mit Empowerment. F\u00fcr die Weihnachtszeit schl\u00e4gt er jetzt aber ganz sanfte T\u00f6ne an, und m\u00f6chte diese besinnliche Zeit nutzen um die H\u00f6rer zum Entschleunigen zu bringen. Mit seinem Song \u201eWeihnachtszeit\u201c m\u00f6chte er sich auf das Wesentliche fokussieren und die einzigartige Atmosph\u00e4re dieser Zeit genie\u00dfen. In seinem ersten eigenen Weihnachts-Song erz\u00e4hlt er, wie er selbst die Weihnachtszeit empfindet,&#8230;<\/p>\n","protected":false},"author":1,"featured_media":29992,"comment_status":"open","ping_status":"open","sticky":false,"template":"","format":"standard","meta":{"footnotes":""},"categories":[2],"tags":[1238],"class_list":["post-29991","post","type-post","status-publish","format-standard","has-post-thumbnail","hentry","category-schlager","tag-steffen-sturm","wpcat-2-id"],"_links":{"self":[{"href":"https:\/\/bergers-schlagerparadies.de\/index.php?rest_route=\/wp\/v2\/posts\/29991","targetHints":{"allow":["GET"]}}],"collection":[{"href":"https:\/\/bergers-schlagerparadies.de\/index.php?rest_route=\/wp\/v2\/posts"}],"about":[{"href":"https:\/\/bergers-schlagerparadies.de\/index.php?rest_route=\/wp\/v2\/types\/post"}],"author":[{"embeddable":true,"href":"https:\/\/bergers-schlagerparadies.de\/index.php?rest_route=\/wp\/v2\/users\/1"}],"replies":[{"embeddable":true,"href":"https:\/\/bergers-schlagerparadies.de\/index.php?rest_route=%2Fwp%2Fv2%2Fcomments&post=29991"}],"version-history":[{"count":2,"href":"https:\/\/bergers-schlagerparadies.de\/index.php?rest_route=\/wp\/v2\/posts\/29991\/revisions"}],"predecessor-version":[{"id":30035,"href":"https:\/\/bergers-schlagerparadies.de\/index.php?rest_route=\/wp\/v2\/posts\/29991\/revisions\/30035"}],"wp:featuredmedia":[{"embeddable":true,"href":"https:\/\/bergers-schlagerparadies.de\/index.php?rest_route=\/wp\/v2\/media\/29992"}],"wp:attachment":[{"href":"https:\/\/bergers-schlagerparadies.de\/index.php?rest_route=%2Fwp%2Fv2%2Fmedia&parent=29991"}],"wp:term":[{"taxonomy":"category","embeddable":true,"href":"https:\/\/bergers-schlagerparadies.de\/index.php?rest_route=%2Fwp%2Fv2%2Fcategories&post=29991"},{"taxonomy":"post_tag","embeddable":true,"href":"https:\/\/bergers-schlagerparadies.de\/index.php?rest_route=%2Fwp%2Fv2%2Ftags&post=29991"}],"curies":[{"name":"wp","href":"https:\/\/api.w.org\/{rel}","templated":true}]}}