{"id":29922,"date":"2024-10-24T20:37:56","date_gmt":"2024-10-24T18:37:56","guid":{"rendered":"https:\/\/bergers-schlagerparadies.de\/?p=29922"},"modified":"2024-10-24T20:37:56","modified_gmt":"2024-10-24T18:37:56","slug":"jens-dammann-frueher-war-da-mehr-lametta-%c2%b7-bergers-schlagerparadies","status":"publish","type":"post","link":"https:\/\/bergers-schlagerparadies.de\/?p=29922","title":{"rendered":"Jens Dammann &#8211; Fr\u00fcher war da mehr Lametta \u00b7 Berger\u00b4s Schlagerparadies"},"content":{"rendered":"<p><img loading=\"lazy\" decoding=\"async\" class=\"size-medium wp-image-29923 alignleft\" src=\"https:\/\/bergers-schlagerparadies.de\/wp-content\/uploads\/2024\/10\/Jens-Dammann-Frueher-war-da-mehr-Lametta-300x300.jpeg\" alt=\"\" width=\"300\" height=\"300\" srcset=\"https:\/\/bergers-schlagerparadies.de\/wp-content\/uploads\/2024\/10\/Jens-Dammann-Frueher-war-da-mehr-Lametta-300x300.jpeg 300w, https:\/\/bergers-schlagerparadies.de\/wp-content\/uploads\/2024\/10\/Jens-Dammann-Frueher-war-da-mehr-Lametta-1024x1024.jpeg 1024w, https:\/\/bergers-schlagerparadies.de\/wp-content\/uploads\/2024\/10\/Jens-Dammann-Frueher-war-da-mehr-Lametta-150x150.jpeg 150w, https:\/\/bergers-schlagerparadies.de\/wp-content\/uploads\/2024\/10\/Jens-Dammann-Frueher-war-da-mehr-Lametta-768x768.jpeg 768w, https:\/\/bergers-schlagerparadies.de\/wp-content\/uploads\/2024\/10\/Jens-Dammann-Frueher-war-da-mehr-Lametta-1188x1188.jpeg 1188w, https:\/\/bergers-schlagerparadies.de\/wp-content\/uploads\/2024\/10\/Jens-Dammann-Frueher-war-da-mehr-Lametta-100x100.jpeg 100w, https:\/\/bergers-schlagerparadies.de\/wp-content\/uploads\/2024\/10\/Jens-Dammann-Frueher-war-da-mehr-Lametta.jpeg 1200w\" sizes=\"auto, (max-width: 300px) 100vw, 300px\" \/>\u201eFr\u00fcher war da mehr Lametta\u201c<br \/>\nWenn das Laub von den B\u00e4umen f\u00e4llt, dann ist das vielleicht das erste Signal, dass sich das Jahr so langsam aber sicher seinem Ende n\u00e4hert. Sp\u00e4testens, wenn es drau\u00dfen ungem\u00fctlich wird, dann knistert es vielerorts in den Kaminen. Ab da ist es nicht mehr weit bis zur Adventszeit. Ruhe und Besinnlichkeit sollen einkehren. Und wenn das Fest immer n\u00e4her r\u00fcckt, dann w\u00e4chst die Vorfreude. Aber es werden auch Erinnerungen wach, Erinnerungen an die eigene Kindheit. Manch einer von uns stellt dann fest, dass sich in den letzten Jahrzehnten viel ver\u00e4ndert hat. Die Zeit ist schneller, lauter und vielleicht auch k\u00e4lter geworden. Und man merkt dann so ganz nebenbei: \u201eFr\u00fcher war da mehr Lametta\u201c<\/p>\n<p>\u201eFr\u00fcher war da mehr Lametta\u201c \u2013 wirklich?<br \/>\nAuf jeden Fall soll der H\u00f6rer sich einen Moment Zeit nehmen, kurz innehalten und bei einem hei\u00dfen Getr\u00e4nk gedankenversunken seine eigene Kindheit mal f\u00fcr einen Moment Revue passieren lassen. \u201eDiesen Augenblick der Erinnerung und R\u00fcckbesinnung muss sich jeder von uns einfach mal g\u00f6nnen\u201c, meinte Jens Dammann und f\u00fcgte hinzu, \u201edenn der Alltag im Hier und Heute hat uns viel zu schnell wieder fest im Griff.\u201c Country-Musiker Jens Dammann hat das offenbar f\u00fcr sich ebenfalls festgestellt und musikalisch umgesetzt. Entstanden ist so dieser Christmas-Song.<\/p>\n<p>\u201eFr\u00fcher war da mehr Lametta\u201c ist der zweite Weihnachts-Titel von Jens Dammann und reiht sich ein in eine ganze Palette deutschsprachiger Country-Songs, die allesamt textlich wie musikalisch aus der Feder des Ascherslebers stammen und deshalb durchweg auch autobiografische Z\u00fcge tragen.<\/p>\n<p><span style=\"color: #800000;\"><strong>Quelle: XENIA Records<\/strong><\/span><\/p>\n<p><span style=\"color: #800000;\"><strong>Dieser Song ist ab dem 24.10.2024 auf allen Download- und Streaming-Portalen erh\u00e4ltlich.\u00a0<\/strong><\/span><\/p>\n<p><span style=\"color: #800000;\"><strong>Airdate (f\u00fcr Radiosender): 24.10.2024<\/strong><\/span><\/p>\n","protected":false},"excerpt":{"rendered":"<p>\u201eFr\u00fcher war da mehr Lametta\u201c Wenn das Laub von den B\u00e4umen f\u00e4llt, dann ist das vielleicht das erste Signal, dass sich das Jahr so langsam aber sicher seinem Ende n\u00e4hert. Sp\u00e4testens, wenn es drau\u00dfen ungem\u00fctlich wird, dann knistert es vielerorts in den Kaminen. Ab da ist es nicht mehr weit bis zur Adventszeit. Ruhe und Besinnlichkeit sollen einkehren. Und wenn das Fest immer n\u00e4her r\u00fcckt, dann w\u00e4chst die Vorfreude. Aber es werden auch Erinnerungen wach, Erinnerungen an die eigene Kindheit. Manch einer von uns stellt dann fest, dass sich in den letzten Jahrzehnten viel ver\u00e4ndert hat. Die Zeit ist schneller, lauter und vielleicht auch k\u00e4lter&#8230;<\/p>\n","protected":false},"author":1,"featured_media":29923,"comment_status":"open","ping_status":"open","sticky":false,"template":"","format":"standard","meta":{"footnotes":""},"categories":[2],"tags":[3118],"class_list":["post-29922","post","type-post","status-publish","format-standard","has-post-thumbnail","hentry","category-schlager","tag-jens-dammann","wpcat-2-id"],"_links":{"self":[{"href":"https:\/\/bergers-schlagerparadies.de\/index.php?rest_route=\/wp\/v2\/posts\/29922","targetHints":{"allow":["GET"]}}],"collection":[{"href":"https:\/\/bergers-schlagerparadies.de\/index.php?rest_route=\/wp\/v2\/posts"}],"about":[{"href":"https:\/\/bergers-schlagerparadies.de\/index.php?rest_route=\/wp\/v2\/types\/post"}],"author":[{"embeddable":true,"href":"https:\/\/bergers-schlagerparadies.de\/index.php?rest_route=\/wp\/v2\/users\/1"}],"replies":[{"embeddable":true,"href":"https:\/\/bergers-schlagerparadies.de\/index.php?rest_route=%2Fwp%2Fv2%2Fcomments&post=29922"}],"version-history":[{"count":1,"href":"https:\/\/bergers-schlagerparadies.de\/index.php?rest_route=\/wp\/v2\/posts\/29922\/revisions"}],"predecessor-version":[{"id":29924,"href":"https:\/\/bergers-schlagerparadies.de\/index.php?rest_route=\/wp\/v2\/posts\/29922\/revisions\/29924"}],"wp:featuredmedia":[{"embeddable":true,"href":"https:\/\/bergers-schlagerparadies.de\/index.php?rest_route=\/wp\/v2\/media\/29923"}],"wp:attachment":[{"href":"https:\/\/bergers-schlagerparadies.de\/index.php?rest_route=%2Fwp%2Fv2%2Fmedia&parent=29922"}],"wp:term":[{"taxonomy":"category","embeddable":true,"href":"https:\/\/bergers-schlagerparadies.de\/index.php?rest_route=%2Fwp%2Fv2%2Fcategories&post=29922"},{"taxonomy":"post_tag","embeddable":true,"href":"https:\/\/bergers-schlagerparadies.de\/index.php?rest_route=%2Fwp%2Fv2%2Ftags&post=29922"}],"curies":[{"name":"wp","href":"https:\/\/api.w.org\/{rel}","templated":true}]}}