{"id":29819,"date":"2024-10-18T13:51:29","date_gmt":"2024-10-18T11:51:29","guid":{"rendered":"https:\/\/bergers-schlagerparadies.de\/?p=29819"},"modified":"2024-10-18T13:51:29","modified_gmt":"2024-10-18T11:51:29","slug":"melissa-naschenweng-wenn-i-den-teufel-brauch-%c2%b7-bergers-schlagerparadies","status":"publish","type":"post","link":"https:\/\/bergers-schlagerparadies.de\/?p=29819","title":{"rendered":"Melissa Naschenweng &#8211; Wenn I den Teufel brauch \u00b7 Berger\u00b4s Schlagerparadies"},"content":{"rendered":"<p><img loading=\"lazy\" decoding=\"async\" class=\"size-medium wp-image-29820 alignleft\" src=\"https:\/\/bergers-schlagerparadies.de\/wp-content\/uploads\/2024\/10\/Melissa-Naschenweng-Wenn-I-den-Teufel-brauch-300x300.jpeg\" alt=\"\" width=\"300\" height=\"300\" srcset=\"https:\/\/bergers-schlagerparadies.de\/wp-content\/uploads\/2024\/10\/Melissa-Naschenweng-Wenn-I-den-Teufel-brauch-300x300.jpeg 300w, https:\/\/bergers-schlagerparadies.de\/wp-content\/uploads\/2024\/10\/Melissa-Naschenweng-Wenn-I-den-Teufel-brauch-1024x1024.jpeg 1024w, https:\/\/bergers-schlagerparadies.de\/wp-content\/uploads\/2024\/10\/Melissa-Naschenweng-Wenn-I-den-Teufel-brauch-150x150.jpeg 150w, https:\/\/bergers-schlagerparadies.de\/wp-content\/uploads\/2024\/10\/Melissa-Naschenweng-Wenn-I-den-Teufel-brauch-768x768.jpeg 768w, https:\/\/bergers-schlagerparadies.de\/wp-content\/uploads\/2024\/10\/Melissa-Naschenweng-Wenn-I-den-Teufel-brauch-1188x1188.jpeg 1188w, https:\/\/bergers-schlagerparadies.de\/wp-content\/uploads\/2024\/10\/Melissa-Naschenweng-Wenn-I-den-Teufel-brauch-100x100.jpeg 100w, https:\/\/bergers-schlagerparadies.de\/wp-content\/uploads\/2024\/10\/Melissa-Naschenweng-Wenn-I-den-Teufel-brauch.jpeg 1200w\" sizes=\"auto, (max-width: 300px) 100vw, 300px\" \/>In ihrer \u00f6sterreichischen Heimat hat sich Melissa Naschenweng mit ihrem mitrei\u00dfenden Mix aus Pop, Rock, Schlager und volkst\u00fcmlichen Einfl\u00fcssen in Rekordzeit den Status als \u00d6sterreichs neuer Megastar erarbeitet. Mit dem Ohrwurm \u201eWenn I den Teufel brauch&#8220; ver\u00f6ffentlicht die sechsfache Amadeus Music Award-Preistr\u00e4gerin nun eine weitere Vorab-Single aus ihrem Anfang 2025 erscheinenden Album \u201eAlpenbarbie\u201c. Text &amp; Musik der neuen Single stammen von Schlagerstar und Freundin Maite Kelly + Team.<\/p>\n<p>&nbsp;<\/p>\n<p>&nbsp;<\/p>\n<p><span style=\"color: #800000;\"><strong>Quelle: SMA\/ Ariola<\/strong><\/span><\/p>\n<p><span style=\"color: #800000;\"><strong>Dieser Song ist ab dem 18.10.2024 auf allen Download- und Streaming-Portalen erh\u00e4ltlich.\u00a0<\/strong><\/span><\/p>\n<p><span style=\"color: #800000;\"><strong>Airdate (f\u00fcr Radiosender): 18.10.2024<\/strong><\/span><\/p>\n","protected":false},"excerpt":{"rendered":"<p>In ihrer \u00f6sterreichischen Heimat hat sich Melissa Naschenweng mit ihrem mitrei\u00dfenden Mix aus Pop, Rock, Schlager und volkst\u00fcmlichen Einfl\u00fcssen in Rekordzeit den Status als \u00d6sterreichs neuer Megastar erarbeitet. Mit dem Ohrwurm \u201eWenn I den Teufel brauch&#8220; ver\u00f6ffentlicht die sechsfache Amadeus Music Award-Preistr\u00e4gerin nun eine weitere Vorab-Single aus ihrem Anfang 2025 erscheinenden Album \u201eAlpenbarbie\u201c. Text &amp; Musik der neuen Single stammen von Schlagerstar und Freundin Maite Kelly + Team. &nbsp; &nbsp; Quelle: SMA\/ Ariola Dieser Song ist ab dem 18.10.2024 auf allen Download- und Streaming-Portalen erh\u00e4ltlich.\u00a0 Airdate (f\u00fcr Radiosender): 18.10.2024<\/p>\n","protected":false},"author":1,"featured_media":29820,"comment_status":"open","ping_status":"open","sticky":false,"template":"","format":"standard","meta":{"footnotes":""},"categories":[2],"tags":[262],"class_list":["post-29819","post","type-post","status-publish","format-standard","has-post-thumbnail","hentry","category-schlager","tag-melissa-naschenweng","wpcat-2-id"],"_links":{"self":[{"href":"https:\/\/bergers-schlagerparadies.de\/index.php?rest_route=\/wp\/v2\/posts\/29819","targetHints":{"allow":["GET"]}}],"collection":[{"href":"https:\/\/bergers-schlagerparadies.de\/index.php?rest_route=\/wp\/v2\/posts"}],"about":[{"href":"https:\/\/bergers-schlagerparadies.de\/index.php?rest_route=\/wp\/v2\/types\/post"}],"author":[{"embeddable":true,"href":"https:\/\/bergers-schlagerparadies.de\/index.php?rest_route=\/wp\/v2\/users\/1"}],"replies":[{"embeddable":true,"href":"https:\/\/bergers-schlagerparadies.de\/index.php?rest_route=%2Fwp%2Fv2%2Fcomments&post=29819"}],"version-history":[{"count":1,"href":"https:\/\/bergers-schlagerparadies.de\/index.php?rest_route=\/wp\/v2\/posts\/29819\/revisions"}],"predecessor-version":[{"id":29821,"href":"https:\/\/bergers-schlagerparadies.de\/index.php?rest_route=\/wp\/v2\/posts\/29819\/revisions\/29821"}],"wp:featuredmedia":[{"embeddable":true,"href":"https:\/\/bergers-schlagerparadies.de\/index.php?rest_route=\/wp\/v2\/media\/29820"}],"wp:attachment":[{"href":"https:\/\/bergers-schlagerparadies.de\/index.php?rest_route=%2Fwp%2Fv2%2Fmedia&parent=29819"}],"wp:term":[{"taxonomy":"category","embeddable":true,"href":"https:\/\/bergers-schlagerparadies.de\/index.php?rest_route=%2Fwp%2Fv2%2Fcategories&post=29819"},{"taxonomy":"post_tag","embeddable":true,"href":"https:\/\/bergers-schlagerparadies.de\/index.php?rest_route=%2Fwp%2Fv2%2Ftags&post=29819"}],"curies":[{"name":"wp","href":"https:\/\/api.w.org\/{rel}","templated":true}]}}