{"id":29813,"date":"2024-10-18T13:29:48","date_gmt":"2024-10-18T11:29:48","guid":{"rendered":"https:\/\/bergers-schlagerparadies.de\/?p=29813"},"modified":"2024-10-18T13:29:48","modified_gmt":"2024-10-18T11:29:48","slug":"maibritt-hasta-la-vista-%c2%b7-bergers-schlagerparadies-2","status":"publish","type":"post","link":"https:\/\/bergers-schlagerparadies.de\/?p=29813","title":{"rendered":"Maibritt &#8211; Hasta la Vista \u00b7 Berger\u00b4s Schlagerparadies"},"content":{"rendered":"<p><img loading=\"lazy\" decoding=\"async\" class=\"size-medium wp-image-29814 alignleft\" src=\"https:\/\/bergers-schlagerparadies.de\/wp-content\/uploads\/2024\/10\/Maibritt-Hasta-la-Vista-300x300.jpeg\" alt=\"\" width=\"300\" height=\"300\" srcset=\"https:\/\/bergers-schlagerparadies.de\/wp-content\/uploads\/2024\/10\/Maibritt-Hasta-la-Vista-300x300.jpeg 300w, https:\/\/bergers-schlagerparadies.de\/wp-content\/uploads\/2024\/10\/Maibritt-Hasta-la-Vista-1024x1024.jpeg 1024w, https:\/\/bergers-schlagerparadies.de\/wp-content\/uploads\/2024\/10\/Maibritt-Hasta-la-Vista-150x150.jpeg 150w, https:\/\/bergers-schlagerparadies.de\/wp-content\/uploads\/2024\/10\/Maibritt-Hasta-la-Vista-768x768.jpeg 768w, https:\/\/bergers-schlagerparadies.de\/wp-content\/uploads\/2024\/10\/Maibritt-Hasta-la-Vista-1536x1536.jpeg 1536w, https:\/\/bergers-schlagerparadies.de\/wp-content\/uploads\/2024\/10\/Maibritt-Hasta-la-Vista-2048x2048.jpeg 2048w, https:\/\/bergers-schlagerparadies.de\/wp-content\/uploads\/2024\/10\/Maibritt-Hasta-la-Vista-1200x1200.jpeg 1200w, https:\/\/bergers-schlagerparadies.de\/wp-content\/uploads\/2024\/10\/Maibritt-Hasta-la-Vista-1188x1188.jpeg 1188w, https:\/\/bergers-schlagerparadies.de\/wp-content\/uploads\/2024\/10\/Maibritt-Hasta-la-Vista-100x100.jpeg 100w\" sizes=\"auto, (max-width: 300px) 100vw, 300px\" \/>\u201eHasta la Vista, Baby\u201c \u2013 Maibritt bittet Arnie zum Duett!<\/p>\n<p>Maibritt hatte schon einmal ein schier unm\u00f6gliches Ziel erreicht: Sie gewann das von RTL begleitete Profi-Casting im Hamburger Volksparkstadion und unterschrieb mit 18 ihren ersten Auslands-Plattenvertrag. Auch jetzt, mit 21 Jahren, verfolgt die S\u00e4ngerin wiederum gro\u00dfe Pl\u00e4ne \u2013 diesmal geht es um ihre brandaktuelle Single \u201eHasta la Vista\u201c. Der Titel des Songs erinnert sofort an Arnold Schwarzeneggers Kultsatz \u201eHasta la Vista, Baby\u201c aus dem oscarpr\u00e4mierten Film \u201eTerminator 2\u201c und genau deshalb m\u00f6chte Maibritt die \u00f6sterreichische Schauspiellegende f\u00fcr ihre Musik gewinnen und bittet Arnie zum Duett.<\/p>\n<p>PLATZ 1 in den iTUNES-CHARTS (SCHLAGER)<br \/>\nPLATZ 2 in den iTUNES-CHARTS (ALLGEMEIN)<br \/>\nPLATZ 24 in der DDP SCHLAGER HOT 50<br \/>\nPLATZ 37 in den Top 100 Neuvorstellungen Mallorca Mega Charts<\/p>\n<p>TV-Premiere am 9.10.24 beim Gipfeltreffen-Talk im Folx-TV<br \/>\n5.10.2024 zu Gast &#8222;Wir sind Wiesn&#8220; in M\u00fcnchen TV live<br \/>\n25.10. 2024 im Cafe Puls live auf PULS 4-TV<\/p>\n<p>Un\u00fcbersehbare Berichtserstattung in der Presse<br \/>\n\u00dcber 21.000 Aufrufe auf YouTube<br \/>\n\u00dcber 25.000 Streams<\/p>\n<p><span style=\"color: #800000;\"><strong>Quelle: Gabriola Music<\/strong><\/span><\/p>\n<p><span style=\"color: #800000;\"><strong>Dieser Song ist ab dem 18.10.2024 auf allen Download- und Streaming-Portalen erh\u00e4ltlich.\u00a0<\/strong><\/span><\/p>\n<p><span style=\"color: #800000;\"><strong>Airdate (f\u00fcr Radiosender): 18.10.2024<\/strong><\/span><\/p>\n","protected":false},"excerpt":{"rendered":"<p>\u201eHasta la Vista, Baby\u201c \u2013 Maibritt bittet Arnie zum Duett! Maibritt hatte schon einmal ein schier unm\u00f6gliches Ziel erreicht: Sie gewann das von RTL begleitete Profi-Casting im Hamburger Volksparkstadion und unterschrieb mit 18 ihren ersten Auslands-Plattenvertrag. Auch jetzt, mit 21 Jahren, verfolgt die S\u00e4ngerin wiederum gro\u00dfe Pl\u00e4ne \u2013 diesmal geht es um ihre brandaktuelle Single \u201eHasta la Vista\u201c. Der Titel des Songs erinnert sofort an Arnold Schwarzeneggers Kultsatz \u201eHasta la Vista, Baby\u201c aus dem oscarpr\u00e4mierten Film \u201eTerminator 2\u201c und genau deshalb m\u00f6chte Maibritt die \u00f6sterreichische Schauspiellegende f\u00fcr ihre Musik gewinnen und bittet Arnie zum Duett. PLATZ 1 in den iTUNES-CHARTS (SCHLAGER) PLATZ 2 in den&#8230;<\/p>\n","protected":false},"author":1,"featured_media":29814,"comment_status":"open","ping_status":"open","sticky":false,"template":"","format":"standard","meta":{"footnotes":""},"categories":[2],"tags":[78],"class_list":["post-29813","post","type-post","status-publish","format-standard","has-post-thumbnail","hentry","category-schlager","tag-maibritt","wpcat-2-id"],"_links":{"self":[{"href":"https:\/\/bergers-schlagerparadies.de\/index.php?rest_route=\/wp\/v2\/posts\/29813","targetHints":{"allow":["GET"]}}],"collection":[{"href":"https:\/\/bergers-schlagerparadies.de\/index.php?rest_route=\/wp\/v2\/posts"}],"about":[{"href":"https:\/\/bergers-schlagerparadies.de\/index.php?rest_route=\/wp\/v2\/types\/post"}],"author":[{"embeddable":true,"href":"https:\/\/bergers-schlagerparadies.de\/index.php?rest_route=\/wp\/v2\/users\/1"}],"replies":[{"embeddable":true,"href":"https:\/\/bergers-schlagerparadies.de\/index.php?rest_route=%2Fwp%2Fv2%2Fcomments&post=29813"}],"version-history":[{"count":1,"href":"https:\/\/bergers-schlagerparadies.de\/index.php?rest_route=\/wp\/v2\/posts\/29813\/revisions"}],"predecessor-version":[{"id":29815,"href":"https:\/\/bergers-schlagerparadies.de\/index.php?rest_route=\/wp\/v2\/posts\/29813\/revisions\/29815"}],"wp:featuredmedia":[{"embeddable":true,"href":"https:\/\/bergers-schlagerparadies.de\/index.php?rest_route=\/wp\/v2\/media\/29814"}],"wp:attachment":[{"href":"https:\/\/bergers-schlagerparadies.de\/index.php?rest_route=%2Fwp%2Fv2%2Fmedia&parent=29813"}],"wp:term":[{"taxonomy":"category","embeddable":true,"href":"https:\/\/bergers-schlagerparadies.de\/index.php?rest_route=%2Fwp%2Fv2%2Fcategories&post=29813"},{"taxonomy":"post_tag","embeddable":true,"href":"https:\/\/bergers-schlagerparadies.de\/index.php?rest_route=%2Fwp%2Fv2%2Ftags&post=29813"}],"curies":[{"name":"wp","href":"https:\/\/api.w.org\/{rel}","templated":true}]}}