{"id":29601,"date":"2024-10-11T09:46:31","date_gmt":"2024-10-11T07:46:31","guid":{"rendered":"https:\/\/bergers-schlagerparadies.de\/?p=29601"},"modified":"2024-10-11T09:46:31","modified_gmt":"2024-10-11T07:46:31","slug":"duo-schlagerherz-das-ist-pures-glueck-%c2%b7-bergers-schlagerparadies","status":"publish","type":"post","link":"https:\/\/bergers-schlagerparadies.de\/?p=29601","title":{"rendered":"Duo Schlagerherz &#8211; Das ist pures Gl\u00fcck \u00b7 Berger\u00b4s Schlagerparadies"},"content":{"rendered":"<p><img loading=\"lazy\" decoding=\"async\" class=\"size-medium wp-image-29602 alignleft\" src=\"https:\/\/bergers-schlagerparadies.de\/wp-content\/uploads\/2024\/10\/Duo-Schlagerherz-Das-ist-pures-Glueck-300x300.jpeg\" alt=\"\" width=\"300\" height=\"300\" srcset=\"https:\/\/bergers-schlagerparadies.de\/wp-content\/uploads\/2024\/10\/Duo-Schlagerherz-Das-ist-pures-Glueck-300x300.jpeg 300w, https:\/\/bergers-schlagerparadies.de\/wp-content\/uploads\/2024\/10\/Duo-Schlagerherz-Das-ist-pures-Glueck-1024x1024.jpeg 1024w, https:\/\/bergers-schlagerparadies.de\/wp-content\/uploads\/2024\/10\/Duo-Schlagerherz-Das-ist-pures-Glueck-150x150.jpeg 150w, https:\/\/bergers-schlagerparadies.de\/wp-content\/uploads\/2024\/10\/Duo-Schlagerherz-Das-ist-pures-Glueck-768x768.jpeg 768w, https:\/\/bergers-schlagerparadies.de\/wp-content\/uploads\/2024\/10\/Duo-Schlagerherz-Das-ist-pures-Glueck-1188x1188.jpeg 1188w, https:\/\/bergers-schlagerparadies.de\/wp-content\/uploads\/2024\/10\/Duo-Schlagerherz-Das-ist-pures-Glueck-100x100.jpeg 100w, https:\/\/bergers-schlagerparadies.de\/wp-content\/uploads\/2024\/10\/Duo-Schlagerherz-Das-ist-pures-Glueck.jpeg 1200w\" sizes=\"auto, (max-width: 300px) 100vw, 300px\" \/>Mit ihrem neuen Titel \u201eDas ist pures Gl\u00fcck\u201c erz\u00e4hlt dasDUO SCHLAGERHERZ eine Geschichte aus dem eigenen Leben und dem vieler Eltern und Gro\u00dfeltern.Die Kinder wohnen weit weg und haben eine eigene Familie. Auch wenn regelm\u00e4\u00dfiger Kontakt per Telefon oder Skype besteht, fehlt doch die N\u00e4he. Daher ist es pures Gl\u00fcck, sich zu sehen, gemeinsame Zeit zu verbringen und mit den Enkelkindern zu spielen und zu toben.<\/p>\n<p>Dieses Thema hat das DUO SCHLAGERHERZ in seinem neuen Song umgesetzt. Daraus entstand ein sch\u00f6ner, modern arrangierter und gut tanzbarer Schlagersong.<\/p>\n<p>Nach wie vor stehen die beiden Musiker mit bekannten K\u00fcnstlern der Schlager- und Volksmusikszene auf der B\u00fchne und sorgen f\u00fcr Stimmung und gute Laune.<br \/>\nAuch als Texter und Komponisten sind sie aktiv und haben zu der Produktion \u201eDAS IST PURES GL\u00dcCK\u201c den Text geschrieben.<br \/>\nDie Musik und das Arrangement zum Song stammen von ihrem Produzenten Benjamin Zibret, in dessen Bellavista-Tonstudio (www.bellavista-music.de) auch die Aufnahme entstanden ist.<\/p>\n<p>Das Duo Schlagerherz hofft mit dem neuen Titel das Publikum wieder zu erreichen und an die Beliebtheit der vorherigen Songs anzukn\u00fcpfen.<\/p>\n<p>Das ist pures Gl\u00fcck ist ab dem 11.10.2024 auf allen Download- und -Streamingportalen erh\u00e4ltlich.<\/p>\n<p><span style=\"color: #800000;\"><strong>Quelle: Bella Vista Music<\/strong><\/span><\/p>\n<p><span style=\"color: #800000;\"><strong>Dieser Song ist ab dem 11.10.2024 auf allen Download- und Streaming-Portalen erh\u00e4ltlich.\u00a0<\/strong><\/span><\/p>\n<p><span style=\"color: #800000;\"><strong>Airdate (f\u00fcr Radiosender): 11.10.2024<\/strong><\/span><\/p>\n","protected":false},"excerpt":{"rendered":"<p>Mit ihrem neuen Titel \u201eDas ist pures Gl\u00fcck\u201c erz\u00e4hlt dasDUO SCHLAGERHERZ eine Geschichte aus dem eigenen Leben und dem vieler Eltern und Gro\u00dfeltern.Die Kinder wohnen weit weg und haben eine eigene Familie. Auch wenn regelm\u00e4\u00dfiger Kontakt per Telefon oder Skype besteht, fehlt doch die N\u00e4he. Daher ist es pures Gl\u00fcck, sich zu sehen, gemeinsame Zeit zu verbringen und mit den Enkelkindern zu spielen und zu toben. Dieses Thema hat das DUO SCHLAGERHERZ in seinem neuen Song umgesetzt. Daraus entstand ein sch\u00f6ner, modern arrangierter und gut tanzbarer Schlagersong. Nach wie vor stehen die beiden Musiker mit bekannten K\u00fcnstlern der Schlager- und Volksmusikszene auf der B\u00fchne und&#8230;<\/p>\n","protected":false},"author":1,"featured_media":29602,"comment_status":"open","ping_status":"open","sticky":false,"template":"","format":"standard","meta":{"footnotes":""},"categories":[2],"tags":[3086],"class_list":["post-29601","post","type-post","status-publish","format-standard","has-post-thumbnail","hentry","category-schlager","tag-duo-schlagerherz","wpcat-2-id"],"_links":{"self":[{"href":"https:\/\/bergers-schlagerparadies.de\/index.php?rest_route=\/wp\/v2\/posts\/29601","targetHints":{"allow":["GET"]}}],"collection":[{"href":"https:\/\/bergers-schlagerparadies.de\/index.php?rest_route=\/wp\/v2\/posts"}],"about":[{"href":"https:\/\/bergers-schlagerparadies.de\/index.php?rest_route=\/wp\/v2\/types\/post"}],"author":[{"embeddable":true,"href":"https:\/\/bergers-schlagerparadies.de\/index.php?rest_route=\/wp\/v2\/users\/1"}],"replies":[{"embeddable":true,"href":"https:\/\/bergers-schlagerparadies.de\/index.php?rest_route=%2Fwp%2Fv2%2Fcomments&post=29601"}],"version-history":[{"count":1,"href":"https:\/\/bergers-schlagerparadies.de\/index.php?rest_route=\/wp\/v2\/posts\/29601\/revisions"}],"predecessor-version":[{"id":29603,"href":"https:\/\/bergers-schlagerparadies.de\/index.php?rest_route=\/wp\/v2\/posts\/29601\/revisions\/29603"}],"wp:featuredmedia":[{"embeddable":true,"href":"https:\/\/bergers-schlagerparadies.de\/index.php?rest_route=\/wp\/v2\/media\/29602"}],"wp:attachment":[{"href":"https:\/\/bergers-schlagerparadies.de\/index.php?rest_route=%2Fwp%2Fv2%2Fmedia&parent=29601"}],"wp:term":[{"taxonomy":"category","embeddable":true,"href":"https:\/\/bergers-schlagerparadies.de\/index.php?rest_route=%2Fwp%2Fv2%2Fcategories&post=29601"},{"taxonomy":"post_tag","embeddable":true,"href":"https:\/\/bergers-schlagerparadies.de\/index.php?rest_route=%2Fwp%2Fv2%2Ftags&post=29601"}],"curies":[{"name":"wp","href":"https:\/\/api.w.org\/{rel}","templated":true}]}}